{"id":98566,"date":"2017-10-09T12:18:54","date_gmt":"2017-10-09T10:18:54","guid":{"rendered":"http:\/\/gazdasagportal.hu\/?p=98566"},"modified":"2017-10-09T12:18:54","modified_gmt":"2017-10-09T10:18:54","slug":"az-olasz-befogadotaborokat-kiutasitokozpontokka-alakitjak-at","status":"publish","type":"post","link":"https:\/\/gazdasagportal.hu\/index.php\/az-olasz-befogadotaborokat-kiutasitokozpontokka-alakitjak-at\/","title":{"rendered":"Az olasz befogad\u00f3t\u00e1borokat kiutas\u00edt\u00f3k\u00f6zpontokk\u00e1 alak\u00edtj\u00e1k \u00e1t"},"content":{"rendered":"<p><strong>Az Olaszorsz\u00e1gba \u00e9rkez\u0151 migr\u00e1ci\u00f3 ut\u00f3bbi h\u00f3napokban t\u00f6rt\u00e9nt m\u00f3dosul\u00e1sa miatt a t\u00f6bb ezer embert befogad\u00f3 olaszorsz\u00e1gi migr\u00e1nst\u00e1borokat &#8222;kiutas\u00edt\u00f3k\u00f6zpontokk\u00e1&#8221; alak\u00edtj\u00e1k az illeg\u00e1lis bev\u00e1ndorl\u00f3k elsz\u00e1ll\u00edt\u00e1s\u00e1nak felgyors\u00edt\u00e1s\u00e1ra &#8211; jelentette az olasz sajt\u00f3 h\u00e9tf\u0151n. <\/strong><!--more--><\/p>\n<div class=\"ads-in-post1\"><div id=\"gazdasagportal.hu_fullbanner_wideboard\"><\/div>\r\n<\/div>\n<p>    Az eddig Olaszorsz\u00e1gban m\u0171k\u00f6d\u0151, egyszerre ak\u00e1r t\u00f6bb mint ezer embert is befogad\u00f3 t\u00e1borokat bez\u00e1rj\u00e1k vagy \u00e1talak\u00edtj\u00e1k, helyett\u00fck t\u00f6bb kisebb kiutas\u00edt\u00f3k\u00f6zpontot (Cpr) nyitnak. A tervek szerint minden olasz tartom\u00e1nyban nyitnak egy ilyet, \u00e9s ezekben egyszerre legfeljebb 1200 szem\u00e9lyt helyeznek el.<br \/>\n    Az els\u0151 kiutas\u00edt\u00f3k\u00f6zpontot a d\u00e9l-olaszorsz\u00e1gi Bari v\u00e1ros\u00e1ban \u00e9s az \u00e9szakkelet-olaszorsz\u00e1gi Gradisca d&#8217;Isonz\u00f3ban nyitj\u00e1k meg &#8211; sajt\u00f3\u00e9rtes\u00fcl\u00e9sek szerint m\u00e1r november el\u0151tt. A k\u00f6vetkez\u0151 k\u00f6zpontokat a szard\u00edniai Macomerben, a pugliai Brindisiben, a lombardiai Montechiariban hozz\u00e1k l\u00e9tre.<br \/>\n    Az olasz \u00fajs\u00e1gok Marco Minniti olasz bel\u00fcgyminisztert id\u00e9zik, aki hangs\u00falyozta, hogy j\u00faliust\u00f3l kezdve jelent\u0151sen cs\u00f6kkent az It\u00e1li\u00e1ba \u00e9rkez\u0151k sz\u00e1ma. A l\u00edbiai partok, valamint a L\u00edbia \u00e9s Olaszorsz\u00e1g k\u00f6z\u00f6tti tengerszakasz szigor\u00edtott ellen\u0151rz\u00e9se majdnem teljesen megf\u00e9kezte a L\u00edbi\u00e1b\u00f3l kor\u00e1bban t\u00f6megesen indul\u00f3 migr\u00e1nscsoportokat. Ezzel egy id\u0151ben viszont feler\u0151s\u00f6d\u00f6tt az Alg\u00e9ri\u00e1b\u00f3l \u00e9s Tun\u00e9zi\u00e1b\u00f3l indul\u00f3k ar\u00e1nya. A migr\u00e1ci\u00f3s \u00fatvonal megv\u00e1ltoz\u00e1sa m\u00f3dos\u00edtotta az \u00e9rkez\u0151k \u00f6sszet\u00e9tel\u00e9t is: az Olaszorsz\u00e1gba \u00e9rkez\u0151k k\u00f6z\u00f6tt egyre t\u00f6bb a mened\u00e9kk\u00e9relemre nem jogosult, ez\u00e9rt illeg\u00e1lis bev\u00e1ndorl\u00f3nak sz\u00e1m\u00edt\u00f3 szem\u00e9ly. P\u00e9ld\u00e1ul a tun\u00e9ziaiak, akiket ahogy meg\u00e9rkeznek, az olasz hat\u00f3s\u00e1gok kiutas\u00edtj\u00e1k, de a visszatoloncol\u00e1sig nem tudj\u00e1k \u0151ket hol elhelyezni az olaszorsz\u00e1gi t\u00e1borok tel\u00edtetts\u00e9ge miatt.<br \/>\n     Teljesen bez\u00e1rj\u00e1k vagy \u00e1talak\u00edtj\u00e1k az eddig a szic\u00edliai Mine\u00f3ban, a calabriai Isola di Capo Rizzut\u00f3ban \u00e9s Croton\u00e9ban, a venet\u00f3i Con\u00e1ban \u00e9s a N\u00e1poly melletti Bagnoliban eddig m\u0171k\u00f6d\u0151 befogad\u00f3t\u00e1borokat. Mineo \u00e9s Isola di Capo Rizzuto t\u00e1bora Eur\u00f3pa legnagyobb migr\u00e1nst\u00e1borai voltak: az ut\u00f3bbi egy \u00e9vben az olasz \u00fcgy\u00e9szs\u00e9g mindk\u00e9t t\u00e1borr\u00f3l bebizony\u00edtotta, hogy a fenntart\u00e1sukra ford\u00edtott eur\u00f3pai uni\u00f3s \u00e9s olasz \u00e1llami forr\u00e1sok egy r\u00e9sz\u00e9t a helyi szervezett b\u0171n\u00f6z\u00e9s tette zsebre.<br \/>\n    A kiutas\u00edtand\u00f3 migr\u00e1nsok k\u00f6z\u00f6tt szerepelnek a Bangladesb\u0151l \u00e9rkezettek is: az \u00e9v eleje \u00f3ta Olaszorsz\u00e1gba \u00e9rkezett 106 ezer migr\u00e1nsb\u00f3l 9 ezer bangladesi volt.<br \/>\n    Ami a mened\u00e9kk\u00e9r\u0151ket illeti, Marco Minniti elmondta, hogy az \u0151 eset\u00fckben is a n\u00e9pes befogad\u00f3k\u00f6zpontok helyett a ter\u00fcleti eloszt\u00e1st akarj\u00e1k el\u0151nyben r\u00e9szes\u00edteni. Ha a mened\u00e9kk\u00e9r\u0151ket kis csoportokban helyezik el az olaszorsz\u00e1gi v\u00e1rosokban, ez az integr\u00e1ci\u00f3juknak kedvez &#8211; mondta az olasz bel\u00fcgyminiszter.<br \/>\n    Val\u00f3j\u00e1ban a kiutas\u00edt\u00f3t\u00e1borok l\u00e9trehoz\u00e1s\u00e1t az olasz bel\u00fcgyminiszter m\u00e1r tavasszal bejelentette, de megnyit\u00e1suk a ny\u00e1r eleji migr\u00e1ci\u00f3s \u00e1radat miatt megakadt. A mened\u00e9kk\u00e9r\u0151nek min\u0151s\u00edtettek sz\u00e9toszt\u00e1sa pedig m\u00e1r t\u00f6bbsz\u00f6r az \u00f6nkorm\u00e1nyzatok ellen\u00e1ll\u00e1s\u00e1ba \u00fctk\u00f6z\u00f6tt, a mintegy 8 ezer olaszorsz\u00e1gi \u00f6nkorm\u00e1nyzatb\u00f3l eddig kevesebb mint 3 ezer fogadott be mened\u00e9kk\u00e9r\u0151ket. (MTI)<\/p>\n","protected":false},"excerpt":{"rendered":"<p>Az Olaszorsz\u00e1gba \u00e9rkez\u0151 migr\u00e1ci\u00f3 ut\u00f3bbi h\u00f3napokban t\u00f6rt\u00e9nt m\u00f3dosul\u00e1sa miatt a t\u00f6bb ezer embert befogad\u00f3 olaszorsz\u00e1gi migr\u00e1nst\u00e1borokat &#8222;kiutas\u00edt\u00f3k\u00f6zpontokk\u00e1&#8221; alak\u00edtj\u00e1k az illeg\u00e1lis bev\u00e1ndorl\u00f3k elsz\u00e1ll\u00edt\u00e1s\u00e1nak felgyors\u00edt\u00e1s\u00e1ra &#8211; jelentette az olasz sajt\u00f3 h\u00e9tf\u0151n.<\/p>\n","protected":false},"author":1,"featured_media":0,"comment_status":"closed","ping_status":"open","sticky":false,"template":"","format":"standard","meta":[],"categories":[12],"tags":[],"_links":{"self":[{"href":"https:\/\/gazdasagportal.hu\/index.php\/wp-json\/wp\/v2\/posts\/98566"}],"collection":[{"href":"https:\/\/gazdasagportal.hu\/index.php\/wp-json\/wp\/v2\/posts"}],"about":[{"href":"https:\/\/gazdasagportal.hu\/index.php\/wp-json\/wp\/v2\/types\/post"}],"author":[{"embeddable":true,"href":"https:\/\/gazdasagportal.hu\/index.php\/wp-json\/wp\/v2\/users\/1"}],"replies":[{"embeddable":true,"href":"https:\/\/gazdasagportal.hu\/index.php\/wp-json\/wp\/v2\/comments?post=98566"}],"version-history":[{"count":1,"href":"https:\/\/gazdasagportal.hu\/index.php\/wp-json\/wp\/v2\/posts\/98566\/revisions"}],"predecessor-version":[{"id":98567,"href":"https:\/\/gazdasagportal.hu\/index.php\/wp-json\/wp\/v2\/posts\/98566\/revisions\/98567"}],"wp:attachment":[{"href":"https:\/\/gazdasagportal.hu\/index.php\/wp-json\/wp\/v2\/media?parent=98566"}],"wp:term":[{"taxonomy":"category","embeddable":true,"href":"https:\/\/gazdasagportal.hu\/index.php\/wp-json\/wp\/v2\/categories?post=98566"},{"taxonomy":"post_tag","embeddable":true,"href":"https:\/\/gazdasagportal.hu\/index.php\/wp-json\/wp\/v2\/tags?post=98566"}],"curies":[{"name":"wp","href":"https:\/\/api.w.org\/{rel}","templated":true}]}}