{"id":98564,"date":"2017-10-09T12:02:35","date_gmt":"2017-10-09T10:02:35","guid":{"rendered":"http:\/\/gazdasagportal.hu\/?p=98564"},"modified":"2017-10-09T12:02:35","modified_gmt":"2017-10-09T10:02:35","slug":"a-jegybanki-cel-alatt-alakulhat-az-inflacio-jovore-is","status":"publish","type":"post","link":"https:\/\/gazdasagportal.hu\/index.php\/a-jegybanki-cel-alatt-alakulhat-az-inflacio-jovore-is\/","title":{"rendered":"A jegybanki c\u00e9l alatt alakulhat az infl\u00e1ci\u00f3 j\u00f6v\u0151re is"},"content":{"rendered":"<p><strong>Az augusztusi adattal (2,6%) megegyez\u0151 szinten maradhatott szeptemberben is az infl\u00e1ci\u00f3. Dunai G\u00e1bor, az OTP elemz\u0151je szerint az infl\u00e1ci\u00f3 j\u00f6v\u0151 \u00e9vig maradhat a jegybanki c\u00e9l alatt, ami nagyon laza monet\u00e1ris politik\u00e1t eredm\u00e9nyezhet Magyarorsz\u00e1gon.<\/strong><!--more--><\/p>\n<div class=\"ads-in-post1\"><div id=\"gazdasagportal.hu_fullbanner_wideboard\"><\/div>\r\n<\/div>\n<p>Szinten maradhatott az \u00e9ves fogyaszt\u00f3i \u00e1rindex szeptemberben Magyarorsz\u00e1gon. Az \u00fczemanyagok, hat\u00f3s\u00e1gi \u00e1rak \u00e9s piaci szolg\u00e1ltat\u00e1sok eset\u00e9ben a megel\u0151z\u0151 havihoz hasonl\u00f3 \u00e1rindexre sz\u00e1m\u00edtunk, az \u00e9lelmiszerek k\u00f6z\u00f6tt a feldolgozott t\u00e9telekn\u00e9l gyorsulhatott, a feldolgozatlanokn\u00e1l lassulhatott az \u00e9ves \u00e1remelked\u00e9s temp\u00f3ja. Az iparcikkek eset\u00e9ben enyhe emelked\u00e9st jelz\u00fcnk el\u0151re, ugyanakkor az \u00e9ves index m\u00e9g \u00edgy is elmaradhatott az 1%-t\u00f3l (igaz, a tart\u00f3s iparcikkek \u00e9ves infl\u00e1ci\u00f3ja 2016 szeptembere \u00f3ta el\u0151sz\u00f6r lehetett pozit\u00edv).<\/p>\n<p>A 2,6%-os \u00e9rt\u00e9kkel egy id\u0151re tet\u0151zhetett a fogyaszt\u00f3i \u00e1rindex. B\u00e1zishat\u00e1sok mellett j\u00f6v\u0151re a tervezett \u00c1FA-cs\u00f6kkent\u00e9sek \u00e9s a doh\u00e1nyterm\u00e9kek j\u00f6ved\u00e9ki ad\u00f3ja emel\u00e9s\u00e9nek hat\u00e1sa elt\u0171n\u00e9se az indexb\u0151l is lefel\u00e9 tereli majd az infl\u00e1ci\u00f3t, mik\u00f6zben az eur\u00f3z\u00f3n\u00e1b\u00f3l tov\u00e1bbra sem import\u00e1lunk \u00e9rdemi \u00e1rnyom\u00e1st, \u00e9s a mez\u0151gazdas\u00e1gi \u00e1remelked\u00e9s is a kor\u00e1bban v\u00e1rtn\u00e1l m\u00e9rs\u00e9keltebben alakul. A parlamenti v\u00e1laszt\u00e1sok k\u00f6zeledt\u00e9vel a korm\u00e1nyzati int\u00e9zked\u00e9sek, ha lesznek, v\u00e9lhet\u0151en az infl\u00e1ci\u00f3 cs\u00f6kken\u00e9se ir\u00e1ny\u00e1ba hatnak majd. Ezen t\u00fal jelenleg \u00fagy l\u00e1tjuk, hogy dac\u00e1ra a k\u00e9tsz\u00e1mjegy\u0171 b\u00e9rdinamik\u00e1nak, a v\u00e1llalati szektor hat\u00e9konys\u00e1gn\u00f6vel\u00e9ssel \u00e9s a j\u00e1rul\u00e9kcs\u00f6kkent\u00e9sek seg\u00edts\u00e9g\u00e9vel k\u00e9pes lesz elker\u00fclni a hat\u00e1rozott \u00e1remel\u00e9seket. Az infl\u00e1ci\u00f3 m\u00e9g egy ideig nem lesz korl\u00e1tja az MNB nagyon laza monet\u00e1ris politik\u00e1j\u00e1nak.<\/p><div id=\"gazda-4197956543\" class=\"gazda-tartalomban gazda-entity-placement\"><script async src=\"https:\/\/pagead2.googlesyndication.com\/pagead\/js\/adsbygoogle.js\"><\/script>\r\n<ins class=\"adsbygoogle\"\r\n     style=\"display:block\"\r\n     data-ad-format=\"fluid\"\r\n     data-ad-layout-key=\"-6t+ed+2i-1n-4w\"\r\n     data-ad-client=\"ca-pub-1959107119989764\"\r\n     data-ad-slot=\"4008251320\"><\/ins>\r\n<script>\r\n     (adsbygoogle = window.adsbygoogle || []).push({});\r\n<\/script><\/div>\n<p><iframe loading=\"lazy\" width=\"509\" height=\"319\" src=\"http:\/\/gazdasagtv.hu\/iframe.php?id=11367\" style=\"border: none; overflow: hidden\" scrolling=\"no\"><\/iframe><br \/>Forr\u00e1s: <a href=\"http:\/\/gazdasagtv.hu\" style=\"color: #df1100; font-weight: bold; text-decoration: none;\" target=\"_blank\" rel=\"noopener\">Gazdas\u00e1gTV.hu<\/a><\/p>\n","protected":false},"excerpt":{"rendered":"<p>Az augusztusi adattal (2,6%) megegyez\u0151 szinten maradhatott szeptemberben is az infl\u00e1ci\u00f3. Dunai G\u00e1bor, az OTP elemz\u0151je szerint az infl\u00e1ci\u00f3 j\u00f6v\u0151 \u00e9vig maradhat a jegybanki c\u00e9l alatt, ami nagyon laza monet\u00e1ris politik\u00e1t eredm\u00e9nyezhet Magyarorsz\u00e1gon.<\/p>\n","protected":false},"author":1,"featured_media":0,"comment_status":"closed","ping_status":"open","sticky":false,"template":"","format":"standard","meta":[],"categories":[19],"tags":[],"_links":{"self":[{"href":"https:\/\/gazdasagportal.hu\/index.php\/wp-json\/wp\/v2\/posts\/98564"}],"collection":[{"href":"https:\/\/gazdasagportal.hu\/index.php\/wp-json\/wp\/v2\/posts"}],"about":[{"href":"https:\/\/gazdasagportal.hu\/index.php\/wp-json\/wp\/v2\/types\/post"}],"author":[{"embeddable":true,"href":"https:\/\/gazdasagportal.hu\/index.php\/wp-json\/wp\/v2\/users\/1"}],"replies":[{"embeddable":true,"href":"https:\/\/gazdasagportal.hu\/index.php\/wp-json\/wp\/v2\/comments?post=98564"}],"version-history":[{"count":1,"href":"https:\/\/gazdasagportal.hu\/index.php\/wp-json\/wp\/v2\/posts\/98564\/revisions"}],"predecessor-version":[{"id":98565,"href":"https:\/\/gazdasagportal.hu\/index.php\/wp-json\/wp\/v2\/posts\/98564\/revisions\/98565"}],"wp:attachment":[{"href":"https:\/\/gazdasagportal.hu\/index.php\/wp-json\/wp\/v2\/media?parent=98564"}],"wp:term":[{"taxonomy":"category","embeddable":true,"href":"https:\/\/gazdasagportal.hu\/index.php\/wp-json\/wp\/v2\/categories?post=98564"},{"taxonomy":"post_tag","embeddable":true,"href":"https:\/\/gazdasagportal.hu\/index.php\/wp-json\/wp\/v2\/tags?post=98564"}],"curies":[{"name":"wp","href":"https:\/\/api.w.org\/{rel}","templated":true}]}}