{"id":98562,"date":"2017-10-09T11:40:03","date_gmt":"2017-10-09T09:40:03","guid":{"rendered":"http:\/\/gazdasagportal.hu\/?p=98562"},"modified":"2017-10-09T11:40:03","modified_gmt":"2017-10-09T09:40:03","slug":"tallai-a-kormany-nem-mond-le-az-adocsokkentesrol-es-a-beremelesrol","status":"publish","type":"post","link":"https:\/\/gazdasagportal.hu\/index.php\/tallai-a-kormany-nem-mond-le-az-adocsokkentesrol-es-a-beremelesrol\/","title":{"rendered":"T\u00e1llai: a korm\u00e1ny nem mond le az ad\u00f3cs\u00f6kkent\u00e9sr\u0151l \u00e9s a b\u00e9remel\u00e9sr\u0151l"},"content":{"rendered":"<p>Az ad\u00f3k cs\u00f6kkent\u00e9s\u00e9r\u0151l \u00e9s a b\u00e9rek emel\u00e9s\u00e9r\u0151l a magyar korm\u00e1ny akkor sem mond le, ha Br\u00fcsszel az ad\u00f3csal\u00f3k p\u00e1rtj\u00e1ra \u00e1ll &#8211; sz\u00f6gezte le T\u00e1llai Andr\u00e1s, a Nemzetgazdas\u00e1gi Miniszt\u00e9rium (NGM) parlamenti \u00e9s ad\u00f3\u00fcgyek\u00e9rt felel\u0151s \u00e1llamtitk\u00e1ra, a Magyar Id\u0151knek.<!--more--><\/p>\n<div class=\"ads-in-post1\"><div id=\"gazdasagportal.hu_fullbanner_wideboard\"><\/div>\r\n<\/div>\n<p>    A lap h\u00e9tf\u0151i sz\u00e1m\u00e1ban T\u00e1llai Andr\u00e1s sz\u00f3lt arr\u00f3l, hogy az Eur\u00f3pai Bizotts\u00e1g a napokban elj\u00e1r\u00e1st ind\u00edtott Magyarorsz\u00e1g ellen egy feketegazdas\u00e1g elleni int\u00e9zked\u00e9s, az elektronikus k\u00f6z\u00fati \u00e1ruforgalom ellen\u0151rz\u0151 rendszer (ek\u00e1er) miatt.<br \/>\n    A Magyar Id\u0151k felid\u00e9zi, hogy k\u00e9t feketegazdas\u00e1g elleni magyar int\u00e9zked\u00e9s, az online p\u00e9nzt\u00e1rg\u00e9pek rendszere \u00e9s a k\u00f6z\u00fati \u00e1ruforgalom elektronikus ellen\u0151rz\u00e9se, az ek\u00e1er r\u00f6vid id\u0151 alatt 420 milli\u00e1rd forintot hozott a k\u00f6lts\u00e9gvet\u00e9snek. T\u00f6bb \u00e1gazatb\u00f3l elt\u0171ntek a csal\u00f3k, az eredm\u00e9nyeket pedig nemr\u00e9g az Eur\u00f3pai Bizotts\u00e1g k\u00fcl\u00f6n is kiemelte, dics\u00e9rte. Ehhez k\u00e9pest szinte bombak\u00e9nt robbant a h\u00edr a m\u00falt h\u00e9ten: Br\u00fcsszel k\u00f6telezetts\u00e9gszeg\u00e9si elj\u00e1r\u00e1st ind\u00edt Magyarorsz\u00e1g ellen az ek\u00e1er miatt &#8211; \u00edrja a Magyar Id\u0151k.<br \/>\n    T\u00e1llai Andr\u00e1s hangs\u00falyozta: a csal\u00e1sok visszaszor\u00edt\u00e1sa a magyar ad\u00f3politika egyik legfontosabb alkot\u00f3eleme. Egyebek mellett ez adott fedezetet azokra az ad\u00f3cs\u00f6kkent\u00e9sekre, amelyeket az elm\u00falt \u00e9vekben a korm\u00e1ny v\u00e9grehajtott.<br \/>\n    Hozz\u00e1tette: az ek\u00e1er megt\u00e1mad\u00e1s\u00e1val Br\u00fcsszel ezeket a l\u00e9p\u00e9seket vesz\u00e9lyezteti, \u00e9s lesz\u00f6gezte: az ad\u00f3politik\u00e1n, a b\u00e9remel\u00e9sek politik\u00e1j\u00e1n a korm\u00e1ny az Eur\u00f3pai Bizotts\u00e1g miatt sem fog v\u00e1ltoztatni.(MTI)<\/p>\n","protected":false},"excerpt":{"rendered":"<p>Az ad\u00f3k cs\u00f6kkent\u00e9s\u00e9r\u0151l \u00e9s a b\u00e9rek emel\u00e9s\u00e9r\u0151l a magyar korm\u00e1ny akkor sem mond le, ha Br\u00fcsszel az ad\u00f3csal\u00f3k p\u00e1rtj\u00e1ra \u00e1ll &#8211; sz\u00f6gezte le T\u00e1llai Andr\u00e1s, a Nemzetgazdas\u00e1gi Miniszt\u00e9rium (NGM) parlamenti \u00e9s ad\u00f3\u00fcgyek\u00e9rt felel\u0151s \u00e1llamtitk\u00e1ra, a Magyar Id\u0151knek.<\/p>\n","protected":false},"author":1,"featured_media":0,"comment_status":"closed","ping_status":"open","sticky":false,"template":"","format":"standard","meta":[],"categories":[20,19],"tags":[],"_links":{"self":[{"href":"https:\/\/gazdasagportal.hu\/index.php\/wp-json\/wp\/v2\/posts\/98562"}],"collection":[{"href":"https:\/\/gazdasagportal.hu\/index.php\/wp-json\/wp\/v2\/posts"}],"about":[{"href":"https:\/\/gazdasagportal.hu\/index.php\/wp-json\/wp\/v2\/types\/post"}],"author":[{"embeddable":true,"href":"https:\/\/gazdasagportal.hu\/index.php\/wp-json\/wp\/v2\/users\/1"}],"replies":[{"embeddable":true,"href":"https:\/\/gazdasagportal.hu\/index.php\/wp-json\/wp\/v2\/comments?post=98562"}],"version-history":[{"count":1,"href":"https:\/\/gazdasagportal.hu\/index.php\/wp-json\/wp\/v2\/posts\/98562\/revisions"}],"predecessor-version":[{"id":98563,"href":"https:\/\/gazdasagportal.hu\/index.php\/wp-json\/wp\/v2\/posts\/98562\/revisions\/98563"}],"wp:attachment":[{"href":"https:\/\/gazdasagportal.hu\/index.php\/wp-json\/wp\/v2\/media?parent=98562"}],"wp:term":[{"taxonomy":"category","embeddable":true,"href":"https:\/\/gazdasagportal.hu\/index.php\/wp-json\/wp\/v2\/categories?post=98562"},{"taxonomy":"post_tag","embeddable":true,"href":"https:\/\/gazdasagportal.hu\/index.php\/wp-json\/wp\/v2\/tags?post=98562"}],"curies":[{"name":"wp","href":"https:\/\/api.w.org\/{rel}","templated":true}]}}