{"id":98544,"date":"2017-10-09T06:54:18","date_gmt":"2017-10-09T04:54:18","guid":{"rendered":"http:\/\/gazdasagportal.hu\/?p=98544"},"modified":"2017-10-09T06:54:18","modified_gmt":"2017-10-09T04:54:18","slug":"a-heten-ismet-sok-napsutes-varhato","status":"publish","type":"post","link":"https:\/\/gazdasagportal.hu\/index.php\/a-heten-ismet-sok-napsutes-varhato\/","title":{"rendered":"A h\u00e9ten ism\u00e9t sok naps\u00fct\u00e9s v\u00e1rhat\u00f3"},"content":{"rendered":"<p><strong>A k\u00f6vetkez\u0151 napokban helyenk\u00e9nt lehet kisebb es\u0151, z\u00e1por, olykor er\u0151s sz\u00e9l, \u00e1m sok lesz a naps\u00fct\u00e9s is. A nappali maximumok jellemz\u0151en 15 Celsius-fok k\u00f6r\u00fcl alakulnak, de n\u00e9hol 20 fokn\u00e1l melegebb is lehet &#8211; der\u00fcl ki az Orsz\u00e1gos Meteorol\u00f3giai Szolg\u00e1lat orsz\u00e1gos, k\u00f6z\u00e9pt\u00e1v\u00fa el\u0151rejelz\u00e9s\u00e9b\u0151l, amelyet vas\u00e1rnap juttattak el az MTI-hez.<\/strong><!--more--><\/p>\n<div class=\"ads-in-post1\"><div id=\"gazdasagportal.hu_fullbanner_wideboard\"><\/div>\r\n<\/div>\n<p>    H\u00e9tf\u0151n sok naps\u00fct\u00e9s v\u00e1rhat\u00f3, m\u00edg a Dun\u00e1nt\u00falon k\u00f6zepesen, illetve er\u0151sen felh\u0151s id\u0151szakok is lesznek, ott helyenk\u00e9nt kisebb es\u0151, z\u00e1por is kialakulhat. Emellett t\u00f6bbfel\u00e9 meg\u00e9l\u00e9nk\u00fcl, a k\u00f6z\u00e9ps\u0151 \u00e9s \u00e9szaki orsz\u00e1gr\u00e9szben meg is er\u0151s\u00f6dik a sz\u00e9l. A leghidegebb \u00f3r\u00e1kban t\u00f6bbnyire 5-10 fok, de \u00e9szakkeleten, illetve a der\u00fclt, sz\u00e9lv\u00e9dett t\u00e1jakon 0 \u00e9s plusz 4 fok k\u00f6z\u00e9 is h\u0171lhet a leveg\u0151. A legmagasabb h\u0151m\u00e9rs\u00e9klet 12-16 fok k\u00f6z\u00f6tt alakul.<br \/>\n    Kedden elsz\u00f3rtan val\u00f3sz\u00edn\u0171 es\u0151, z\u00e1pores\u0151, de r\u00f6vid napos id\u0151szakok is lehetnek. F\u0151k\u00e9nt keleten er\u0151s\u00f6dhet meg a sz\u00e9l. A minimumh\u0151m\u00e9rs\u00e9klet 3-8, a maximumh\u0151m\u00e9rs\u00e9klet 13-18 fok k\u00f6z\u00f6tt val\u00f3sz\u00edn\u0171.<br \/>\n    Szerd\u00e1n is meger\u0151s\u00f6dik id\u0151nk\u00e9nt a sz\u00e9l, f\u0151k\u00e9nt \u00e9szakon \u00e9s keleten es\u0151, z\u00e1pores\u0151 is lehet. D\u00e9lnyugaton viszont t\u00f6bb \u00f3r\u00e1ra kis\u00fcthet a nap. A leghidegebb \u00f3r\u00e1kban 5-10 fok lehet. Napk\u00f6zben 14-20 fokig melegszik a leveg\u0151 (\u00e9szakkeleten lesz a h\u0171v\u00f6sebb).<br \/>\n    Cs\u00fct\u00f6rt\u00f6k\u00f6n \u00e9s p\u00e9nteken nem val\u00f3sz\u00edn\u0171 csapad\u00e9k, hosszabb-r\u00f6videbb id\u0151re a nap is kis\u00fct. Cs\u00fct\u00f6rt\u00f6k\u00f6n helyenk\u00e9nt, p\u00e9nteken t\u00f6bb helyen meger\u0151s\u00f6dhet a sz\u00e9l. A minimumh\u0151m\u00e9rs\u00e9klet cs\u00fct\u00f6rt\u00f6k\u00f6n 6-11, p\u00e9nteken 8-13 fok k\u00f6z\u00f6tt val\u00f3sz\u00edn\u0171. A nappali maximumok cs\u00fct\u00f6rt\u00f6k\u00f6n 16-22, p\u00e9nteken 15-20 fok k\u00f6z\u00f6tt alakulnak.<br \/>\n    Szombaton keleten v\u00e1ltoz\u00f3an felh\u0151s id\u0151 v\u00e1rhat\u00f3 r\u00f6videbb napos id\u0151szakokkal, a Dun\u00e1nt\u00falon t\u00f6bb \u00f3r\u00e1s naps\u00fct\u00e9sre is sz\u00e1m\u00edtani lehet. Csapad\u00e9k nem val\u00f3sz\u00edn\u0171, de t\u00f6bbfel\u00e9 er\u0151s lesz a sz\u00e9l. A leghidegebb \u00f3r\u00e1kban 6-11 fok lehet, napk\u00f6zben 14-19 fokig melegszik a leveg\u0151.<br \/>\n    Vas\u00e1rnap hajnalban p\u00e1r\u00e1s lesz a leveg\u0151, foltokban k\u00f6d k\u00e9pz\u0151dhet. Napk\u00f6zben viszont sok naps\u00fct\u00e9s v\u00e1rhat\u00f3 csapad\u00e9k n\u00e9lk\u00fcl. A minimumh\u0151m\u00e9rs\u00e9klet t\u00f6bbnyire 4-9 fok k\u00f6z\u00f6tt val\u00f3sz\u00edn\u0171, csak a fagyzugos t\u00e1jakon lesz n\u00e9h\u00e1ny fokkal hidegebb. Talaj menti fagy t\u00f6bb helyen is lehet. A nappali maximumok 14-19 fok k\u00f6z\u00f6tt alakulnak &#8211; olvashat\u00f3 az el\u0151rejelz\u00e9sben.(MTI)<\/p>\n","protected":false},"excerpt":{"rendered":"<p>A k\u00f6vetkez\u0151 napokban helyenk\u00e9nt lehet kisebb es\u0151, z\u00e1por, olykor er\u0151s sz\u00e9l, \u00e1m sok lesz a naps\u00fct\u00e9s is. A nappali maximumok jellemz\u0151en 15 Celsius-fok k\u00f6r\u00fcl alakulnak, de n\u00e9hol 20 fokn\u00e1l melegebb is lehet &#8211; der\u00fcl ki az Orsz\u00e1gos Meteorol\u00f3giai Szolg\u00e1lat orsz\u00e1gos, k\u00f6z\u00e9pt\u00e1v\u00fa el\u0151rejelz\u00e9s\u00e9b\u0151l, amelyet vas\u00e1rnap juttattak el az MTI-hez.<\/p>\n","protected":false},"author":1,"featured_media":0,"comment_status":"closed","ping_status":"open","sticky":false,"template":"","format":"standard","meta":[],"categories":[4],"tags":[],"_links":{"self":[{"href":"https:\/\/gazdasagportal.hu\/index.php\/wp-json\/wp\/v2\/posts\/98544"}],"collection":[{"href":"https:\/\/gazdasagportal.hu\/index.php\/wp-json\/wp\/v2\/posts"}],"about":[{"href":"https:\/\/gazdasagportal.hu\/index.php\/wp-json\/wp\/v2\/types\/post"}],"author":[{"embeddable":true,"href":"https:\/\/gazdasagportal.hu\/index.php\/wp-json\/wp\/v2\/users\/1"}],"replies":[{"embeddable":true,"href":"https:\/\/gazdasagportal.hu\/index.php\/wp-json\/wp\/v2\/comments?post=98544"}],"version-history":[{"count":1,"href":"https:\/\/gazdasagportal.hu\/index.php\/wp-json\/wp\/v2\/posts\/98544\/revisions"}],"predecessor-version":[{"id":98545,"href":"https:\/\/gazdasagportal.hu\/index.php\/wp-json\/wp\/v2\/posts\/98544\/revisions\/98545"}],"wp:attachment":[{"href":"https:\/\/gazdasagportal.hu\/index.php\/wp-json\/wp\/v2\/media?parent=98544"}],"wp:term":[{"taxonomy":"category","embeddable":true,"href":"https:\/\/gazdasagportal.hu\/index.php\/wp-json\/wp\/v2\/categories?post=98544"},{"taxonomy":"post_tag","embeddable":true,"href":"https:\/\/gazdasagportal.hu\/index.php\/wp-json\/wp\/v2\/tags?post=98544"}],"curies":[{"name":"wp","href":"https:\/\/api.w.org\/{rel}","templated":true}]}}