{"id":98527,"date":"2017-10-07T15:41:00","date_gmt":"2017-10-07T13:41:00","guid":{"rendered":"http:\/\/gazdasagportal.hu\/?p=98527"},"modified":"2017-10-07T15:41:00","modified_gmt":"2017-10-07T13:41:00","slug":"a-restart-up-szerint-kepzesekkel-kellene-segiteni-a-45-ev-feletti-allaskeresok-foglalkoztatasat","status":"publish","type":"post","link":"https:\/\/gazdasagportal.hu\/index.php\/a-restart-up-szerint-kepzesekkel-kellene-segiteni-a-45-ev-feletti-allaskeresok-foglalkoztatasat\/","title":{"rendered":"A Restart-Up szerint k\u00e9pz\u00e9sekkel kellene seg\u00edteni a 45 \u00e9v feletti \u00e1ll\u00e1skeres\u0151k foglalkoztat\u00e1s\u00e1t"},"content":{"rendered":"<p><strong>K\u00e9pz\u00e9sekkel kellene seg\u00edteni a 45 \u00e9v feletti \u00e1ll\u00e1skeres\u0151k munkaer\u0151piaci elhelyezked\u00e9s\u00e9t, hiszen ennek a koroszt\u00e1lynak a foglalkoztat\u00e1sa megold\u00e1st jelenthetne a munkaer\u0151hi\u00e1nyra is a Restart-Up k\u00f6z\u00f6ss\u00e9gi projekt szerint.<\/strong><!--more--><\/p>\n<div class=\"ads-in-post1\"><div id=\"gazdasagportal.hu_fullbanner_wideboard\"><\/div>\r\n<\/div>\n<p>    A  Restart-Up tavaly december \u00e9s febru\u00e1r k\u00f6z\u00f6tt a vel\u00fck kapcsolatban \u00e1ll\u00f3 nagyv\u00e1llalatok HR-vezet\u0151it, az id\u00e9n m\u00e1jusban pedig a szervezetn\u00e9l regisztr\u00e1lt 45 \u00e9v feletti, fels\u0151fok\u00fa v\u00e9gzetts\u00e9ggel rendelkez\u0151 \u00e1ll\u00e1skeres\u0151ket k\u00e9rdezte meg a k\u00f6z\u00e9pkor\u00faak foglalkoztat\u00e1si helyzet\u00e9r\u0151l, \u00e1ll\u00e1skeres\u00e9si tapasztalatair\u00f3l.<br \/>\n    A munkaad\u00f3i oldallal k\u00e9sz\u00edtett felm\u00e9r\u00e9s arra mutatott r\u00e1, hogy val\u00f3ban hajlamosak a nyugd\u00edjhoz k\u00f6zeli, de m\u00e1r 45-50 \u00e9ves jelentkez\u0151ket is kritikusan kezelni a v\u00e1llalati felv\u00e9teliztet\u0151k. Ugyanakkor t\u00f6bb mint 90 sz\u00e1zal\u00e9ka a HR-es v\u00e1laszad\u00f3knak \u00fagy nyilatkozott, hogy \u00f6r\u00f6mmel venne egy olyan kezdem\u00e9nyez\u00e9st, amely az id\u0151sebbek \u00e1ll\u00e1skeres\u00e9si neh\u00e9zs\u00e9geinek lek\u00fczd\u00e9s\u00e9ben seg\u00edt.<br \/>\n    A 45 \u00e9v felettiek h\u00e1tr\u00e1nyos megk\u00fcl\u00f6nb\u00f6ztet\u00e9s\u00e9t a HR-esek a v\u00e1llalat vezet\u00e9s\u00e9nek elv\u00e1r\u00e1saival, a gener\u00e1ci\u00f3s k\u00fcl\u00f6nbs\u00e9gekkel, illetve a koroszt\u00e1lyra jellemz\u0151 digit\u00e1lis lemarad\u00e1ssal indokolt\u00e1k.<br \/>\n    Peth\u0151 Anik\u00f3, a Restart-Up alap\u00edt\u00f3 tagja az MTI \u00e9rdekl\u0151d\u00e9s\u00e9re k\u00f6z\u00f6lte: a k\u00f6z\u00e9pkor\u00fa \u00e1ll\u00e1skeres\u0151k szerint munkaer\u0151piaci sikertelens\u00e9g\u00fck az \u00e9letkorukkal, a v\u00e9lt magas fizet\u00e9si elv\u00e1r\u00e1saikkal, felt\u00e9telezett szakmai lemarad\u00e1sukkal magyar\u00e1zhat\u00f3, valamint azzal, hogy nem tudj\u00e1k meg\u00e9rtetni magukat a fiatalabb HR-sekkel.<br \/>\n    Arr\u00f3l is besz\u00e1molt, hogy a felm\u00e9r\u00e9sek tapasztalatai alapj\u00e1n alkott\u00e1k meg a megold\u00e1si javaslatcsomagjukat, amelyben egyebek mellett szerepel a fiatal vezet\u0151k felk\u00e9sz\u00edt\u00e9se arra, hogyan dolgozzanak egy\u00fctt k\u00f6z\u00e9pkor\u00fa koll\u00e9g\u00e1ikkal, a c\u00e9gek seg\u00edt\u00e9se abban, hogyan sz\u00f3l\u00edts\u00e1k meg a k\u00f6z\u00e9pkor\u00fa \u00e1ll\u00e1skeres\u0151ket, \u00e9s motiv\u00e1ci\u00f3s eszk\u00f6z\u00f6ket is javasolnak az id\u0151sebb munkav\u00e1llal\u00f3 megtart\u00e1s\u00e1hoz.<br \/>\n    Sz\u00f3lt arr\u00f3l is, hogy a jelens\u00e9g nem magyar specialit\u00e1s, vil\u00e1gszinten is egyre t\u00f6bb figyelmet ford\u00edtanak r\u00e1. Ezt mutatja az is, hogy az ENSZ illet\u00e9kes szervezete, a Nemzetk\u00f6zi Munka\u00fcgyi Szervezet (ILO) okt\u00f3ber 7-\u00e9t jel\u00f6lte meg a Tisztess\u00e9ges Munka Vil\u00e1gnapj\u00e1nak, amikor egyebek mellett a n\u0151k \u00e9s a f\u00e9rfiak k\u00f6z\u00f6tti b\u00e9rk\u00fcl\u00f6nbs\u00e9gek lek\u00fczd\u00e9s\u00e9re, valamint a k\u00f6z\u00e9pkor\u00faak munk\u00e1ban marad\u00e1si \u00e9s \u00fajra elhelyezked\u00e9si kih\u00edv\u00e1saira h\u00edvj\u00e1k fel a figyelmet.<br \/>\n    A Restart-Up k\u00f6z\u00f6ss\u00e9gi program az\u00e9rt j\u00f6tt l\u00e9tre, hogy a 45 \u00e9v feletti akt\u00edv munkav\u00e1llal\u00f3 \u00e9rtelmis\u00e9giek \u00e1ll\u00e1skeres\u00e9s\u00e9t t\u00e1mogassa munkaer\u0151piac-specifikus ismeretekkel, kapcsolatrendszerrel \u00e9s fejleszt\u0151 programokkal. A program c\u00e9lja tov\u00e1bb\u00e1 a v\u00e1llalkoz\u00e1sok \u00e9s szervezetek sz\u00e1m\u00e1ra megold\u00e1st k\u00edn\u00e1lni a felmer\u00fcl\u0151 munkaer\u0151hi\u00e1ny hat\u00e9kony, tart\u00f3s \u00e9s megb\u00edzhat\u00f3 kezel\u00e9s\u00e9re &#8211; olvashat\u00f3 a restart-up.hu honlapon.<br \/>\n    A Restart-Up a munkaad\u00f3i sztereot\u00edpi\u00e1k lek\u00fczd\u00e9s\u00e9re, \u00e9s a munkav\u00e1llal\u00f3i oldal felk\u00e9sz\u00fclts\u00e9g\u00e9nek er\u0151s\u00edt\u00e9s\u00e9re t\u00f6rekszik, mert mik\u00f6zben a korm\u00e1ny c\u00e9lul t\u0171zte ki, hogy 2020-ig 5 sz\u00e1zal\u00e9kkal n\u00f6velje a k\u00f6z\u00e9p- \u00e9s id\u0151skor\u00faak foglalkoztatotts\u00e1g\u00e1t az \u00e1ll\u00e1skeres\u0151k azt tapasztalj\u00e1k, hogy nem lett k\u00f6nnyebb az id\u0151sekkel szembeni el\u0151\u00edt\u00e9letek lek\u00fczd\u00e9se az \u00e1ll\u00e1skeres\u00e9sben.(MTI)<\/p>\n","protected":false},"excerpt":{"rendered":"<p>K\u00e9pz\u00e9sekkel kellene seg\u00edteni a 45 \u00e9v feletti \u00e1ll\u00e1skeres\u0151k munkaer\u0151piaci elhelyezked\u00e9s\u00e9t, hiszen ennek a koroszt\u00e1lynak a foglalkoztat\u00e1sa megold\u00e1st jelenthetne a munkaer\u0151hi\u00e1nyra is a Restart-Up k\u00f6z\u00f6ss\u00e9gi projekt szerint.<\/p>\n","protected":false},"author":1,"featured_media":0,"comment_status":"closed","ping_status":"open","sticky":false,"template":"","format":"standard","meta":[],"categories":[19],"tags":[],"_links":{"self":[{"href":"https:\/\/gazdasagportal.hu\/index.php\/wp-json\/wp\/v2\/posts\/98527"}],"collection":[{"href":"https:\/\/gazdasagportal.hu\/index.php\/wp-json\/wp\/v2\/posts"}],"about":[{"href":"https:\/\/gazdasagportal.hu\/index.php\/wp-json\/wp\/v2\/types\/post"}],"author":[{"embeddable":true,"href":"https:\/\/gazdasagportal.hu\/index.php\/wp-json\/wp\/v2\/users\/1"}],"replies":[{"embeddable":true,"href":"https:\/\/gazdasagportal.hu\/index.php\/wp-json\/wp\/v2\/comments?post=98527"}],"version-history":[{"count":1,"href":"https:\/\/gazdasagportal.hu\/index.php\/wp-json\/wp\/v2\/posts\/98527\/revisions"}],"predecessor-version":[{"id":98528,"href":"https:\/\/gazdasagportal.hu\/index.php\/wp-json\/wp\/v2\/posts\/98527\/revisions\/98528"}],"wp:attachment":[{"href":"https:\/\/gazdasagportal.hu\/index.php\/wp-json\/wp\/v2\/media?parent=98527"}],"wp:term":[{"taxonomy":"category","embeddable":true,"href":"https:\/\/gazdasagportal.hu\/index.php\/wp-json\/wp\/v2\/categories?post=98527"},{"taxonomy":"post_tag","embeddable":true,"href":"https:\/\/gazdasagportal.hu\/index.php\/wp-json\/wp\/v2\/tags?post=98527"}],"curies":[{"name":"wp","href":"https:\/\/api.w.org\/{rel}","templated":true}]}}