{"id":98523,"date":"2017-10-07T11:08:41","date_gmt":"2017-10-07T09:08:41","guid":{"rendered":"http:\/\/gazdasagportal.hu\/?p=98523"},"modified":"2017-10-07T11:08:41","modified_gmt":"2017-10-07T09:08:41","slug":"beremelest-diplomas-minimalbert-es-csaladbarat-munkahelyeket-szorgalmaz-az-mkksz","status":"publish","type":"post","link":"https:\/\/gazdasagportal.hu\/index.php\/beremelest-diplomas-minimalbert-es-csaladbarat-munkahelyeket-szorgalmaz-az-mkksz\/","title":{"rendered":"B\u00e9remel\u00e9st, diplom\u00e1s minim\u00e1lb\u00e9rt \u00e9s csal\u00e1dbar\u00e1t munkahelyeket szorgalmaz az MKKSZ"},"content":{"rendered":"<p><strong>A k\u00f6zszolg\u00e1lati dolgoz\u00f3k b\u00e9r\u00e9nek emel\u00e9s\u00e9t, a diplom\u00e1s b\u00e9rminimum bevezet\u00e9s\u00e9t \u00e9s a k\u00f6zszf\u00e9r\u00e1ban is csal\u00e1dbar\u00e1t munkahelyek kialak\u00edt\u00e1s\u00e1t szorgalmazza a Magyar K\u00f6ztisztvisel\u0151k, K\u00f6zalkalmazottak \u00e9s K\u00f6zszolg\u00e1lati Dolgoz\u00f3k Szakszervezete (MKKSZ) &#8211; mondta az MKKSZ eln\u00f6ke szombaton Budapesten.<\/strong><!--more--><\/p>\n<div class=\"ads-in-post1\"><div id=\"gazdasagportal.hu_fullbanner_wideboard\"><\/div>\r\n<\/div>\n<p>    Boros P\u00e9tern\u00e9 a tisztes munka napja alkalm\u00e1b\u00f3l rendezett sajt\u00f3t\u00e1j\u00e9koztat\u00f3n kiemelte, azt szeretn\u00e9k, ha Magyarorsz\u00e1gon a legfontosabb \u00e9rt\u00e9kek k\u00f6z\u00f6tt lenne a tisztes munka, a tisztess\u00e9ges fizet\u00e9s \u00e9s a munkav\u00e1llal\u00f3k megbecs\u00fcl\u00e9se, mert a dolgoz\u00f3k n\u00e9lk\u00fcl nincs GDP-n\u00f6veked\u00e9s, nincs fejl\u0151d\u00e9s \u00e9s nincs gazdagod\u00e1s.<br \/>\n    Elmondta, a h\u00e9ten adt\u00e1k \u00e1t az Emberi Er\u0151forr\u00e1sok Miniszt\u00e9rium\u00e1nak (Emmi) Csal\u00e1dbar\u00e1t munkahely d\u00edjait. Ehhez kapcsol\u00f3dva az MKKSZ a j\u00f6v\u0151 h\u00e9ten felk\u00e9ri Nov\u00e1k Katalint, az Emmi csal\u00e1d-, ifj\u00fas\u00e1g- \u00e9s nemzetk\u00f6zi \u00fcgyek\u00e9rt felel\u0151s \u00e1llamtitk\u00e1r\u00e1t, hogy seg\u00edtse a csal\u00e1dbar\u00e1t szempontok kialak\u00edt\u00e1s\u00e1t a k\u00f6zszolg\u00e1lati munkahelyeken is.<br \/>\n    A szakszervezetnek is c\u00e9lja, hogy minden korm\u00e1nyhivatal  csal\u00e1dbar\u00e1t munkahely legyen &#8211; jelentette ki, megjegyezve, hogy a B\u00e9k\u00e9s megyei korm\u00e1nyhivatal f\u00f6ldhivatali oszt\u00e1ly\u00e1n t\u00f6bb mint 30 \u00e9vig m\u0171k\u00f6d\u00f6tt a rugalmas munkav\u00e9gz\u00e9s, azonban augusztusban ezt egyik pillanatr\u00f3l a m\u00e1sikra elt\u00f6r\u00f6lt\u00e9k.<br \/>\n    Sz\u00f3lt arr\u00f3l is, hogy b\u00e9remel\u00e9st k\u00e9rnek azon k\u00f6zszolg\u00e1lati alkalmazottaknak, akik a b\u00e9rint\u00e9zked\u00e9sekb\u0151l kimaradtak, \u00e9s az \u00e9letp\u00e1lyat\u00f6rv\u00e9nyek hat\u00e1lya al\u00e1 sem tartoznak. Nekik janu\u00e1r 1-j\u00e9ig visszamen\u0151leg b\u00e9rkieg\u00e9sz\u00edt\u00e9st, valamint h\u00e1rom \u00e9v alatt 50 sz\u00e1zal\u00e9kos b\u00e9remel\u00e9st k\u00f6vetelnek.<br \/>\n    Emellett javasolj\u00e1k a minim\u00e1lb\u00e9r \u00e9s garant\u00e1lt b\u00e9rminimum tervezettn\u00e9l magasabb emel\u00e9s\u00e9t \u00e9s a diplom\u00e1s b\u00e9rminimum bevezet\u00e9s\u00e9t. A minim\u00e1lb\u00e9rt j\u00f6v\u0151re 145 ezer forintban, a b\u00e9rminimumot 188 500 forintban, a diplom\u00e1s minim\u00e1lb\u00e9rt pedig 245 ezer forintban hat\u00e1rozn\u00e1k meg &#8211; k\u00f6z\u00f6lte Boros P\u00e9tern\u00e9.<br \/>\n    Hozz\u00e1tette, a b\u00e9rek tekintet\u00e9ben Magyarorsz\u00e1g a Visegr\u00e1di n\u00e9gyek k\u00f6z\u00f6tt sereghajt\u00f3, eur\u00f3pai szinten pedig utols\u00f3 el\u0151tti.<br \/>\n    A sajt\u00f3t\u00e1j\u00e9koztat\u00f3 ut\u00e1n kezd\u0151d\u00f6tt a Szakszervezetek Egy\u00fcttm\u0171k\u00f6d\u00e9si F\u00f3rum\u00e1nak A min\u0151s\u00e9gi k\u00f6zszolg\u00e1lat\u00e9rt c\u00edm\u0171 konferenci\u00e1ja, amelyen \u00e1ttekintik a min\u0151s\u00e9gi k\u00f6zszolg\u00e1ltat\u00e1s kialak\u00edt\u00e1s\u00e1hoz sz\u00fcks\u00e9ges legfontosabb jogi, gazdas\u00e1gi \u00e9s szervezeti l\u00e9p\u00e9seket.(mti)<\/p>\n","protected":false},"excerpt":{"rendered":"<p>A k\u00f6zszolg\u00e1lati dolgoz\u00f3k b\u00e9r\u00e9nek emel\u00e9s\u00e9t, a diplom\u00e1s b\u00e9rminimum bevezet\u00e9s\u00e9t \u00e9s a k\u00f6zszf\u00e9r\u00e1ban is csal\u00e1dbar\u00e1t munkahelyek kialak\u00edt\u00e1s\u00e1t szorgalmazza a Magyar K\u00f6ztisztvisel\u0151k, K\u00f6zalkalmazottak \u00e9s K\u00f6zszolg\u00e1lati Dolgoz\u00f3k Szakszervezete (MKKSZ) &#8211; mondta az MKKSZ eln\u00f6ke szombaton Budapesten.<\/p>\n","protected":false},"author":1,"featured_media":0,"comment_status":"closed","ping_status":"open","sticky":false,"template":"","format":"standard","meta":[],"categories":[19],"tags":[],"_links":{"self":[{"href":"https:\/\/gazdasagportal.hu\/index.php\/wp-json\/wp\/v2\/posts\/98523"}],"collection":[{"href":"https:\/\/gazdasagportal.hu\/index.php\/wp-json\/wp\/v2\/posts"}],"about":[{"href":"https:\/\/gazdasagportal.hu\/index.php\/wp-json\/wp\/v2\/types\/post"}],"author":[{"embeddable":true,"href":"https:\/\/gazdasagportal.hu\/index.php\/wp-json\/wp\/v2\/users\/1"}],"replies":[{"embeddable":true,"href":"https:\/\/gazdasagportal.hu\/index.php\/wp-json\/wp\/v2\/comments?post=98523"}],"version-history":[{"count":1,"href":"https:\/\/gazdasagportal.hu\/index.php\/wp-json\/wp\/v2\/posts\/98523\/revisions"}],"predecessor-version":[{"id":98524,"href":"https:\/\/gazdasagportal.hu\/index.php\/wp-json\/wp\/v2\/posts\/98523\/revisions\/98524"}],"wp:attachment":[{"href":"https:\/\/gazdasagportal.hu\/index.php\/wp-json\/wp\/v2\/media?parent=98523"}],"wp:term":[{"taxonomy":"category","embeddable":true,"href":"https:\/\/gazdasagportal.hu\/index.php\/wp-json\/wp\/v2\/categories?post=98523"},{"taxonomy":"post_tag","embeddable":true,"href":"https:\/\/gazdasagportal.hu\/index.php\/wp-json\/wp\/v2\/tags?post=98523"}],"curies":[{"name":"wp","href":"https:\/\/api.w.org\/{rel}","templated":true}]}}