{"id":98461,"date":"2017-10-05T13:20:34","date_gmt":"2017-10-05T11:20:34","guid":{"rendered":"http:\/\/gazdasagportal.hu\/?p=98461"},"modified":"2017-10-05T13:20:34","modified_gmt":"2017-10-05T11:20:34","slug":"harom-milliard-forintert-vasarol-uj-jarmuveket-a-szemereyplus-cegcsoport","status":"publish","type":"post","link":"https:\/\/gazdasagportal.hu\/index.php\/harom-milliard-forintert-vasarol-uj-jarmuveket-a-szemereyplus-cegcsoport\/","title":{"rendered":"H\u00e1rom milli\u00e1rd forint\u00e9rt v\u00e1s\u00e1rol \u00faj j\u00e1rm\u0171veket a Szemereyplus-c\u00e9gcsoport"},"content":{"rendered":"<p><strong>H\u00e1rom milli\u00e1rd forint \u00e9rt\u00e9kben 80 Mercedes \u00e9s 20 Iveco \u00faj nyerges vonat\u00f3t, illetve 60 Schmitz, valamint Krone t\u00edpus\u00fa p\u00f3tkocsi v\u00e1s\u00e1rol a Szemereyplus-c\u00e9gcsoport.<\/strong><!--more--><\/p>\n<div class=\"ads-in-post1\"><div id=\"gazdasagportal.hu_fullbanner_wideboard\"><\/div>\r\n<\/div>\n<p>    Szemerey L\u00f3r\u00e1nd, a bejegyz\u00e9s alatt \u00e1ll\u00f3 Szemereyplus Zrt. igazgat\u00f3tan\u00e1cs\u00e1nak eln\u00f6ke cs\u00fct\u00f6rt\u00f6k\u00f6n Budapesten sajt\u00f3t\u00e1j\u00e9koztat\u00f3n elmondta, a tavaly decemberben csal\u00e1di v\u00e1llalkoz\u00e1sk\u00e9nt alakult zrt. szerint a fuvaroz\u00f3i \u00e9s logisztikai piacon a versenyk\u00e9pes \u00e1ron ny\u00fajtott pr\u00e9mium szolg\u00e1ltat\u00e1s hi\u00e1nyzik, ez\u00e9rt a fels\u0151kateg\u00f3ri\u00e1s szegmensben l\u00e1tnak fejl\u0151d\u00e9si lehet\u0151s\u00e9get.<br \/>\n    Az eln\u00f6k k\u00f6z\u00f6lte, a beszerz\u00e9s finansz\u00edroz\u00e1s\u00e1ra versenyeztett\u00e9k a bankokat, v\u00e9g\u00fcl az UniCredit bankkal \u00e9s l\u00edzingc\u00e9g\u00e9vel k\u00f6t\u00f6tt\u00e9k meg a szerz\u0151d\u00e9st.<br \/>\n    Hozz\u00e1tette, azt tervezik, hogy a j\u00e1rm\u0171flott\u00e1t k\u00e9t-h\u00e1rom \u00e9vente cser\u00e9lik a leg\u00fajabb k\u00f6zleked\u00e9sfejleszt\u00e9seket tartalmaz\u00f3 j\u00e1rm\u0171vekre.<br \/>\n    Elmondta, a t\u00f6bbletszolg\u00e1ltat\u00e1s l\u00e9nyege, hogy a rakod\u00f3t\u00e9rben kamerarendszert m\u0171k\u00f6dtetnek, amin kereszt\u00fcl a megb\u00edz\u00f3 \u00e9s a c\u00e9g diszp\u00e9cserszolg\u00e1lata l\u00e1tja az \u00e1rurakod\u00e1st, illetve menetk\u00f6zben k\u00f6vetni tudja az \u00e1ru biztons\u00e1gos sz\u00e1ll\u00edt\u00e1s\u00e1t.<br \/>\n    Szemerey L\u00f3r\u00e1nd felid\u00e9zte, hogy 2017. szeptember elsej\u00e9n Magyarorsz\u00e1gon is elindult tesztjelleggel a k\u00f6zutakon a tengelys\u00faly-m\u00e9r\u00e9s, az \u00faj j\u00e1rm\u0171veket tengelys\u00faly-m\u00e9r\u0151vel egy\u00fctt v\u00e1s\u00e1rolt\u00e1k, a j\u00e1rm\u0171vezet\u0151 folyamatosan l\u00e1tja a rakom\u00e1ny s\u00faly\u00e1t, \u00edgy el tudj\u00e1k ker\u00fclni, hogy a megengedettn\u00e9l nehezebb legyen a kamion.<br \/>\n    A zrt. az id\u00e9n 2,5 milli\u00e1rd forint \u00e1rbev\u00e9tellel \u00e9s mintegy 230 milli\u00f3 forint eredm\u00e9nnyel sz\u00e1mol, a j\u00f6v\u0151 \u00e9v janu\u00e1rj\u00e1ig az \u00faj j\u00e1rm\u0171vek forgalomba \u00e1llnak, \u00e9s 2018-ban az \u00e1rbev\u00e9telt megdupl\u00e1zz\u00e1k. A mostani bev\u00e9tel 85 sz\u00e1zal\u00e9ka belf\u00f6ldi, 15 sz\u00e1zal\u00e9k nemzetk\u00f6zi \u00e1rufuvaroz\u00e1sb\u00f3l sz\u00e1rmazik &#8211; mondta az igazgat\u00f3tan\u00e1cs eln\u00f6ke.<br \/>\n(MTI)<\/p>\n","protected":false},"excerpt":{"rendered":"<p>H\u00e1rom milli\u00e1rd forint \u00e9rt\u00e9kben 80 Mercedes \u00e9s 20 Iveco \u00faj nyerges vonat\u00f3t, illetve 60 Schmitz, valamint Krone t\u00edpus\u00fa p\u00f3tkocsi v\u00e1s\u00e1rol a Szemereyplus-c\u00e9gcsoport.<\/p>\n","protected":false},"author":1,"featured_media":0,"comment_status":"closed","ping_status":"open","sticky":false,"template":"","format":"standard","meta":[],"categories":[19],"tags":[],"_links":{"self":[{"href":"https:\/\/gazdasagportal.hu\/index.php\/wp-json\/wp\/v2\/posts\/98461"}],"collection":[{"href":"https:\/\/gazdasagportal.hu\/index.php\/wp-json\/wp\/v2\/posts"}],"about":[{"href":"https:\/\/gazdasagportal.hu\/index.php\/wp-json\/wp\/v2\/types\/post"}],"author":[{"embeddable":true,"href":"https:\/\/gazdasagportal.hu\/index.php\/wp-json\/wp\/v2\/users\/1"}],"replies":[{"embeddable":true,"href":"https:\/\/gazdasagportal.hu\/index.php\/wp-json\/wp\/v2\/comments?post=98461"}],"version-history":[{"count":1,"href":"https:\/\/gazdasagportal.hu\/index.php\/wp-json\/wp\/v2\/posts\/98461\/revisions"}],"predecessor-version":[{"id":98462,"href":"https:\/\/gazdasagportal.hu\/index.php\/wp-json\/wp\/v2\/posts\/98461\/revisions\/98462"}],"wp:attachment":[{"href":"https:\/\/gazdasagportal.hu\/index.php\/wp-json\/wp\/v2\/media?parent=98461"}],"wp:term":[{"taxonomy":"category","embeddable":true,"href":"https:\/\/gazdasagportal.hu\/index.php\/wp-json\/wp\/v2\/categories?post=98461"},{"taxonomy":"post_tag","embeddable":true,"href":"https:\/\/gazdasagportal.hu\/index.php\/wp-json\/wp\/v2\/tags?post=98461"}],"curies":[{"name":"wp","href":"https:\/\/api.w.org\/{rel}","templated":true}]}}