{"id":98208,"date":"2017-09-28T12:19:52","date_gmt":"2017-09-28T10:19:52","guid":{"rendered":"http:\/\/gazdasagportal.hu\/?p=98208"},"modified":"2017-09-28T12:19:52","modified_gmt":"2017-09-28T10:19:52","slug":"a-financial-times-magyarorszagot-biralo-cikkeiben-nyilvanvalo-tenyekrol-feledkezik-meg","status":"publish","type":"post","link":"https:\/\/gazdasagportal.hu\/index.php\/a-financial-times-magyarorszagot-biralo-cikkeiben-nyilvanvalo-tenyekrol-feledkezik-meg\/","title":{"rendered":"A Financial Times Magyarorsz\u00e1got b\u00edr\u00e1l\u00f3 cikkeiben nyilv\u00e1nval\u00f3 t\u00e9nyekr\u0151l feledkezik meg"},"content":{"rendered":"<p><strong>A Financial Times Magyarorsz\u00e1got lej\u00e1ratni pr\u00f3b\u00e1l\u00f3 cikkeinek sorozat\u00e1ban \u00fagy fogalmaz meg kritikus v\u00e9lem\u00e9nyt, hogy nyilv\u00e1nval\u00f3 t\u00e9nyekr\u0151l feledkezik meg &#8211; \u00edrta Kov\u00e1cs Zolt\u00e1n korm\u00e1nysz\u00f3viv\u0151 a brit \u00fczleti napilapban cs\u00fct\u00f6rt\u00f6k\u00f6n megjelent olvas\u00f3i level\u00e9ben.<\/strong><!--more--><\/p>\n<div class=\"ads-in-post1\"><div id=\"gazdasagportal.hu_fullbanner_wideboard\"><\/div>\r\n<\/div>\n    Kov\u00e1cs Zolt\u00e1n eml\u00e9keztetett arra, hogy az \u00fajs\u00e1g legut\u00f3bbi cikke a koh\u00e9zi\u00f3s alapok felf\u00fcggeszt\u00e9s\u00e9t javasolta Br\u00fcsszelnek, azzal az indokkal, hogy Magyarorsz\u00e1g megs\u00e9rti a jog\u00e1llamis\u00e1g elv\u00e9t \u00e9s szembet\u0171n\u0151en elveti az Eur\u00f3pai Uni\u00f3 szab\u00e1lyait \u00e9s \u00e9rt\u00e9keit.<br \/>\n    Megeml\u00edtette: a napilap egy m\u00falt heti cikk\u00e9ben tagadta, hogy l\u00e9tezne Soros-terv, amely \u00e9vente egymilli\u00f3 bev\u00e1ndorl\u00f3t engedne az uni\u00f3 ter\u00fclet\u00e9re.<br \/>\n    A cikk szerz\u0151je, Gideon Rachman szerint ez egy &#8222;kital\u00e1lt r\u00e9mt\u00f6rt\u00e9net&#8221; &#8211; emelte ki.<br \/>\n    A korm\u00e1nysz\u00f3viv\u0151 azt \u00edrta: a napilap figyelmen k\u00edv\u00fcl hagyja azt a t\u00e9nyt, hogy az Eur\u00f3pai Bizotts\u00e1g tagjaival rendszeresen tal\u00e1lkoz\u00f3 Soros Gy\u00f6rgy maga publik\u00e1lta terveit, benne az eml\u00edtett javaslatokkal, az Eur\u00f3pai Bizotts\u00e1g pedig folytatja a migr\u00e1nsok tagorsz\u00e1gok k\u00f6z\u00f6tti eloszt\u00e1s\u00e1ra szolg\u00e1l\u00f3 kv\u00f3tarendszer kifejleszt\u00e9s\u00e9t.<br \/>\n    Kov\u00e1cs Zolt\u00e1n lesz\u00f6gezte: Orb\u00e1n Viktor korm\u00e1nya ellenzi az illeg\u00e1lis bev\u00e1ndorl\u00e1st, \u00e9s e t\u00f6rekv\u00e9s\u00e9nek sz\u00e9les k\u00f6r\u0171 t\u00e1rsadalmi t\u00e1mogat\u00e1sa is indokolja, hogy Magyarorsz\u00e1g elutas\u00edtja Soros Gy\u00f6rgy er\u0151fesz\u00edt\u00e9seit, amelyeket terv\u00e9nek megval\u00f3s\u00edt\u00e1s\u00e1ra tesz.<br \/>\n    A napilap \u00e1ll\u00edt\u00e1s\u00e1val szemben ez nem s\u00e9rti a jog\u00e1llamis\u00e1got &#8211; tette hozz\u00e1.<br \/>\n    A korm\u00e1nysz\u00f3viv\u0151 v\u00e9lem\u00e9nye szerint a brit lap \u00e9rvel\u00e9sei t\u00f6bb m\u00e1s ponton is s\u00e1nt\u00edtanak. A Financial Times \u00e1ll\u00edt\u00e1s\u00e1val szemben p\u00e9ld\u00e1ul nem minden Soros Gy\u00f6rgy ellen megfogalmazott b\u00edr\u00e1lat antiszemitizmus, amint azt nemr\u00e9giben Izrael magyarorsz\u00e1gi nagyk\u00f6vete is kimondta.<br \/>\n    A magyar korm\u00e1ny nem ind\u00edtott &#8222;jogi t\u00e1mad\u00e1st&#8221; a K\u00f6z\u00e9p-eur\u00f3pai Egyetem ellen, \u00e9s a nemkorm\u00e1nyzati szervezeteket sem r\u00e1galmazta meg, hanem megk\u00f6vetelte, hogy \u00e1tl\u00e1that\u00f3bban m\u0171k\u00f6djenek &#8211; hangs\u00falyozta Kov\u00e1cs Zolt\u00e1n.<br \/>\n    Arra is kit\u00e9rt: az Eur\u00f3pai Parlament deleg\u00e1ci\u00f3ja m\u00falt heti magyarorsz\u00e1gi l\u00e1togat\u00e1sa sor\u00e1n nem tal\u00e1lt semmi rendelleneset az Eur\u00f3pai Uni\u00f3 \u00e1ltal finansz\u00edrozott beruh\u00e1z\u00e1sok \u00e1tvizsg\u00e1l\u00e1sakor.     Hozz\u00e1tette, hogy rossz \u00f6tlet a koh\u00e9zi\u00f3s alapok visszatart\u00e1sa m\u00e1r csak az\u00e9rt is, mert az eur\u00f3pai ipar &#8222;nett\u00f3 haszon\u00e9lvez\u0151je&#8221; az \u00fcgyletnek, ahogyan azt G\u00fcnther Oettinger a k\u00f6lts\u00e9gvet\u00e9s\u00e9rt, az emberi er\u0151forr\u00e1sok\u00e9rt \u00e9s a digit\u00e1lis gazdas\u00e1g\u00e9rt felel\u0151s uni\u00f3s biztos is nemr\u00e9giben kifejtette.<br \/>\n    Magyarorsz\u00e1g szolidarit\u00e1st mutatott eur\u00f3pai uni\u00f3s sz\u00f6vets\u00e9geseivel az\u00e1ltal, hogy v\u00e9delmezi a k\u00f6z\u00f6s hat\u00e1rokat, \u00e9s betartja szerz\u0151d\u00e9ses k\u00f6telezetts\u00e9geit, \u00e9s mindemellett tartja mag\u00e1t a jog\u00e1llami szab\u00e1lyokhoz \u00e9s az eur\u00f3pai \u00e9rt\u00e9kekhez &#8211; h\u00fazta al\u00e1 a korm\u00e1nysz\u00f3viv\u0151.(MTI)<\/p>\n","protected":false},"excerpt":{"rendered":"<p>A Financial Times Magyarorsz\u00e1got lej\u00e1ratni pr\u00f3b\u00e1l\u00f3 cikkeinek sorozat\u00e1ban \u00fagy fogalmaz meg kritikus v\u00e9lem\u00e9nyt, hogy nyilv\u00e1nval\u00f3 t\u00e9nyekr\u0151l feledkezik meg &#8211; \u00edrta Kov\u00e1cs Zolt\u00e1n korm\u00e1nysz\u00f3viv\u0151 a brit \u00fczleti napilapban cs\u00fct\u00f6rt\u00f6k\u00f6n megjelent olvas\u00f3i level\u00e9ben.<\/p>\n","protected":false},"author":1,"featured_media":0,"comment_status":"closed","ping_status":"open","sticky":false,"template":"","format":"standard","meta":[],"categories":[4,19],"tags":[],"_links":{"self":[{"href":"https:\/\/gazdasagportal.hu\/index.php\/wp-json\/wp\/v2\/posts\/98208"}],"collection":[{"href":"https:\/\/gazdasagportal.hu\/index.php\/wp-json\/wp\/v2\/posts"}],"about":[{"href":"https:\/\/gazdasagportal.hu\/index.php\/wp-json\/wp\/v2\/types\/post"}],"author":[{"embeddable":true,"href":"https:\/\/gazdasagportal.hu\/index.php\/wp-json\/wp\/v2\/users\/1"}],"replies":[{"embeddable":true,"href":"https:\/\/gazdasagportal.hu\/index.php\/wp-json\/wp\/v2\/comments?post=98208"}],"version-history":[{"count":1,"href":"https:\/\/gazdasagportal.hu\/index.php\/wp-json\/wp\/v2\/posts\/98208\/revisions"}],"predecessor-version":[{"id":98209,"href":"https:\/\/gazdasagportal.hu\/index.php\/wp-json\/wp\/v2\/posts\/98208\/revisions\/98209"}],"wp:attachment":[{"href":"https:\/\/gazdasagportal.hu\/index.php\/wp-json\/wp\/v2\/media?parent=98208"}],"wp:term":[{"taxonomy":"category","embeddable":true,"href":"https:\/\/gazdasagportal.hu\/index.php\/wp-json\/wp\/v2\/categories?post=98208"},{"taxonomy":"post_tag","embeddable":true,"href":"https:\/\/gazdasagportal.hu\/index.php\/wp-json\/wp\/v2\/tags?post=98208"}],"curies":[{"name":"wp","href":"https:\/\/api.w.org\/{rel}","templated":true}]}}