{"id":98062,"date":"2017-09-25T08:22:22","date_gmt":"2017-09-25T06:22:22","guid":{"rendered":"http:\/\/gazdasagportal.hu\/?p=98062"},"modified":"2017-09-25T07:32:55","modified_gmt":"2017-09-25T05:32:55","slug":"jovore-hatekonyabban-tamogathatja-az-allam-a-munkavallalok-alberletet","status":"publish","type":"post","link":"https:\/\/gazdasagportal.hu\/index.php\/jovore-hatekonyabban-tamogathatja-az-allam-a-munkavallalok-alberletet\/","title":{"rendered":"J\u00f6v\u0151re hat\u00e9konyabban t\u00e1mogathatja az \u00e1llam a munkav\u00e1llal\u00f3k alb\u00e9rlet\u00e9t"},"content":{"rendered":"<p><strong>Az id\u00e9n \u00faj elemmel, a mobilit\u00e1si c\u00e9l\u00fa lakhat\u00e1si t\u00e1mogat\u00e1ssal b\u0151v\u00fclt az ad\u00f3mentesen ny\u00fajthat\u00f3 cafeteria-elemek k\u00f6re, de a t\u00fal szigor\u00fa felt\u00e9telek miatt 2017-ben orsz\u00e1gosan csup\u00e1n alig n\u00e9h\u00e1ny esetben vett\u00e9k azt ig\u00e9nybe &#8211; k\u00f6z\u00f6lte a BDO Magyarorsz\u00e1g az MTI-vel. <\/strong><!--more--><\/p>\n<div class=\"ads-in-post1\"><div id=\"gazdasagportal.hu_fullbanner_wideboard\"><\/div>\r\n<\/div>\n<p>    A c\u00e9g k\u00f6zlem\u00e9ny\u00e9ben eml\u00e9keztetnek, hogy mind a f\u0151v\u00e1rosban, mind a t\u00f6bbi nagyv\u00e1rosban megugrottak az alb\u00e9rlet\u00e1rak. Budapesten n\u00e9gy \u00e9v alatt k\u00e9tszeres\u00e9re emelkedtek, \u00e9s m\u00e1r a 3000 forintos szintet is megk\u00f6zel\u00edti a b\u00e9rlak\u00e1sok havi \u00e1tlagos n\u00e9gyzetm\u00e9ter\u00e1ra, de a gy\u0151ri, debreceni \u00e9s p\u00e9csi kiad\u00f3 ingatlanok n\u00e9gyzetm\u00e9ter\u00e9\u00e9rt is \u00e1tlagosan 1600 forint feletti \u00f6sszeget k\u00e9rnek el a tulajdonosok.<br \/>\n    A lakhat\u00e1si t\u00e1mogat\u00e1s idei felt\u00e9telei k\u00f6z\u00f6tt komoly megszor\u00edt\u00e1s volt, hogy csakis hat\u00e1rozatlan idej\u0171 szerz\u0151d\u00e9ssel lehetett ig\u00e9nybe venni &#8211; mutatott r\u00e1 Mak\u00e1r Andrea, a BDO Magyarorsz\u00e1g vezet\u0151 cafeteria tan\u00e1csad\u00f3ja. Hozz\u00e1tette: j\u00f6v\u0151re a juttat\u00e1s m\u00e1r v\u00e1rhat\u00f3an a hat\u00e1rozott idej\u0171 b\u00e9rleti szerz\u0151d\u00e9sek eset\u00e9n is j\u00e1rhat.<br \/>\n    A BDO k\u00f6zlem\u00e9ny\u00e9ben kit\u00e9rnek arra: a legnagyobb \u00f6sszeg az ig\u00e9nybev\u00e9tel els\u0151 k\u00e9t \u00e9v\u00e9ben j\u00e1r, ekkor az alkalmazottak a minim\u00e1lb\u00e9r 40 sz\u00e1zal\u00e9k\u00e1t kitev\u0151 t\u00e1mogat\u00e1shoz juthatnak ad\u00f3mentesen. Ez j\u00f6v\u0151re &#8211; amennyiben a jogszab\u00e1lyt az eddigi terveknek megfelel\u0151en hirdetik ki &#8211; a minim\u00e1lb\u00e9r 60 sz\u00e1zal\u00e9k\u00e1ra n\u0151het, ami a minim\u00e1lb\u00e9r v\u00e1rhat\u00f3 emelked\u00e9s\u00e9t is figyelembe v\u00e9ve j\u00f3val t\u00f6bb, mint m\u00e1sf\u00e9lszeres n\u00f6veked\u00e9st jelent. A harmadik \u00e9s a negyedik \u00e9vben a jelenlegi 25 helyett a minim\u00e1lb\u00e9r 40 sz\u00e1zal\u00e9ka lehet majd az el\u00e9rhet\u0151 t\u00e1mogat\u00e1s a v\u00e1ltoztat\u00e1st k\u00f6vet\u0151en.<br \/>\n    A felt\u00e9telek k\u00f6z\u00f6tt szerepel, hogy az \u00e1lland\u00f3 lakhely legal\u00e1bb 60 kilom\u00e9terre, vagy t\u00f6megk\u00f6zleked\u00e9si eszk\u00f6zzel oda-vissza legal\u00e1bb h\u00e1rom \u00f3r\u00e1ra legyen a munkahelyt\u0151l, \u00e9s ezen a k\u00f6r\u00f6n bel\u00fcl a munkav\u00e1llal\u00f3nak semmilyen lak\u00e1stulajdona, illetve haszon\u00e9lvezeti joga ne legyen. J\u00f6v\u0151re ez a felt\u00e9tel is enyh\u00fcl, \u00e9s imm\u00e1r csak a t\u00f6bbs\u00e9gi tulajdon lesz a kiz\u00e1r\u00f3 ok.<br \/>\n    Az a megszor\u00edt\u00e1s, hogy ugyanazon lak\u00e1s eset\u00e9ben, melyet t\u00f6bben is b\u00e9relnek, csak a b\u00e9rl\u0151k egyike \u00e9lhet a t\u00e1mogat\u00e1ssal, v\u00e1rhat\u00f3an j\u00f6v\u0151re is megmarad, abban az esetben is, ha esetleg a szob\u00e1kat k\u00fcl\u00f6n szerz\u0151d\u00e9s alapj\u00e1n veszik ki az alb\u00e9rl\u0151k. Ez val\u00f3di probl\u00e9ma, \u00e9letszer\u0171 helyzet ugyanis, hogy egy t\u00e1voli telep\u00fcl\u00e9sr\u0151l t\u00f6bben, \u00f6sszefogva k\u00f6lt\u00f6znek k\u00f6z\u00f6s munkahely\u00fck k\u00f6zel\u00e9be.<br \/>\n    A legnagyobb akad\u00e1ly az, hogy a b\u00e9rlak\u00e1spiac ad\u00f3z\u00e1s szempontj\u00e1b\u00f3l tov\u00e1bbra is sz\u00fcrke z\u00f3n\u00e1nak sz\u00e1m\u00edt, a f\u0151b\u00e9rl\u0151k t\u00f6bbs\u00e9ge nem ad bizonylatot a havid\u00edj megfizet\u00e9s\u00e9r\u0151l &#8211; h\u00edvja fel a figyelmet a BDO Magyarorsz\u00e1g szak\u00e9rt\u0151je. B\u00e1r a korm\u00e1ny azon int\u00e9zked\u00e9se, hogy 2018-t\u00f3l egys\u00e9gess\u00e9 \u00e9s \u00f6sszess\u00e9g\u00e9ben kedvez\u0151bb\u00e9 v\u00e1lik a lak\u00e1skiad\u00e1sb\u00f3l sz\u00e1rmaz\u00f3 j\u00f6vedelmek ad\u00f3z\u00e1sa, jav\u00edthat ezen a helyzeten, de egyel\u0151re nehezen becs\u00fclhet\u0151 meg, hogy ez a javul\u00e1s milyen gyors \u00e9s mekkora m\u00e9rt\u00e9k\u0171 lesz &#8211; f\u0171zte hozz\u00e1.<br \/>\n    A BDO Magyarorsz\u00e1g a BDO International magyarorsz\u00e1gi tagja, a BDO glob\u00e1lis szinten az \u00f6t\u00f6dik legnagyobb, a vil\u00e1g 158 orsz\u00e1g\u00e1ban, t\u00f6bb mint 1400 irod\u00e1val jelen l\u00e9v\u0151 k\u00f6nyvvizsg\u00e1l\u00f3 \u00e9s tan\u00e1csad\u00f3 h\u00e1l\u00f3zat. A BDO International csoport \u00e1rbev\u00e9tele a 2016 szeptember v\u00e9g\u00e9n z\u00e1rult, az el\u0151z\u0151 p\u00e9nz\u00fcgyi \u00e9vben el\u00e9rte a 7,6 milli\u00e1rd doll\u00e1rt.(MTI)<\/p>\n","protected":false},"excerpt":{"rendered":"<p>Az id\u00e9n \u00faj elemmel, a mobilit\u00e1si c\u00e9l\u00fa lakhat\u00e1si t\u00e1mogat\u00e1ssal b\u0151v\u00fclt az ad\u00f3mentesen ny\u00fajthat\u00f3 cafeteria-elemek k\u00f6re, de a t\u00fal szigor\u00fa felt\u00e9telek miatt 2017-ben orsz\u00e1gosan csup\u00e1n alig n\u00e9h\u00e1ny esetben vett\u00e9k azt ig\u00e9nybe &#8211; k\u00f6z\u00f6lte a BDO Magyarorsz\u00e1g az MTI-vel.<\/p>\n","protected":false},"author":1,"featured_media":0,"comment_status":"closed","ping_status":"open","sticky":false,"template":"","format":"standard","meta":[],"categories":[19],"tags":[],"_links":{"self":[{"href":"https:\/\/gazdasagportal.hu\/index.php\/wp-json\/wp\/v2\/posts\/98062"}],"collection":[{"href":"https:\/\/gazdasagportal.hu\/index.php\/wp-json\/wp\/v2\/posts"}],"about":[{"href":"https:\/\/gazdasagportal.hu\/index.php\/wp-json\/wp\/v2\/types\/post"}],"author":[{"embeddable":true,"href":"https:\/\/gazdasagportal.hu\/index.php\/wp-json\/wp\/v2\/users\/1"}],"replies":[{"embeddable":true,"href":"https:\/\/gazdasagportal.hu\/index.php\/wp-json\/wp\/v2\/comments?post=98062"}],"version-history":[{"count":1,"href":"https:\/\/gazdasagportal.hu\/index.php\/wp-json\/wp\/v2\/posts\/98062\/revisions"}],"predecessor-version":[{"id":98063,"href":"https:\/\/gazdasagportal.hu\/index.php\/wp-json\/wp\/v2\/posts\/98062\/revisions\/98063"}],"wp:attachment":[{"href":"https:\/\/gazdasagportal.hu\/index.php\/wp-json\/wp\/v2\/media?parent=98062"}],"wp:term":[{"taxonomy":"category","embeddable":true,"href":"https:\/\/gazdasagportal.hu\/index.php\/wp-json\/wp\/v2\/categories?post=98062"},{"taxonomy":"post_tag","embeddable":true,"href":"https:\/\/gazdasagportal.hu\/index.php\/wp-json\/wp\/v2\/tags?post=98062"}],"curies":[{"name":"wp","href":"https:\/\/api.w.org\/{rel}","templated":true}]}}