{"id":97783,"date":"2017-09-15T13:21:44","date_gmt":"2017-09-15T11:21:44","guid":{"rendered":"http:\/\/gazdasagportal.hu\/?p=97783"},"modified":"2017-09-15T13:21:44","modified_gmt":"2017-09-15T11:21:44","slug":"scotland-yard-terrorcselekmeny-tortent-a-londoni-metroban","status":"publish","type":"post","link":"https:\/\/gazdasagportal.hu\/index.php\/scotland-yard-terrorcselekmeny-tortent-a-londoni-metroban\/","title":{"rendered":"Scotland Yard: terrorcselekm\u00e9ny t\u00f6rt\u00e9nt a londoni metr\u00f3ban"},"content":{"rendered":"<p><strong>A Scotland Yard terrorcselekm\u00e9nynek min\u0151s\u00edtette a londoni metr\u00f3ban p\u00e9nteken t\u00f6rt\u00e9nt incidenst, amelynek az els\u0151 hivatalos jelent\u00e9sek szerint nincsenek s\u00falyosabb s\u00e9r\u00fcltjei.<\/strong><!--more--><\/p>\n<div class=\"ads-in-post1\"><div id=\"gazdasagportal.hu_fullbanner_wideboard\"><\/div>\r\n<\/div>\n<p>    A kelet-nyugati ir\u00e1nyban k\u00f6zleked\u0151 District Line metr\u00f3vonal d\u00e9lnyugati el\u00e1gaz\u00e1s\u00e1nak Parsons Green nev\u0171 felsz\u00edni \u00e1llom\u00e1s\u00e1n\u00e1l szemtan\u00fak besz\u00e1mol\u00f3i szerint kisebb robban\u00e1s t\u00f6rt\u00e9nt az egyik metr\u00f3szerelv\u00e9nyen a reggeli cs\u00facsforgalom idej\u00e9n.<br \/>\n    Mark Rowley, a Scotland Yard terrorellenes \u00fcgyoszt\u00e1ly\u00e1nak parancsnoka p\u00e9ntek d\u00e9lut\u00e1ni sajt\u00f3t\u00e1j\u00e9koztat\u00f3j\u00e1n k\u00f6z\u00f6lte: 18 embert sz\u00e1ll\u00edtottak k\u00f3rh\u00e1zba, t\u00f6bbs\u00e9g\u00fcket \u00e9g\u00e9si s\u00e9r\u00fcl\u00e9sekkel, de egyik\u00fck \u00e1llapota sem s\u00falyos.<br \/>\n    Rowley szerint h\u00e1zi k\u00e9sz\u00edt\u00e9s\u0171 szerkezet l\u00e9pett m\u0171k\u00f6d\u00e9sbe a metr\u00f3kocsiban. A Scotland Yard terrorelh\u00e1r\u00edt\u00f3 szolg\u00e1lat\u00e1nak vezet\u0151je nem v\u00e1laszolt \u00e9rdemben arra a k\u00e9rd\u00e9sre, hogy \u0151rizetbe vettek-e b\u00e1rkit az incidenssel \u00f6sszef\u00fcgg\u00e9sben.<br \/>\n    T\u00f6bben akkor szenvedtek k\u00f6nnyebb z\u00faz\u00f3d\u00e1sos, horzsol\u00e1sos s\u00e9r\u00fcl\u00e9seket, amikor a t\u00f6meg p\u00e1nikszer\u0171en igyekezett elhagyni a kis ter\u00fclet\u0171 \u00e1llom\u00e1st a sz\u0171k l\u00e9pcs\u0151k\u00f6n.<br \/>\n    Neil Basu, a Scotland Yard f\u0151parancsnok-helyettese \u00e9s orsz\u00e1gos terrorelh\u00e1r\u00edt\u00e1si tev\u00e9kenys\u00e9g\u00e9nek koordin\u00e1tora nem sokkal Rowley sajt\u00f3t\u00e1j\u00e9koztat\u00f3ja el\u0151tt terrorcselekm\u00e9nynek nyilv\u00e1n\u00edtotta a t\u00f6rt\u00e9nteket. Hivatalos k\u00f6zlem\u00e9ny\u00e9ben ugyanakkor nem robban\u00e1sr\u00f3l, hanem t\u0171zr\u0151l sz\u00f3lt, \u00e9s hangs\u00falyozta, hogy egyel\u0151re nem ismert a metr\u00f3szerelv\u00e9nyen t\u00e1madt t\u0171z oka.<br \/>\n    Basu nyilatkozata szerint az incidens vizsg\u00e1lat\u00e1t a Scotland Yard terrorellenes parancsnoks\u00e1ga vezeti.<br \/>\n    A m\u00e9di\u00e1ban megjelent egy fot\u00f3 egy zacsk\u00f3ba csomagolt, fest\u00e9kes v\u00f6d\u00f6rnek t\u0171n\u0151 feh\u00e9r m\u0171anyag v\u00f6d\u00f6rr\u0151l, amely a szerelv\u00e9ny egyik ajtaja mellett kisebb l\u00e1nggal \u00e9gett \u00e9s f\u00fcst\u00f6lt.<br \/>\n    Theresa May brit minisztereln\u00f6k p\u00e9ntek d\u00e9lut\u00e1nra \u00f6sszeh\u00edvta a brit korm\u00e1ny v\u00e1ls\u00e1ghelyzeti tan\u00e1cskoz\u00f3test\u00fclet\u00e9t (COBRA).<br \/>\n    Sadiq Khan, London polg\u00e1rmestere p\u00e9nteki nyilatkozat\u00e1ban lesz\u00f6gezte: London soha nem hagyja, hogy a terrorizmus megf\u00e9leml\u00edtse vagy t\u00e9rdre k\u00e9nyszer\u00edtse. Khan k\u00f6z\u00f6lte, hogy \u0151 is r\u00e9szt vesz a COBRA \u00fcl\u00e9s\u00e9n.<br \/>\n    A District Line szolg\u00e1lja ki a tenisztorn\u00e1ir\u00f3l h\u00edres Wimbledon v\u00e1rosr\u00e9szt is. Az incidens Wimbledont\u00f3l n\u00e9gy meg\u00e1ll\u00f3nyira, a belv\u00e1ros fel\u00e9 vezet\u0151 vonalon t\u00f6rt\u00e9nt a reggeli cs\u00facsforgalomban.<br \/>\n    A District metr\u00f3vonalat egyel\u0151re lez\u00e1rt\u00e1k a wimbledoni v\u00e9g\u00e1llom\u00e1s, illetve a vonal legnagyobb csom\u00f3pontja, a t\u00f6bb m\u00e1s metr\u00f3vonalat \u00e9s el\u00e1gaz\u00e1st is kiszolg\u00e1l\u00f3 Earl&#8217;s Court \u00e1llom\u00e1s k\u00f6z\u00f6tt.<br \/>\n    A 400 kilom\u00e9teres, tizenk\u00e9t f\u0151vonalb\u00f3l \u00e9s sz\u00e1mtalan el\u00e1gaz\u00e1sb\u00f3l \u00e1ll\u00f3 londoni metr\u00f3h\u00e1l\u00f3zat t\u00f6bbi vonal\u00e1n p\u00e9nteken zavartalan volt a forgalom.<br \/>\n    Legut\u00f3bb 2005. j\u00falius 7-\u00e9n t\u00f6rt\u00e9nt s\u00falyos terrorcselekm\u00e9ny a londoni metr\u00f3ban: akkor h\u00e1rom \u00f6ngyilkos mer\u00e9nyl\u0151 h\u00e1rom metr\u00f3szerelv\u00e9nyt. Negyedik t\u00e1rsuk egy londoni v\u00e1rosi buszt robbantott fel. Abban a mer\u00e9nyletsorozatban 52-en meghaltak, a s\u00e9r\u00fcltek sz\u00e1ma meghaladta a h\u00e9tsz\u00e1zat. A 2005-\u00f6s mer\u00e9nylet ut\u00e1n a teljes londoni metr\u00f3h\u00e1l\u00f3zatot azonnal lez\u00e1rt\u00e1k.<br \/>\n    A p\u00e9nteki incidens m\u00e1rcius v\u00e9ge \u00f3ta az \u00f6t\u00f6dik terrorcselekm\u00e9ny Nagy-Britanni\u00e1ban.<br \/>\n    M\u00e1rcius 22-\u00e9n egy mag\u00e1nyos t\u00e1mad\u00f3 b\u00e9relt j\u00e1rm\u0171v\u00e9vel nagy sebess\u00e9ggel a gyalogosok k\u00f6z\u00e9 hajtott a londoni parlament mellett \u00edvel\u0151 Westminster h\u00edd zs\u00fafolt j\u00e1rd\u00e1j\u00e1n, ezut\u00e1n kisz\u00e1llt, \u00e9s megk\u00e9selte a parlament bej\u00e1rat\u00e1t \u0151rz\u0151 rend\u0151r\u00f6k egyik\u00e9t, aki \u00e9let\u00e9t vesztette. Ennek a mer\u00e9nyletnek a meggyilkolt rend\u0151rrel egy\u00fctt \u00f6t hal\u00e1los \u00e1ldozata volt. A parlament fegyveres \u0151rs\u00e9ge a t\u00e1mad\u00f3t agyonl\u0151tte.<br \/>\n    M\u00e1jusban egy manchesteri popkoncert helysz\u00edn\u00e9n \u00f6ngyilkos mer\u00e9nyl\u0151 pokolg\u00e9pet robbantott, 22 embert, k\u00f6zt\u00fck h\u00e9t gyermeket meg\u00f6lve.<br \/>\n    J\u00fanius elej\u00e9n h\u00e1rom terrorista egy furgonnal a London h\u00edd j\u00e1rd\u00e1j\u00e1ra hajtott fel, ahol gyalogosokat g\u00e1zolt el, majd a k\u00f6zeli piac, a Borough Market k\u00f6rny\u00e9k\u00e9n sok embert megk\u00e9selt. Ebben a t\u00e1mad\u00e1sban heten \u00e9let\u00fcket vesztett\u00e9k, 48-an megs\u00e9r\u00fcltek. A ki\u00e9rkez\u0151 fegyveres rend\u0151ri egys\u00e9g a h\u00e1rom mer\u00e9nyl\u0151t az els\u0151 bejelent\u00e9st\u0151l sz\u00e1m\u00edtott nyolc percen bel\u00fcl agyonl\u0151tte.<br \/>\n    N\u00e9h\u00e1ny nappal k\u00e9s\u0151bb egy angol f\u00e9rfi furgonj\u00e1val az \u00e9szak-londoni Finsbury Park mecsetj\u00e9nek tagjai k\u00f6z\u00e9 hajtott. A mer\u00e9nyletben egy ember meghalt, kilenc s\u00e9r\u00fcltet k\u00f3rh\u00e1zba vittek.<br \/>\n    Nagy-Britanni\u00e1ban jelenleg a m\u00e1sodik legmagasabb szint\u0171 terrork\u00e9sz\u00fclts\u00e9g van \u00e9rv\u00e9nyben.(MTI)<\/p>\n","protected":false},"excerpt":{"rendered":"<p>A Scotland Yard terrorcselekm\u00e9nynek min\u0151s\u00edtette a londoni metr\u00f3ban p\u00e9nteken t\u00f6rt\u00e9nt incidenst, amelynek az els\u0151 hivatalos jelent\u00e9sek szerint nincsenek s\u00falyosabb s\u00e9r\u00fcltjei.<\/p>\n","protected":false},"author":1,"featured_media":0,"comment_status":"closed","ping_status":"open","sticky":false,"template":"","format":"standard","meta":[],"categories":[12],"tags":[],"_links":{"self":[{"href":"https:\/\/gazdasagportal.hu\/index.php\/wp-json\/wp\/v2\/posts\/97783"}],"collection":[{"href":"https:\/\/gazdasagportal.hu\/index.php\/wp-json\/wp\/v2\/posts"}],"about":[{"href":"https:\/\/gazdasagportal.hu\/index.php\/wp-json\/wp\/v2\/types\/post"}],"author":[{"embeddable":true,"href":"https:\/\/gazdasagportal.hu\/index.php\/wp-json\/wp\/v2\/users\/1"}],"replies":[{"embeddable":true,"href":"https:\/\/gazdasagportal.hu\/index.php\/wp-json\/wp\/v2\/comments?post=97783"}],"version-history":[{"count":1,"href":"https:\/\/gazdasagportal.hu\/index.php\/wp-json\/wp\/v2\/posts\/97783\/revisions"}],"predecessor-version":[{"id":97784,"href":"https:\/\/gazdasagportal.hu\/index.php\/wp-json\/wp\/v2\/posts\/97783\/revisions\/97784"}],"wp:attachment":[{"href":"https:\/\/gazdasagportal.hu\/index.php\/wp-json\/wp\/v2\/media?parent=97783"}],"wp:term":[{"taxonomy":"category","embeddable":true,"href":"https:\/\/gazdasagportal.hu\/index.php\/wp-json\/wp\/v2\/categories?post=97783"},{"taxonomy":"post_tag","embeddable":true,"href":"https:\/\/gazdasagportal.hu\/index.php\/wp-json\/wp\/v2\/tags?post=97783"}],"curies":[{"name":"wp","href":"https:\/\/api.w.org\/{rel}","templated":true}]}}