{"id":97688,"date":"2017-09-13T07:24:56","date_gmt":"2017-09-13T05:24:56","guid":{"rendered":"http:\/\/gazdasagportal.hu\/?p=97688"},"modified":"2017-09-13T07:02:18","modified_gmt":"2017-09-13T05:02:18","slug":"bemutatta-uj-termekeit-es-szolgaltatasait-az-apple","status":"publish","type":"post","link":"https:\/\/gazdasagportal.hu\/index.php\/bemutatta-uj-termekeit-es-szolgaltatasait-az-apple\/","title":{"rendered":"Bemutatta \u00faj term\u00e9keit \u00e9s szolg\u00e1ltat\u00e1sait az Apple"},"content":{"rendered":"<p><strong>Az Apple bemutatta \u00faj term\u00e9keit \u00e9s szolg\u00e1ltat\u00e1sait, k\u00f6zt\u00fck k\u00e9t \u00faj iPhone okostelefon-modellt.<\/strong><!--more--><\/p>\n<div class=\"ads-in-post1\"><div id=\"gazdasagportal.hu_fullbanner_wideboard\"><\/div>\r\n<\/div>\n<p>    Az Apple eln\u00f6k-vez\u00e9rigazgat\u00f3ja, Tim Cook, a bemutat\u00f3t a c\u00e9g Cupertin\u00f3ban (Kalifornia) l\u00e9v\u0151 k\u00f6zpontj\u00e1ban, az \u00e9ppen most fel\u00e9p\u00fclt &#8211; \u00e9s m\u00e9g be sem fejezett &#8211; Apple Park ezer f\u0151s, az alap\u00edt\u00f3 Steve Jobsr\u00f3l elnevezett sz\u00ednh\u00e1z\u00e9p\u00fclet\u00e9ben tartotta. K\u00e9t \u00faj okostelefont, meg\u00faj\u00edtott Apple-t\u00e9v\u00e9t \u00e9s \u00f3r\u00e1t, valamint b\u0151v\u00edtett szolg\u00e1ltat\u00e1sokat mutatott be.<br \/>\n    Az els\u0151 okostelefon piacra dob\u00e1s\u00e1nak t\u00edzedik \u00e9vfordul\u00f3j\u00e1n bemutatott \u00faj k\u00e9sz\u00fcl\u00e9kek k\u00f6z\u00fcl az iPhone 8 \u00e9s iPhone 8 Plus az eddigi modellek tov\u00e1bbfejleszt\u00e9se, m\u00edg az iPhone X (t\u00edz) teljesen meg\u00faj\u00edtott modell a kor\u00e1bbiakhoz k\u00e9pest. Tim Cook, a c\u00e9g vez\u00e9rigazgat\u00f3ja az iPhone X bemutat\u00e1s\u00e1r\u00f3l azt mondta, a legnagyobb el\u0151rel\u00e9p\u00e9s a c\u00e9g \u00e9let\u00e9ben az els\u0151 iPhone \u00f3ta. Az 8-as modellek 600 \u00e9s 799 doll\u00e1r (154 ezer \u00e9s 205 ezer forint) k\u00f6z\u00f6tti \u00e1ron ker\u00fclnek forgalomba, v\u00e1rhat\u00f3an szeptember 22-t\u0151l. Az iPhone X 999 doll\u00e1rba ker\u00fcl majd, \u00e9s okt\u00f3ber v\u00e9g\u00e9t\u0151l lehet majd megrendelni.<br \/>\n    Az iPhone X form\u00e1j\u00e1t \u00fajratervezt\u00e9k, fed\u0151lapja mindk\u00e9t oldalon \u00fcvegb\u0151l k\u00e9sz\u00fclt \u00e9s rozsdamentes, csiszolt ac\u00e9l keretet kapott, v\u00edznek \u00e9s pornak ellen\u00e1ll\u00f3, \u00e9s az \u00faj hardvereknek k\u00f6sz\u00f6nhet\u0151en j\u00f3val gyorsabb az eddigi modellekn\u00e9l. Vezet\u00e9k n\u00e9lk\u00fcl lehet t\u00f6lteni, az eddigi ujjlenyomat-olvas\u00f3t egy olyan arcfelismer\u0151 v\u00e1ltja, amely s\u00f6t\u00e9tben, \u00e9s kieg\u00e9sz\u00edt\u0151ket viselve, vagy \u00e1tsminkelve is felismeri tulajdonosa arc\u00e1t. Annak, hogy m\u00e1s az arc\u00e1val \u00e1tverje a rendszert egymilli\u00f3 az egyhez az es\u00e9lye, fot\u00f3kkal nem m\u0171k\u00f6dik az arcfelismer\u0151. Elt\u0171nik a hagyom\u00e1nyos &#8222;home&#8221;-gomb is.<br \/>\n    Az iPhone 8 \u00e9s 8 plus a kor\u00e1bbi 7-es modell tov\u00e1bbfejleszt\u00e9se, szint\u00e9n vezet\u00e9k n\u00e9lk\u00fcl lehet t\u00f6lteni, \u00e9s a 10-es modellekkel egy\u00fctt jobb felbont\u00e1s\u00fa el\u0151- \u00e9s h\u00e1tlapi kamer\u00e1t kapott.<br \/>\n    Az \u00faj Apple TV \u00e9lesebb \u00e9s sz\u00edneiben \u00e9l\u00e9nkebb k\u00e9pet ny\u00fajt majd a HDR technol\u00f3gi\u00e1nak \u00e9s a 4K felbont\u00e1snak k\u00f6sz\u00f6nhet\u0151en. Az eszk\u00f6zt szint\u00e9n szeptember 22-\u00e9n kezdik forgalmazni.<br \/>\n    Kirukkolt a c\u00e9g az okos\u00f3r\u00e1k \u00faj v\u00e1ltozat\u00e1val is. Ez v\u00e1ltozatlanul csak okostelefonnal egy\u00fctt haszn\u00e1lhat\u00f3, \u00e1m a 3-as sz\u00e9ria cs\u00facsmodellje k\u00e9pes a mobilh\u00e1l\u00f3zathoz csatlakozni, \u00edgy telefon\u00e1l\u00e1shoz nem sz\u00fcks\u00e9ges a mobiltelefon megl\u00e9te \u00e9s k\u00fcl\u00f6n SIM k\u00e1rtya sem kell hozz\u00e1. Az \u00faj okos\u00f3ra egy\u00e9bk\u00e9nt a t\u00f6bbi k\u00f6z\u00f6tt azt is jelzi majd, ha a tulajdonos\u00e1nak a norm\u00e1lisn\u00e1l szapor\u00e1bb a sz\u00edvver\u00e9se.(MTI)<\/p>\n","protected":false},"excerpt":{"rendered":"<p>Az Apple bemutatta \u00faj term\u00e9keit \u00e9s szolg\u00e1ltat\u00e1sait, k\u00f6zt\u00fck k\u00e9t \u00faj iPhone okostelefon-modellt.<\/p>\n","protected":false},"author":1,"featured_media":64957,"comment_status":"closed","ping_status":"open","sticky":false,"template":"","format":"standard","meta":[],"categories":[146,8],"tags":[],"_links":{"self":[{"href":"https:\/\/gazdasagportal.hu\/index.php\/wp-json\/wp\/v2\/posts\/97688"}],"collection":[{"href":"https:\/\/gazdasagportal.hu\/index.php\/wp-json\/wp\/v2\/posts"}],"about":[{"href":"https:\/\/gazdasagportal.hu\/index.php\/wp-json\/wp\/v2\/types\/post"}],"author":[{"embeddable":true,"href":"https:\/\/gazdasagportal.hu\/index.php\/wp-json\/wp\/v2\/users\/1"}],"replies":[{"embeddable":true,"href":"https:\/\/gazdasagportal.hu\/index.php\/wp-json\/wp\/v2\/comments?post=97688"}],"version-history":[{"count":1,"href":"https:\/\/gazdasagportal.hu\/index.php\/wp-json\/wp\/v2\/posts\/97688\/revisions"}],"predecessor-version":[{"id":97689,"href":"https:\/\/gazdasagportal.hu\/index.php\/wp-json\/wp\/v2\/posts\/97688\/revisions\/97689"}],"wp:featuredmedia":[{"embeddable":true,"href":"https:\/\/gazdasagportal.hu\/index.php\/wp-json\/wp\/v2\/media\/64957"}],"wp:attachment":[{"href":"https:\/\/gazdasagportal.hu\/index.php\/wp-json\/wp\/v2\/media?parent=97688"}],"wp:term":[{"taxonomy":"category","embeddable":true,"href":"https:\/\/gazdasagportal.hu\/index.php\/wp-json\/wp\/v2\/categories?post=97688"},{"taxonomy":"post_tag","embeddable":true,"href":"https:\/\/gazdasagportal.hu\/index.php\/wp-json\/wp\/v2\/tags?post=97688"}],"curies":[{"name":"wp","href":"https:\/\/api.w.org\/{rel}","templated":true}]}}