{"id":97499,"date":"2017-09-07T11:43:58","date_gmt":"2017-09-07T09:43:58","guid":{"rendered":"http:\/\/gazdasagportal.hu\/?p=97499"},"modified":"2017-09-07T11:43:58","modified_gmt":"2017-09-07T09:43:58","slug":"orban-100-millio-forintra-emelik-a-hitelkeretet-a-szechenyi-kartya-program-tobb-hiteltipusaban","status":"publish","type":"post","link":"https:\/\/gazdasagportal.hu\/index.php\/orban-100-millio-forintra-emelik-a-hitelkeretet-a-szechenyi-kartya-program-tobb-hiteltipusaban\/","title":{"rendered":"Orb\u00e1n: 100 milli\u00f3 forintra emelik a hitelkeretet a Sz\u00e9chenyi k\u00e1rtya program t\u00f6bb hitelt\u00edpus\u00e1ban"},"content":{"rendered":"<p><strong>A Sz\u00e9chenyi k\u00e1rtya program legt\u00f6bb hitelt\u00edpus\u00e1ban 100 milli\u00f3 forintra emelik a felvehet\u0151 maxim\u00e1lis hitelkeretet &#8211; jelentette be Orb\u00e1n Viktor minisztereln\u00f6k a KAVOSZ Zrt. \u00fcnneps\u00e9g\u00e9n, amelyen \u00e1tadt\u00e1k a 250 ezredik Sz\u00e9chenyi k\u00e1rty\u00e1t.<\/strong><!--more--><\/p>\n<div class=\"ads-in-post1\"><div id=\"gazdasagportal.hu_fullbanner_wideboard\"><\/div>\r\n<\/div>\n<p>    A korm\u00e1nyf\u0151 besz\u00e9d\u00e9ben kiemelte: a kis- \u00e9s k\u00f6zepes v\u00e1llalkoz\u00e1sok (kkv) hitelez\u00e9se a magyar korm\u00e1ny sz\u00e1m\u00e1ra nem piaci \u00fcgylet, hanem nemzetstrat\u00e9giai fontoss\u00e1g\u00fa \u00fcgy. 2015-ben k\u00e9tmilli\u00f3an dolgoztak kkv-kn\u00e1l, ami az \u00f6sszes foglalkoztatott 73 sz\u00e1zal\u00e9k\u00e1t jelenti, vagyis kkv-k n\u00e9lk\u00fcl nincs magyar gazdas\u00e1g &#8211; mutatott r\u00e1.<br \/>\n    Orb\u00e1n Viktor hangs\u00falyozta: nem szabad a mostani gazdas\u00e1gi sikereket k\u00fcls\u0151 t\u00e9nyez\u0151knek tulajdon\u00edtani, az, ahogy ma a magyar gazdas\u00e1g m\u0171k\u00f6dik, nem k\u00fcls\u0151 seg\u00edts\u00e9gnek tudhat\u00f3 be, hanem a magyar gazdas\u00e1g szerepl\u0151inek. Ez a mi magyar siker\u00fcnk, a saj\u00e1t er\u0151fesz\u00edt\u00e9seinknek k\u00f6sz\u00f6nhet\u0151 &#8211; mondta.<br \/>\n    K\u00f6z\u00f6lte: &#8222;sz\u00ednvonaltalan \u00e9rvel\u00e9s&#8221; az uni\u00f3s t\u00e1mogat\u00e1soknak tulajdon\u00edtani a magyar gazdas\u00e1g fejl\u0151d\u00e9s\u00e9t, hiszen a magyar k\u00f6lts\u00e9gvet\u00e9s 18 ezer milli\u00e1rd forint, az uni\u00f3s t\u00e1mogat\u00e1sok pedig 1000-1500 milli\u00e1rd forintot tesznek ki.<br \/>\n    A minisztereln\u00f6k felid\u00e9zte: 2011-ben, amikor a 150 ezredik Sz\u00e9chenyi k\u00e1rty\u00e1t adt\u00e1k \u00e1t, &#8222;m\u00e9g m\u00e1s szelek f\u00fajtak&#8221;, \u00e9s politikai n\u00e9zetekt\u0151l f\u00fcggetlen\u00fcl lehetett jogos k\u00e9ts\u00e9g sokakban, hogy az az \u00fat, amelyet akkor v\u00e1lasztottak, eredm\u00e9nyre vezet-e. Az akkori kih\u00edv\u00e1sok k\u00f6z\u00f6tt eml\u00edtette a p\u00e9nz\u00fcgyi \u00f6sszeoml\u00e1s elker\u00fcl\u00e9s\u00e9t, az \u00e1llamad\u00f3ss\u00e1g \u00e9s a munkan\u00e9lk\u00fclis\u00e9g megf\u00e9kez\u00e9s\u00e9t, tov\u00e1bb\u00e1 az \u00faj alkotm\u00e1nyos rend k\u00f6r\u00fcli csat\u00e1kat.<br \/>\n    Az elm\u00falt hat \u00e9v alatt nagy utat tett meg a magyar gazdas\u00e1g, &#8222;szinte egy eg\u00e9sz gazdas\u00e1gt\u00f6rt\u00e9neti korszakot ment\u00fcnk el\u0151re, \u00e9s bizonyoss\u00e1got szerezt\u00fcnk, hogy j\u00f3 megold\u00e1sokat v\u00e1lasztottunk &#8211; mondta a minisztereln\u00f6k.<br \/>\n    Orb\u00e1n Viktor arr\u00f3l is besz\u00e9lt, hogy Magyarorsz\u00e1gon m\u00e9g mindig komoly fejt\u00f6r\u00e9st okoz annak megv\u00e1laszol\u00e1sa, hogy \u00f6sszefog\u00e1ssal vagy &#8222;mag\u00e1nyos harcosk\u00e9nt&#8221; lehet-e el\u0151r\u00e9bb jutni a gazdas\u00e1gban. Ma azt \u00fcnnepelj\u00fck, hogy vannak olyan korszakok, amikor minden felt\u00e9tel adott, hogy az \u00f6sszefog\u00e1sb\u00f3l kerekedjen ki a siker &#8211; fogalmazott.<br \/>\n    Azt mondta, politikai filoz\u00f3fi\u00e1ja magja, hogy &#8222;egyed\u00fcl sohasem lehetsz el\u00e9g okos&#8221;, erre bizony\u00edt\u00e9k ez a k\u00e1rtya is, mert ahhoz, hogy \u00e9letk\u00e9pes konstrukci\u00f3t faragjanak bel\u0151le, &#8222;sok tud\u00e1s \u00f6sszead\u00e1s\u00e1ra volt sz\u00fcks\u00e9g&#8221;. A korm\u00e1ny a p\u00e9nz\u00fcgyi rendszer tud\u00e1s\u00e1t a jegybankon kereszt\u00fcl gy\u0171jti be, a re\u00e1lgazdas\u00e1gi tud\u00e1st pedig a kamar\u00e1n kereszt\u00fcl, \u00e9s ez tov\u00e1bbra is \u00edgy marad, minden jelent\u0151s gazdas\u00e1gi d\u00f6nt\u00e9s el\u0151tt mindk\u00e9t tud\u00e1sra ig\u00e9nyt tart a j\u00f6v\u0151ben is &#8211; k\u00f6z\u00f6lte.<br \/>\n    Megjegyezte: a Sz\u00e9chenyi k\u00e1rtya is az &#8222;unortodoxia megnyilv\u00e1nul\u00e1sa&#8221;, \u00e9s j\u00f3l mutatja, hogy a szokatlan megold\u00e1sok keres\u00e9se nem 2010-es jelens\u00e9g.<br \/>\n    A minisztereln\u00f6k kijelentette: \u00f3ri\u00e1si teljes\u00edtm\u00e9ny, hogy 2002 ut\u00e1n is megmaradt a program \u00e9s t\u00fal\u00e9lte az azt k\u00f6vet\u0151 nyolc \u00e9vet.<br \/>\n    Eml\u00e9keztetett,  programot illet\u0151en a f\u0151 \u00e9rdem Demj\u00e1n S\u00e1ndor\u00e9, \u00e9s a munkahelyv\u00e9delmi akci\u00f3terv\u00e9rt is \u0151t illeti az elismer\u00e9s, \u0151 mondta, hogy &#8222;v\u00e1ls\u00e1g idej\u00e9n a normativit\u00e1s nem k\u00f6telez\u0151&#8221;, szabad olyan d\u00f6nt\u00e9seket hozni, amelyek nem egyform\u00e1n \u00e9rintenek mindenkit.<br \/>\n    Eml\u00e9keztetett: a Sz\u00e9chenyi k\u00e1rtya kezdem\u00e9nyez\u00e9s\u00e9nek megnyert\u00e9k a bankokat, de korm\u00e1nyzati t\u00e1mogat\u00e1s n\u00e9lk\u00fcl nem m\u0171k\u00f6dhetett volna.<br \/>\n    Orb\u00e1n Viktor elmondta: a kkv-k felt\u0151k\u00e9s\u00edt\u00e9s\u00e9re gazdas\u00e1gilag \u00e9sszer\u0171, t\u00e1rsadalmilag igazs\u00e1gos programokra volt sz\u00fcks\u00e9g, hogy a magyar gazdas\u00e1g versenyk\u00e9pes legyen. Ilyen megold\u00e1s a Sz\u00e9chenyi k\u00e1rtya, a program \u00e1tl\u00e1that\u00f3, egy\u00e9rtelm\u0171ek a felt\u00e9telek, olyan m\u00f3dszer, amelyet a t\u00e1rsadalom el tud fogadni &#8211; \u00e1llap\u00edtotta meg.<br \/>\n    K\u00f6z\u00f6lte: a kkv-k a hozz\u00e1adott \u00e9rt\u00e9k t\u00f6bb mint fel\u00e9t \u00e1ll\u00edtj\u00e1k el\u0151, de az exportk\u00e9pess\u00e9g\u00fcket jelent\u0151sen seg\u00edteni kell a j\u00f6v\u0151ben.<br \/>\n    Bejelentette: most a Sz\u00e9chenyi k\u00e1rtya program legt\u00f6bb hitelt\u00edpus\u00e1ban 100 milli\u00f3 forintra emelik a felvehet\u0151 maxim\u00e1lis hitelkeretet.<br \/>\n    A KAVOSZ t\u00e1j\u00e9koztat\u00e1sa szerint  foly\u00f3sz\u00e1mlahiteln\u00e9l is n\u0151tt a hitelkeret, de a t\u00f6bbi hitelt\u00edpushoz k\u00e9pest k\u00fcl\u00f6nbs\u00e9g, hogy a kamatt\u00e1mogat\u00e1s tov\u00e1bbra is csak 10 milli\u00f3 forintig j\u00e1r.<br \/>\n    Orb\u00e1n Viktor besz\u00e9de v\u00e9g\u00e9n elmondta: nem akarjuk eltagadni, hogy a gazdas\u00e1gban profitk\u00f6zpont\u00fanak kell lenni, de a korm\u00e1nyt\u00f3l azt v\u00e1rjuk, hogy mik\u00f6zben meg\u00e9rti ezt a gondolkod\u00e1st, alapvet\u0151en &#8222;magyarcentrikus gondolkod\u00e1sm\u00f3dot&#8221; val\u00f3s\u00edtson meg. E k\u00e9t gondolkod\u00e1sm\u00f3d sikeres \u00f6tv\u00f6zete a Sz\u00e9chenyi-k\u00e1rtya &#8211; z\u00e1rta szavait a minisztereln\u00f6k.(MTI)<\/p>\n","protected":false},"excerpt":{"rendered":"<p>A Sz\u00e9chenyi k\u00e1rtya program legt\u00f6bb hitelt\u00edpus\u00e1ban 100 milli\u00f3 forintra emelik a felvehet\u0151 maxim\u00e1lis hitelkeretet &#8211; jelentette be Orb\u00e1n Viktor minisztereln\u00f6k a KAVOSZ Zrt. \u00fcnneps\u00e9g\u00e9n, amelyen \u00e1tadt\u00e1k a 250 ezredik Sz\u00e9chenyi k\u00e1rty\u00e1t.<\/p>\n","protected":false},"author":1,"featured_media":0,"comment_status":"closed","ping_status":"open","sticky":false,"template":"","format":"standard","meta":[],"categories":[19],"tags":[],"_links":{"self":[{"href":"https:\/\/gazdasagportal.hu\/index.php\/wp-json\/wp\/v2\/posts\/97499"}],"collection":[{"href":"https:\/\/gazdasagportal.hu\/index.php\/wp-json\/wp\/v2\/posts"}],"about":[{"href":"https:\/\/gazdasagportal.hu\/index.php\/wp-json\/wp\/v2\/types\/post"}],"author":[{"embeddable":true,"href":"https:\/\/gazdasagportal.hu\/index.php\/wp-json\/wp\/v2\/users\/1"}],"replies":[{"embeddable":true,"href":"https:\/\/gazdasagportal.hu\/index.php\/wp-json\/wp\/v2\/comments?post=97499"}],"version-history":[{"count":1,"href":"https:\/\/gazdasagportal.hu\/index.php\/wp-json\/wp\/v2\/posts\/97499\/revisions"}],"predecessor-version":[{"id":97500,"href":"https:\/\/gazdasagportal.hu\/index.php\/wp-json\/wp\/v2\/posts\/97499\/revisions\/97500"}],"wp:attachment":[{"href":"https:\/\/gazdasagportal.hu\/index.php\/wp-json\/wp\/v2\/media?parent=97499"}],"wp:term":[{"taxonomy":"category","embeddable":true,"href":"https:\/\/gazdasagportal.hu\/index.php\/wp-json\/wp\/v2\/categories?post=97499"},{"taxonomy":"post_tag","embeddable":true,"href":"https:\/\/gazdasagportal.hu\/index.php\/wp-json\/wp\/v2\/tags?post=97499"}],"curies":[{"name":"wp","href":"https:\/\/api.w.org\/{rel}","templated":true}]}}