{"id":97037,"date":"2017-08-26T11:14:19","date_gmt":"2017-08-26T09:14:19","guid":{"rendered":"http:\/\/gazdasagportal.hu\/?p=97037"},"modified":"2017-08-26T07:55:33","modified_gmt":"2017-08-26T05:55:33","slug":"varga-mihaly-elismeres-a-magyar-gazdasagpolitikanak-az-sp-hitelminosito-dontese","status":"publish","type":"post","link":"https:\/\/gazdasagportal.hu\/index.php\/varga-mihaly-elismeres-a-magyar-gazdasagpolitikanak-az-sp-hitelminosito-dontese\/","title":{"rendered":"Varga Mih\u00e1ly: elismer\u00e9s a magyar gazdas\u00e1gpolitik\u00e1nak az S&#038;P hitelmin\u0151s\u00edt\u0151 d\u00f6nt\u00e9se"},"content":{"rendered":"<p><strong>A Standard &#038; Poor&#8217;s nemzetk\u00f6zi hitelmin\u0151s\u00edt\u0151 int\u00e9zet d\u00f6nt\u00e9se is mutatja, hogy a magyar gazdas\u00e1gpolitika j\u00f3 v\u00e1laszokat adott a kih\u00edv\u00e1sokra, ami seg\u00edti a p\u00e9nz\u00fcgyi stabilit\u00e1st \u00e9s Magyarorsz\u00e1g gazdas\u00e1gi n\u00f6veked\u00e9s\u00e9t &#8211; jelentette ki Varga Mih\u00e1ly az MTI-nek azt k\u00f6vet\u0151en, hogy a nemzetk\u00f6zi hitelmin\u0151s\u00edt\u0151 stabilr\u00f3l pozit\u00edvra jav\u00edtotta a befektet\u00e9sre aj\u00e1nlott magyar \u00e1llamad\u00f3s-besorol\u00e1sra adott kil\u00e1t\u00e1s\u00e1t.<\/strong><!--more--><\/p>\n<div class=\"ads-in-post1\"><div id=\"gazdasagportal.hu_fullbanner_wideboard\"><\/div>\r\n<\/div>\n<p>    A nemzetgazdas\u00e1gi miniszter eml\u00e9keztetett r\u00e1: tavaly mindh\u00e1rom piacvezet\u0151 nemzetk\u00f6zi hitelmin\u0151s\u00edt\u0151 int\u00e9zet befektet\u00e9sre aj\u00e1nlott kateg\u00f3ri\u00e1ba sorolta a magyar \u00e1llampap\u00edrokat, stabil kil\u00e1t\u00e1ssal. A Standard &#038; Poor&#8217;s mostani d\u00f6nt\u00e9se az \u00fajabb felmin\u0151s\u00edt\u00e9s el\u0151szob\u00e1j\u00e1t jelenti &#8211; tette hozz\u00e1.<br \/>\n    Elmondta azt is, hogy a nemzetk\u00f6zi gyakorlatban nem szok\u00e1s k\u00f6zvetlen\u00fcl az orsz\u00e1ggy\u0171l\u00e9si v\u00e1laszt\u00e1sok el\u0151tt a hitelmin\u0151s\u00edt\u00e9si besorol\u00e1s jav\u00edt\u00e1sa. De v\u00e1rakoz\u00e1sa szerint a m\u00e1sik k\u00e9t hitelmin\u0151s\u00edt\u0151 is hamarosan k\u00f6vetheti a Standard &#038; Poor&#8217;s-t \u00e9s pozit\u00edv kil\u00e1t\u00e1ssal l\u00e1tj\u00e1k el a besorol\u00e1sukat &#8211; h\u00fazta al\u00e1 a miniszter.<br \/>\n    Hozz\u00e1f\u0171zte: a piaci befektet\u0151k j\u00f3val a hitelmin\u0151s\u00edt\u0151k el\u0151tt j\u00e1rnak, j\u00f3l mutatja ezt az is, hogy a k\u00f6tv\u00e9nyhozamaink egy ideje hasonl\u00f3ak t\u00f6bb magasabb besorol\u00e1s\u00fa orsz\u00e1g hozamszintj\u00e9hez.<br \/>\n    A S&#038;P a hitelmin\u0151s\u00edt\u00e9s mell\u00e9 kiadott k\u00f6zlem\u00e9ny\u00e9ben k\u00fcl\u00f6n is elismerte, hogy a korm\u00e1ny innovat\u00edv gazdas\u00e1gpolitikai l\u00e9p\u00e9sei jelent\u0151sen hozz\u00e1j\u00e1rultak a k\u00fcls\u0151 s\u00e9r\u00fcl\u00e9kenys\u00e9g cs\u00f6kkent\u00e9s\u00e9hez \u00e9s a makrogazdas\u00e1gi stabilit\u00e1shoz  &#8211; emelte ki Varga Mih\u00e1ly.<br \/>\n    Az elemz\u00e9s Magyarorsz\u00e1g f\u0151 er\u0151ss\u00e9gek\u00e9nt eml\u00edtette a gazdas\u00e1gi kil\u00e1t\u00e1sok stabilit\u00e1s\u00e1t, illetve a k\u00fcls\u0151 s\u00e9r\u00fcl\u00e9kenys\u00e9g cs\u00f6kkent\u00e9s\u00e9t. A pozit\u00edv kil\u00e1t\u00e1sban t\u00fckr\u00f6z\u0151dik a hitelmin\u0151s\u00edt\u0151 azon v\u00e9lem\u00e9nye, hogy a bankszektor nem teljes\u00edt\u0151 hitelei nagy val\u00f3sz\u00edn\u0171s\u00e9ggel tov\u00e1bb cs\u00f6kkennek a j\u00f6v\u0151ben, illetve hossz\u00fa t\u00e1von is fenntarthat\u00f3 m\u00f3don fog b\u0151v\u00fclni a banki hitelez\u00e9s &#8211; fejtette ki a nemzetgazdas\u00e1gi miniszter.<br \/>\n    A Standard &#038; Poor&#8217;s elemz\u00e9s\u00e9ben az is szerepel, hogy a k\u00f6vetkez\u0151 felmin\u0151s\u00edt\u00e9st a p\u00e9nz\u00fcgyi szektor folyamatainak tov\u00e1bbi \u00e9s tart\u00f3s javul\u00e1sa eredm\u00e9nyezn\u00e9 a pozit\u00edv gazdas\u00e1gi folyamatok fennmarad\u00e1s\u00e1val p\u00e1rhuzamosan. A magyar korm\u00e1ny konvergencia programban is r\u00f6gz\u00edtett v\u00e1rakoz\u00e1sa, hogy a versenyk\u00e9pess\u00e9g er\u0151s\u00edt\u00e9s\u00e9n, a j\u00f6vedelmek n\u00f6veked\u00e9s\u00e9n \u00e9s az ad\u00f3k cs\u00f6kkent\u00e9s\u00e9n alapul\u00f3 \u00faj n\u00f6veked\u00e9si modell tart\u00f3san felz\u00e1rk\u00f3z\u00f3 gazdas\u00e1ghoz vezet, \u00edgy minden adott a tov\u00e1bbi felmin\u0151s\u00edt\u00e9sekhez &#8211; mondta Varga Mih\u00e1ly.(MTI)<\/p>\n","protected":false},"excerpt":{"rendered":"<p>A Standard &#038; Poor&#8217;s nemzetk\u00f6zi hitelmin\u0151s\u00edt\u0151 int\u00e9zet d\u00f6nt\u00e9se is mutatja, hogy a magyar gazdas\u00e1gpolitika j\u00f3 v\u00e1laszokat adott a kih\u00edv\u00e1sokra, ami seg\u00edti a p\u00e9nz\u00fcgyi stabilit\u00e1st \u00e9s Magyarorsz\u00e1g gazdas\u00e1gi n\u00f6veked\u00e9s\u00e9t &#8211; jelentette ki Varga Mih\u00e1ly az MTI-nek azt k\u00f6vet\u0151en, hogy a nemzetk\u00f6zi hitelmin\u0151s\u00edt\u0151 stabilr\u00f3l pozit\u00edvra jav\u00edtotta a befektet\u00e9sre aj\u00e1nlott magyar \u00e1llamad\u00f3s-besorol\u00e1sra adott kil\u00e1t\u00e1s\u00e1t.<\/p>\n","protected":false},"author":1,"featured_media":0,"comment_status":"closed","ping_status":"open","sticky":false,"template":"","format":"standard","meta":[],"categories":[19],"tags":[],"_links":{"self":[{"href":"https:\/\/gazdasagportal.hu\/index.php\/wp-json\/wp\/v2\/posts\/97037"}],"collection":[{"href":"https:\/\/gazdasagportal.hu\/index.php\/wp-json\/wp\/v2\/posts"}],"about":[{"href":"https:\/\/gazdasagportal.hu\/index.php\/wp-json\/wp\/v2\/types\/post"}],"author":[{"embeddable":true,"href":"https:\/\/gazdasagportal.hu\/index.php\/wp-json\/wp\/v2\/users\/1"}],"replies":[{"embeddable":true,"href":"https:\/\/gazdasagportal.hu\/index.php\/wp-json\/wp\/v2\/comments?post=97037"}],"version-history":[{"count":1,"href":"https:\/\/gazdasagportal.hu\/index.php\/wp-json\/wp\/v2\/posts\/97037\/revisions"}],"predecessor-version":[{"id":97038,"href":"https:\/\/gazdasagportal.hu\/index.php\/wp-json\/wp\/v2\/posts\/97037\/revisions\/97038"}],"wp:attachment":[{"href":"https:\/\/gazdasagportal.hu\/index.php\/wp-json\/wp\/v2\/media?parent=97037"}],"wp:term":[{"taxonomy":"category","embeddable":true,"href":"https:\/\/gazdasagportal.hu\/index.php\/wp-json\/wp\/v2\/categories?post=97037"},{"taxonomy":"post_tag","embeddable":true,"href":"https:\/\/gazdasagportal.hu\/index.php\/wp-json\/wp\/v2\/tags?post=97037"}],"curies":[{"name":"wp","href":"https:\/\/api.w.org\/{rel}","templated":true}]}}