{"id":97031,"date":"2017-08-26T08:04:52","date_gmt":"2017-08-26T06:04:52","guid":{"rendered":"http:\/\/gazdasagportal.hu\/?p=97031"},"modified":"2017-08-26T07:50:33","modified_gmt":"2017-08-26T05:50:33","slug":"budapestre-es-tobb-megyere-elsofoku-figyelmeztetest-adtak-ki","status":"publish","type":"post","link":"https:\/\/gazdasagportal.hu\/index.php\/budapestre-es-tobb-megyere-elsofoku-figyelmeztetest-adtak-ki\/","title":{"rendered":"Budapestre \u00e9s t\u00f6bb megy\u00e9re els\u0151fok\u00fa figyelmeztet\u00e9st adtak ki"},"content":{"rendered":"<p><strong>A tart\u00f3s h\u0151s\u00e9g vesz\u00e9lye miatt a f\u0151v\u00e1rosra \u00e9s t\u00f6bb megy\u00e9re els\u0151fok\u00fa figyelmeztet\u00e9st adott ki a meteorol\u00f3giai szolg\u00e1lat.<\/strong><!--more--><\/p>\n<div class=\"ads-in-post1\"><div id=\"gazdasagportal.hu_fullbanner_wideboard\"><\/div>\r\n<\/div>\n<p>    Az MTI-hez hajnalban eljuttatott vesz\u00e9lyjelz\u00e9s\u00fckben azt \u00edrt\u00e1k: a k\u00f6z\u00e9ph\u0151m\u00e9rs\u00e9klet szombaton d\u00e9len, illetve v\u00e1rosi k\u00f6rnyezetben helyenk\u00e9nt 25 Celsius-fok k\u00f6r\u00fcl alakul. Budapesten, Pest megy\u00e9ben, tov\u00e1bb\u00e1 Baranya, B\u00e1cs-Kiskun, Csongr\u00e1d, Fej\u00e9r, Gy\u0151r-Moson-Sopron, Somogy \u00e9s Tolna megy\u00e9ben van \u00e9rv\u00e9nyben els\u0151fok\u00fa figyelmeztet\u00e9s.<br \/>\n    Az el\u0151rejelz\u00e9s szerint az orsz\u00e1g nagy r\u00e9sz\u00e9n t\u00falnyom\u00f3an der\u00fclt, napos id\u0151re lehet sz\u00e1m\u00edtani, de \u00e9szakon t\u00f6bb lesz a felh\u0151, \u00e9s itt egy-egy z\u00e1por, zivatar el\u0151fordulhat. Helyenk\u00e9nt meg\u00e9l\u00e9nk\u00fcl, zivatar k\u00f6rnyezet\u00e9ben vihaross\u00e1 is fokoz\u00f3dhat a sz\u00e9l. A legmagasabb h\u0151m\u00e9rs\u00e9klet 30-36 fok k\u00f6z\u00f6tt alakul. K\u00e9s\u0151 est\u00e9re t\u00f6bbnyire 21-27 fokra h\u0171l le a leveg\u0151.(MTI)<\/p>\n","protected":false},"excerpt":{"rendered":"<p>A tart\u00f3s h\u0151s\u00e9g vesz\u00e9lye miatt a f\u0151v\u00e1rosra \u00e9s t\u00f6bb megy\u00e9re els\u0151fok\u00fa figyelmeztet\u00e9st adott ki a meteorol\u00f3giai szolg\u00e1lat.<\/p>\n","protected":false},"author":1,"featured_media":0,"comment_status":"closed","ping_status":"open","sticky":false,"template":"","format":"standard","meta":[],"categories":[4],"tags":[],"_links":{"self":[{"href":"https:\/\/gazdasagportal.hu\/index.php\/wp-json\/wp\/v2\/posts\/97031"}],"collection":[{"href":"https:\/\/gazdasagportal.hu\/index.php\/wp-json\/wp\/v2\/posts"}],"about":[{"href":"https:\/\/gazdasagportal.hu\/index.php\/wp-json\/wp\/v2\/types\/post"}],"author":[{"embeddable":true,"href":"https:\/\/gazdasagportal.hu\/index.php\/wp-json\/wp\/v2\/users\/1"}],"replies":[{"embeddable":true,"href":"https:\/\/gazdasagportal.hu\/index.php\/wp-json\/wp\/v2\/comments?post=97031"}],"version-history":[{"count":1,"href":"https:\/\/gazdasagportal.hu\/index.php\/wp-json\/wp\/v2\/posts\/97031\/revisions"}],"predecessor-version":[{"id":97032,"href":"https:\/\/gazdasagportal.hu\/index.php\/wp-json\/wp\/v2\/posts\/97031\/revisions\/97032"}],"wp:attachment":[{"href":"https:\/\/gazdasagportal.hu\/index.php\/wp-json\/wp\/v2\/media?parent=97031"}],"wp:term":[{"taxonomy":"category","embeddable":true,"href":"https:\/\/gazdasagportal.hu\/index.php\/wp-json\/wp\/v2\/categories?post=97031"},{"taxonomy":"post_tag","embeddable":true,"href":"https:\/\/gazdasagportal.hu\/index.php\/wp-json\/wp\/v2\/tags?post=97031"}],"curies":[{"name":"wp","href":"https:\/\/api.w.org\/{rel}","templated":true}]}}