{"id":97020,"date":"2017-08-26T09:48:02","date_gmt":"2017-08-26T07:48:02","guid":{"rendered":"http:\/\/gazdasagportal.hu\/?p=97020"},"modified":"2017-08-26T07:54:53","modified_gmt":"2017-08-26T05:54:53","slug":"a-holland-kulugyminiszter-elhatarolodott-a-magyarorszagot-biralo-kijelentesektol","status":"publish","type":"post","link":"https:\/\/gazdasagportal.hu\/index.php\/a-holland-kulugyminiszter-elhatarolodott-a-magyarorszagot-biralo-kijelentesektol\/","title":{"rendered":"A holland k\u00fcl\u00fcgyminiszter elhat\u00e1rol\u00f3dott a Magyarorsz\u00e1got b\u00edr\u00e1l\u00f3 kijelent\u00e9sekt\u0151l"},"content":{"rendered":"<p><strong>B\u00e1rminem\u0171 arra vonatkoz\u00f3 utal\u00e1s, hogy kapcsolat lenne egy eur\u00f3pai uni\u00f3s tag\u00e1llam \u00e9s a terrorist\u00e1k m\u00f3dszerei k\u00f6z\u00f6tt, hib\u00e1s. &#8222;Szeretn\u00e9k elhat\u00e1rol\u00f3dni az ilyen tartalm\u00fa kijelent\u00e9sekt\u0151l&#8221; &#8211; jelentette ki Bert Koenders holland k\u00fcl\u00fcgyminiszter p\u00e9nteken.<\/strong><!--more--><\/p>\n<div class=\"ads-in-post1\"><div id=\"gazdasagportal.hu_fullbanner_wideboard\"><\/div>\r\n<\/div>\n<p>    A holland t\u00e1rcavezet\u0151 a miniszt\u00e9rium \u00e1ltal d\u00e9lut\u00e1n k\u00f6zz\u00e9tett nyilatkozat\u00e1ban hangs\u00falyozta: nyilv\u00e1nval\u00f3, hogy a magyar korm\u00e1ny cselekedetei nincsenek kapcsolatban a terrorizmussal.     Magyarorsz\u00e1g sz\u00f6vets\u00e9ges \u00e9s t\u00e1rstag\u00e1llam az Eur\u00f3pai Uni\u00f3ban &#8211; h\u00fazta al\u00e1.<br \/>\n    Kor\u00e1bbi nyilatkozat\u00e1ban Koenders azt mondta, hogy a t\u00e1voz\u00f3 budapesti holland nagyk\u00f6vet vitatott kijelent\u00e9sei nem t\u00fckr\u00f6zik korm\u00e1nya \u00e1ll\u00e1spontj\u00e1t, de elismerte: miniszterk\u00e9nt felel\u0151s a nagyk\u00f6vet kijelent\u00e9sei\u00e9rt.<br \/>\n    P\u00e9nteken Magyarorsz\u00e1g konzult\u00e1ci\u00f3ra hazarendelte Hollandi\u00e1ba akkredit\u00e1lt nagyk\u00f6vet\u00e9t, ezzel meghat\u00e1rozatlan ideig sz\u00fcnetel a nagyk\u00f6veti szint\u0171 kapcsolattart\u00e1s a k\u00e9t orsz\u00e1g k\u00f6z\u00f6tt.<br \/>\n    A fesz\u00fclts\u00e9get az v\u00e1ltotta ki, hogy Gajus Scheltema budapesti holland nagyk\u00f6vet a 168 \u00f3r\u00e1nak adott b\u00facs\u00fainterj\u00faj\u00e1ban egyebek mellett azt mondta, hogy a sz\u00e9ls\u0151s\u00e9ges iszlamist\u00e1k &#8222;ugyanolyan elv ment\u00e9n kre\u00e1lnak ellens\u00e9get, mint a magyar korm\u00e1ny&#8221;.(MTI)<\/p>\n","protected":false},"excerpt":{"rendered":"<p>B\u00e1rminem\u0171 arra vonatkoz\u00f3 utal\u00e1s, hogy kapcsolat lenne egy eur\u00f3pai uni\u00f3s tag\u00e1llam \u00e9s a terrorist\u00e1k m\u00f3dszerei k\u00f6z\u00f6tt, hib\u00e1s. &#8222;Szeretn\u00e9k elhat\u00e1rol\u00f3dni az ilyen tartalm\u00fa kijelent\u00e9sekt\u0151l&#8221; &#8211; jelentette ki Bert Koenders holland k\u00fcl\u00fcgyminiszter p\u00e9nteken.<\/p>\n","protected":false},"author":1,"featured_media":0,"comment_status":"closed","ping_status":"open","sticky":false,"template":"","format":"standard","meta":[],"categories":[4],"tags":[],"_links":{"self":[{"href":"https:\/\/gazdasagportal.hu\/index.php\/wp-json\/wp\/v2\/posts\/97020"}],"collection":[{"href":"https:\/\/gazdasagportal.hu\/index.php\/wp-json\/wp\/v2\/posts"}],"about":[{"href":"https:\/\/gazdasagportal.hu\/index.php\/wp-json\/wp\/v2\/types\/post"}],"author":[{"embeddable":true,"href":"https:\/\/gazdasagportal.hu\/index.php\/wp-json\/wp\/v2\/users\/1"}],"replies":[{"embeddable":true,"href":"https:\/\/gazdasagportal.hu\/index.php\/wp-json\/wp\/v2\/comments?post=97020"}],"version-history":[{"count":1,"href":"https:\/\/gazdasagportal.hu\/index.php\/wp-json\/wp\/v2\/posts\/97020\/revisions"}],"predecessor-version":[{"id":97021,"href":"https:\/\/gazdasagportal.hu\/index.php\/wp-json\/wp\/v2\/posts\/97020\/revisions\/97021"}],"wp:attachment":[{"href":"https:\/\/gazdasagportal.hu\/index.php\/wp-json\/wp\/v2\/media?parent=97020"}],"wp:term":[{"taxonomy":"category","embeddable":true,"href":"https:\/\/gazdasagportal.hu\/index.php\/wp-json\/wp\/v2\/categories?post=97020"},{"taxonomy":"post_tag","embeddable":true,"href":"https:\/\/gazdasagportal.hu\/index.php\/wp-json\/wp\/v2\/tags?post=97020"}],"curies":[{"name":"wp","href":"https:\/\/api.w.org\/{rel}","templated":true}]}}