{"id":96963,"date":"2017-08-24T14:57:17","date_gmt":"2017-08-24T12:57:17","guid":{"rendered":"http:\/\/gazdasagportal.hu\/?p=96963"},"modified":"2017-08-24T14:57:17","modified_gmt":"2017-08-24T12:57:17","slug":"haromeves-melypontra-csokkent-a-nagy-britanniai-bevandorlas","status":"publish","type":"post","link":"https:\/\/gazdasagportal.hu\/index.php\/haromeves-melypontra-csokkent-a-nagy-britanniai-bevandorlas\/","title":{"rendered":"H\u00e1rom\u00e9ves m\u00e9lypontra cs\u00f6kkent a nagy-britanniai bev\u00e1ndorl\u00e1s"},"content":{"rendered":"<p><strong>H\u00e1rom \u00e9ve nem tapasztalt m\u00e9lypontra cs\u00f6kkent a Nagy-Britanni\u00e1ban tart\u00f3san leteleped\u0151 k\u00fclf\u00f6ldiek sz\u00e1ma a m\u00e1rciussal z\u00e1rult 12 h\u00f3napban, r\u00e9szben az Eur\u00f3pai Uni\u00f3 kelet-k\u00f6z\u00e9p-eur\u00f3pai tagorsz\u00e1gaib\u00f3l \u00e9rkez\u0151k sz\u00e1m\u00e1nak visszaes\u00e9se miatt.<\/strong><!--more--><\/p>\n<div class=\"ads-in-post1\"><div id=\"gazdasagportal.hu_fullbanner_wideboard\"><\/div>\r\n<\/div>\n<p>    A brit statisztikai hivatal (ONS) cs\u00fct\u00f6rt\u00f6k\u00f6n ismertetett \u00fajabb negyed\u00e9vi becsl\u00e9se szerint 2016 m\u00e1rciusa \u00e9s 2017 m\u00e1rciusa k\u00f6z\u00f6tt nett\u00f3 246 ezer \u00faj bev\u00e1ndorl\u00f3 \u00e9rkezett az Egyes\u00fclt Kir\u00e1lys\u00e1gba. Ez 81 ezerrel kevesebb mint az egy \u00e9vvel kor\u00e1bbi id\u0151szakban volt.<br \/>\n    Az ONS sz\u00f3viv\u0151je szerint az adatok azt sugallj\u00e1k, hogy a brit EU-tags\u00e1gr\u00f3l 2016 nyar\u00e1n tartott n\u00e9pszavaz\u00e1s eredm\u00e9nye hat\u00e1ssal van az emberek, k\u00fcl\u00f6n\u00f6sen az eur\u00f3pai uni\u00f3s \u00e1llampolg\u00e1rok d\u00f6nt\u00e9s\u00e9re a be- \u00e9s a kiv\u00e1ndorl\u00e1si sz\u00e1nd\u00e9kaikkal kapcsolatban.<br \/>\n    A tapasztalt jelent\u0151s v\u00e1ltoz\u00e1s j\u00f3r\u00e9szt annak k\u00f6sz\u00f6nhet\u0151, hogy az Eur\u00f3pai Uni\u00f3 t\u00f6bbi tagorsz\u00e1g\u00e1b\u00f3l 51 ezer f\u0151vel 127 ezerre cs\u00f6kkent a nett\u00f3 bev\u00e1ndorl\u00e1s.<br \/>\n    A statisztikai hivatal adatai szerint a Nagy-Britanni\u00e1b\u00f3l t\u00e1voz\u00f3 eur\u00f3pai uni\u00f3s \u00e1llampolg\u00e1rok sz\u00e1ma jelent\u0151sen n\u0151tt, \u00e9ves \u00f6sszevet\u00e9sben 33 ezerrel 122 ezer f\u0151re, ami csaknem egy \u00e9vtizede a legmagasabb sz\u00e1m. A t\u00e1voz\u00f3kon bel\u00fcl k\u00fcl\u00f6n\u00f6sen er\u0151s, 17 ezres n\u00f6veked\u00e9st m\u00e9rtek az Eur\u00f3pai Uni\u00f3ba 2004-ben felvett nyolc kelet- \u00e9s k\u00f6z\u00e9p-eur\u00f3pai orsz\u00e1g, Magyarorsz\u00e1g mellett Csehorsz\u00e1g, \u00c9sztorsz\u00e1g, Lettorsz\u00e1g, Litv\u00e1nia, Lengyelorsz\u00e1g, Szlov\u00e1kia \u00e9s Szlov\u00e9nia tekintet\u00e9ben.<br \/>\n    A 2016-os \u00e9vre vonatkoz\u00f3, el\u0151z\u0151 negyed\u00e9vi k\u00f6zl\u00e9sben nett\u00f3 248 ezerre becs\u00fclt\u00e9k a tart\u00f3s letelep\u00fcl\u00e9si sz\u00e1nd\u00e9kkal Nagy-Britanni\u00e1ba \u00e9rkez\u0151k sz\u00e1m\u00e1t, 84 ezerrel kevesebbre mint 2015-ben.<br \/>\n    A statisztikai hivatal cs\u00fct\u00f6rt\u00f6k\u00f6n azonban k\u00f6z\u00f6lte, t\u00fal korai m\u00e9g hossz\u00fa t\u00e1v\u00fa trendk\u00e9nt kezelni a bev\u00e1ndorl\u00e1s cs\u00f6kken\u00e9s\u00e9t.<br \/>\n    A bev\u00e1ndorl\u00e1s a nem eur\u00f3pai uni\u00f3s \u00e1llampolg\u00e1rok k\u00f6r\u00e9ben is cs\u00f6kkent, 14 ezerrel 179 ezerre.<br \/>\n    A korm\u00e1ny tart\u00f3san \u00e9vi sz\u00e1zezer al\u00e1 akarja cs\u00f6kkenteni a Nagy-Britanni\u00e1ban hossz\u00fa t\u00e1von leteleped\u0151 k\u00fclf\u00f6ldiek sz\u00e1m\u00e1t. A bev\u00e1ndorl\u00e1s cs\u00f6kkent\u00e9s\u00e9nek k\u00e9rd\u00e9se az egyik legfontosabb t\u00e9ma volt a Brexitr\u0151l tartott 2016-os brit n\u00e9pszavaz\u00e1st megel\u0151z\u0151 kamp\u00e1nyban.(MTI)<\/p>\n","protected":false},"excerpt":{"rendered":"<p>H\u00e1rom \u00e9ve nem tapasztalt m\u00e9lypontra cs\u00f6kkent a Nagy-Britanni\u00e1ban tart\u00f3san leteleped\u0151 k\u00fclf\u00f6ldiek sz\u00e1ma a m\u00e1rciussal z\u00e1rult 12 h\u00f3napban, r\u00e9szben az Eur\u00f3pai Uni\u00f3 kelet-k\u00f6z\u00e9p-eur\u00f3pai tagorsz\u00e1gaib\u00f3l \u00e9rkez\u0151k sz\u00e1m\u00e1nak visszaes\u00e9se miatt.<\/p>\n","protected":false},"author":1,"featured_media":0,"comment_status":"closed","ping_status":"open","sticky":false,"template":"","format":"standard","meta":[],"categories":[246],"tags":[],"_links":{"self":[{"href":"https:\/\/gazdasagportal.hu\/index.php\/wp-json\/wp\/v2\/posts\/96963"}],"collection":[{"href":"https:\/\/gazdasagportal.hu\/index.php\/wp-json\/wp\/v2\/posts"}],"about":[{"href":"https:\/\/gazdasagportal.hu\/index.php\/wp-json\/wp\/v2\/types\/post"}],"author":[{"embeddable":true,"href":"https:\/\/gazdasagportal.hu\/index.php\/wp-json\/wp\/v2\/users\/1"}],"replies":[{"embeddable":true,"href":"https:\/\/gazdasagportal.hu\/index.php\/wp-json\/wp\/v2\/comments?post=96963"}],"version-history":[{"count":1,"href":"https:\/\/gazdasagportal.hu\/index.php\/wp-json\/wp\/v2\/posts\/96963\/revisions"}],"predecessor-version":[{"id":96964,"href":"https:\/\/gazdasagportal.hu\/index.php\/wp-json\/wp\/v2\/posts\/96963\/revisions\/96964"}],"wp:attachment":[{"href":"https:\/\/gazdasagportal.hu\/index.php\/wp-json\/wp\/v2\/media?parent=96963"}],"wp:term":[{"taxonomy":"category","embeddable":true,"href":"https:\/\/gazdasagportal.hu\/index.php\/wp-json\/wp\/v2\/categories?post=96963"},{"taxonomy":"post_tag","embeddable":true,"href":"https:\/\/gazdasagportal.hu\/index.php\/wp-json\/wp\/v2\/tags?post=96963"}],"curies":[{"name":"wp","href":"https:\/\/api.w.org\/{rel}","templated":true}]}}