{"id":96921,"date":"2017-08-23T12:03:33","date_gmt":"2017-08-23T10:03:33","guid":{"rendered":"http:\/\/gazdasagportal.hu\/?p=96921"},"modified":"2017-08-23T12:03:33","modified_gmt":"2017-08-23T10:03:33","slug":"haromeves-megallapodast-irt-ala-a-szent-istvan-egyetemmel-az-ensz-szervezet","status":"publish","type":"post","link":"https:\/\/gazdasagportal.hu\/index.php\/haromeves-megallapodast-irt-ala-a-szent-istvan-egyetemmel-az-ensz-szervezet\/","title":{"rendered":"H\u00e1rom\u00e9ves meg\u00e1llapod\u00e1st \u00edrt al\u00e1 a Szent Istv\u00e1n Egyetemmel az ENSZ szervezet"},"content":{"rendered":"<p><strong>A g\u00f6d\u00f6ll\u0151i sz\u00e9khely\u0171\u00a0<a href=\"https:\/\/szie.hu\/\" data-saferedirecturl=\"https:\/\/www.google.com\/url?hl=hu&amp;q=https:\/\/szie.hu\/&amp;source=gmail&amp;ust=1503568124788000&amp;usg=AFQjCNHnGkCzi1X1aCY3CkXwzZUqi8ywuw\" target=\"_blank\" rel=\"noopener\">Szent Istv\u00e1n Egyetem<\/a>\u00a0\u00e9s az\u00a0<a href=\"http:\/\/www.fao.org\/europe\" data-saferedirecturl=\"https:\/\/www.google.com\/url?hl=hu&amp;q=http:\/\/www.fao.org\/europe&amp;source=gmail&amp;ust=1503568124788000&amp;usg=AFQjCNEiph2FuhEwm2ZEJOnRLj_QS8Wa6w\" target=\"_blank\" rel=\"noopener\">ENSZ \u00c9lelmez\u00e9s\u00fcgyi \u00e9s Mez\u0151gazdas\u00e1gi Szervezet\u00e9nek<\/a>\u00a0(FAO) Budapesten tal\u00e1lhat\u00f3 Eur\u00f3pai \u00e9s K\u00f6z\u00e9p-\u00c1zsiai Irod\u00e1ja eddigi eseti egy\u00fcttm\u0171k\u00f6d\u00e9s\u00e9t egy hivatalos egyet\u00e9rt\u00e9si meg\u00e1llapod\u00e1s v\u00e1ltja fel.<\/strong><!--more--><\/p>\n<div class=\"ads-in-post1\"><div id=\"gazdasagportal.hu_fullbanner_wideboard\"><\/div>\r\n<\/div>\n<p>&nbsp;<\/p>\n<p>A meg\u00e1llapod\u00e1s, melyet ma \u00fcnnep\u00e9lyes keretek k\u00f6z\u00f6tt G\u00f6d\u00f6ll\u0151n \u00edrtak al\u00e1, m\u00e9ly\u00edti \u00e9s szorosabb\u00e1 teszi a kapcsolatokat a k\u00f6vetkez\u0151 h\u00e1rom \u00e9vben.<\/p><div id=\"gazda-3192480186\" class=\"gazda-tartalomban gazda-entity-placement\"><script async src=\"https:\/\/pagead2.googlesyndication.com\/pagead\/js\/adsbygoogle.js\"><\/script>\r\n<ins class=\"adsbygoogle\"\r\n     style=\"display:block\"\r\n     data-ad-format=\"fluid\"\r\n     data-ad-layout-key=\"-6t+ed+2i-1n-4w\"\r\n     data-ad-client=\"ca-pub-1959107119989764\"\r\n     data-ad-slot=\"4008251320\"><\/ins>\r\n<script>\r\n     (adsbygoogle = window.adsbygoogle || []).push({});\r\n<\/script><\/div>\n<p>&nbsp;<\/p>\n<p>Kiemelt k\u00f6z\u00f6s c\u00e9l, ahogy az a meg\u00e1llapod\u00e1sban is megjelenik, tev\u00e9kenys\u00e9geik \u00f6sszehangol\u00e1sa \u201ea fenntarthat\u00f3 fejl\u0151d\u00e9s\u00e9rt az \u00e9lelmez\u00e9sbiztons\u00e1g ter\u00e9n az eur\u00f3pai \u00e9s a k\u00f6z\u00e9p-\u00e1zsiai r\u00e9gi\u00f3ban.\u201d<\/p>\n<p>&nbsp;<\/p>\n<p>Ezen t\u00fal mindk\u00e9t szervezetr\u0151l elmondhat\u00f3, hogy munk\u00e1juk alapja a tud\u00e1s \u00e9s a tud\u00e1smegoszt\u00e1s. Ez\u00e9rt egy\u00fcttm\u0171k\u00f6d\u00e9s\u00fckkel sz\u00e1mtalan ter\u00fcleten javul az inform\u00e1ci\u00f3csere, p\u00e9ld\u00e1ul a mez\u0151gazdas\u00e1g, vid\u00e9kfejleszt\u00e9s, vagy a mez\u0151gazdas\u00e1g t\u00e1rsadalmi \u00e9s gazdas\u00e1gi hat\u00e1sa ter\u00e9n.<\/p>\n<p>&nbsp;<\/p>\n<p>\u201eA FAO egy\u00fcttm\u0171k\u00f6d\u00e9se a Szent Istv\u00e1n Egyetemmel m\u00e1r eddig is el\u0151ny\u00f6s, hasznos \u00e9s \u00e9rt\u00e9kteremt\u0151 volt mindk\u00e9t f\u00e9l sz\u00e1m\u00e1ra\u201d, mondta Darya Alexeeva, a FAO partners\u00e9gek\u00e9rt felel\u0151s munkat\u00e1rsa. \u201eAz egyet\u00e9rt\u00e9si meg\u00e1llapod\u00e1s form\u00e1lis kereteket ad ennek \u00e9s a j\u00f6v\u0151beli folytat\u00e1snak.\u201d<\/p>\n<p>&nbsp;<\/p>\n<p>A Szent Istv\u00e1n Egyetem \u00e9vek \u00f3ta fogad k\u00fclf\u00f6ldr\u0151l FAO-\u00f6szt\u00f6nd\u00edjas hallgat\u00f3kat, akik k\u00f6z\u00fcl t\u00f6bben gyakornokk\u00e9nt a budapesti FAO irod\u00e1ban is dolgoztak.<\/p>\n<p>&nbsp;<\/p>\n<p>\u201cA FAO \u00f6szt\u00f6nd\u00edj eddig is lehet\u0151s\u00e9get teremtett a tehets\u00e9ges fiataloknak, hogy az int\u00e9zm\u00e9ny\u00fcnkben megszerzett tud\u00e1st \u00e9s gyakorlati tapasztalatokat a diploma ut\u00e1n, visszat\u00e9rve a haz\u00e1jukba, min\u00e9l hat\u00e9konyabban tudj\u00e1k hasznos\u00edtani. A most al\u00e1\u00edr\u00e1sra ker\u00fcl\u0151 meg\u00e1llapod\u00e1s tov\u00e1bbi lehet\u0151s\u00e9geket teremt a tud\u00e1smegoszt\u00e1sra olyan \u00e9get\u0151 mez\u0151gazdas\u00e1gi t\u00e9m\u00e1kban, mint az agr\u00e1rinnov\u00e1ci\u00f3, az \u00e1llatj\u00f3l\u00e9t t\u00e9mak\u00f6re vagy a kl\u00edmav\u00e1ltoz\u00e1ssal \u00e9s n\u00f6v\u00e9nyv\u00e9delemmel kapcsolatos ter\u00fcletek. \u201d \u2013 emelte ki T\u0151zs\u00e9r J\u00e1nos rektor.<\/p>\n<p>&nbsp;<\/p>\n<p>Tavaly novemberi magyarorsz\u00e1gi l\u00e1togat\u00e1sa sor\u00e1n a FAO f\u0151igazgat\u00f3j\u00e1t, Jos\u00e9 Graziano da Silv\u00e1t az Egyetem tiszteletbeli doktor\u00e1v\u00e1 avatt\u00e1k.<\/p>\n<p>&nbsp;<\/p>\n<p>\u201eR\u00e9szt vett az Egyetem a FAO\u00a0<a href=\"http:\/\/www.agrowebcee.net\/\" data-saferedirecturl=\"https:\/\/www.google.com\/url?hl=hu&amp;q=http:\/\/www.agrowebcee.net\/&amp;source=gmail&amp;ust=1503568124789000&amp;usg=AFQjCNEFAgFYxFCUrpVNNc1-hzW8LWLXUA\" target=\"_blank\" rel=\"noopener\">AgroWeb Network<\/a>\u00a0kidolgoz\u00e1s\u00e1ban, amely mez\u0151gazdas\u00e1gi inform\u00e1ci\u00f3s platformk\u00e9nt k\u00f6t\u00f6tte \u00f6ssze K\u00f6z\u00e9p-Kelet-Eur\u00f3pa \u00e9s a volt Szovjetuni\u00f3 tag\u00e1llamait\u201d, eml\u00edtett m\u00e9g egy sikeres p\u00e9ld\u00e1t Nevena Alexandrova-Stefanova, a FAO agr\u00e1rinnov\u00e1ci\u00f3s szak\u00e9rt\u0151je.<\/p>\n<p>&nbsp;<\/p>\n<p>Emellett a szak\u00e9rt\u0151 t\u00f6bb \u201ee-mez\u0151gazdas\u00e1gi\u201d, vagyis a mez\u0151gazdas\u00e1gban az inform\u00e1ci\u00f3s \u00e9s kommunik\u00e1ci\u00f3s technol\u00f3gi\u00e1k terjeszt\u00e9s\u00e9t c\u00e9lz\u00f3 k\u00e9pz\u00e9snek adott m\u00e1r otthont a g\u00f6d\u00f6ll\u0151i int\u00e9zm\u00e9ny.<\/p>\n<p>&nbsp;<\/p>\n<p>A j\u00f6v\u0151re n\u00e9zve ez a ter\u00fclet megmarad az egy\u00fcttm\u0171k\u00f6d\u00e9s egyik sarokk\u00f6v\u00e9nek, de a tud\u00e1smegoszt\u00e1s, k\u00e9pz\u00e9si tematik\u00e1k k\u00f6re kib\u0151v\u00fcl olyan t\u00e9m\u00e1kra is, mint az integr\u00e1lt n\u00f6v\u00e9nyv\u00e9delem.<\/p>\n<p>&nbsp;<\/p>\n<p>A c\u00e9lk\u00e9nt megjel\u00f6lt fenntarthat\u00f3s\u00e1ghoz hozz\u00e1tartozik a sz\u00e9n-dioxid-kibocs\u00e1t\u00e1s \u00e9s a kl\u00edmav\u00e1ltoz\u00e1s hat\u00e1sainak m\u00e9rs\u00e9kl\u00e9se is, \u00edgy ezek is beker\u00fcltek a h\u00e1rom\u00e9ves munkatervbe. Tov\u00e1bbi FAO projekthez ny\u00fajthat szakmai t\u00e1mogat\u00e1st a Szent Istv\u00e1n Egyetem az \u00e1llateg\u00e9szs\u00e9g, \u00e1llatj\u00f3l\u00e9t \u00e9s a haszon\u00e1llat-g\u00e9nmeg\u0151rz\u00e9s ter\u00fcletein.<\/p>\n<p><strong>\u00a0<\/strong><\/p>\n","protected":false},"excerpt":{"rendered":"<p>A g\u00f6d\u00f6ll\u0151i sz\u00e9khely\u0171\u00a0Szent Istv\u00e1n Egyetem\u00a0\u00e9s az\u00a0ENSZ \u00c9lelmez\u00e9s\u00fcgyi \u00e9s Mez\u0151gazdas\u00e1gi Szervezet\u00e9nek\u00a0(FAO) Budapesten tal\u00e1lhat\u00f3 Eur\u00f3pai \u00e9s K\u00f6z\u00e9p-\u00c1zsiai Irod\u00e1ja eddigi eseti egy\u00fcttm\u0171k\u00f6d\u00e9s\u00e9t egy hivatalos egyet\u00e9rt\u00e9si meg\u00e1llapod\u00e1s v\u00e1ltja fel.<\/p>\n","protected":false},"author":1,"featured_media":0,"comment_status":"closed","ping_status":"open","sticky":false,"template":"","format":"standard","meta":[],"categories":[19],"tags":[],"_links":{"self":[{"href":"https:\/\/gazdasagportal.hu\/index.php\/wp-json\/wp\/v2\/posts\/96921"}],"collection":[{"href":"https:\/\/gazdasagportal.hu\/index.php\/wp-json\/wp\/v2\/posts"}],"about":[{"href":"https:\/\/gazdasagportal.hu\/index.php\/wp-json\/wp\/v2\/types\/post"}],"author":[{"embeddable":true,"href":"https:\/\/gazdasagportal.hu\/index.php\/wp-json\/wp\/v2\/users\/1"}],"replies":[{"embeddable":true,"href":"https:\/\/gazdasagportal.hu\/index.php\/wp-json\/wp\/v2\/comments?post=96921"}],"version-history":[{"count":1,"href":"https:\/\/gazdasagportal.hu\/index.php\/wp-json\/wp\/v2\/posts\/96921\/revisions"}],"predecessor-version":[{"id":96922,"href":"https:\/\/gazdasagportal.hu\/index.php\/wp-json\/wp\/v2\/posts\/96921\/revisions\/96922"}],"wp:attachment":[{"href":"https:\/\/gazdasagportal.hu\/index.php\/wp-json\/wp\/v2\/media?parent=96921"}],"wp:term":[{"taxonomy":"category","embeddable":true,"href":"https:\/\/gazdasagportal.hu\/index.php\/wp-json\/wp\/v2\/categories?post=96921"},{"taxonomy":"post_tag","embeddable":true,"href":"https:\/\/gazdasagportal.hu\/index.php\/wp-json\/wp\/v2\/tags?post=96921"}],"curies":[{"name":"wp","href":"https:\/\/api.w.org\/{rel}","templated":true}]}}