{"id":96919,"date":"2017-08-23T11:17:04","date_gmt":"2017-08-23T09:17:04","guid":{"rendered":"http:\/\/gazdasagportal.hu\/?p=96919"},"modified":"2017-08-23T10:58:07","modified_gmt":"2017-08-23T08:58:07","slug":"illegalis-bevandorlas-szijjarto-soha-nem-volt-ilyen-rossz-a-biztonsagi-helyzet-europaban","status":"publish","type":"post","link":"https:\/\/gazdasagportal.hu\/index.php\/illegalis-bevandorlas-szijjarto-soha-nem-volt-ilyen-rossz-a-biztonsagi-helyzet-europaban\/","title":{"rendered":"Illeg\u00e1lis bev\u00e1ndorl\u00e1s &#8211; Szijj\u00e1rt\u00f3: soha nem volt ilyen rossz a biztons\u00e1gi helyzet Eur\u00f3p\u00e1ban"},"content":{"rendered":"<p><strong>A modern t\u00f6rt\u00e9nelem sor\u00e1n soha nem volt olyan rossz a biztons\u00e1gi helyzet Eur\u00f3p\u00e1ban mint jelenleg, az illeg\u00e1lis bev\u00e1ndorl\u00e1s nyom\u00e1n &#8211; jelentette ki Szijj\u00e1rt\u00f3 P\u00e9ter szerd\u00e1n az M1 aktu\u00e1lis csatorna m\u0171sor\u00e1ban.<\/strong><!--more--><\/p>\n<div class=\"ads-in-post1\"><div id=\"gazdasagportal.hu_fullbanner_wideboard\"><\/div>\r\n<\/div>\n<p>    A k\u00fclgazdas\u00e1gi \u00e9s k\u00fcl\u00fcgyminiszter azt mondta, ebben a helyzetben le kell sz\u00e1molni azzal a t\u00e9vhittel, hogy Nyugat-Eur\u00f3pa a vil\u00e1g egyik legbiztons\u00e1gosabb t\u00e9rs\u00e9ge, \u00e9s idej\u00e9t m\u00faltak azok a politikusi nyilatkozatok, miszerint &#8222;nem f\u00e9l\u00fcnk&#8221; \u00e9s &#8222;nem hagyjuk megv\u00e1ltoztatni az eur\u00f3pai \u00e9letform\u00e1t&#8221;.<br \/>\n    Ezzel szemben most azzal kellene foglalkoznia Eur\u00f3p\u00e1nak, hogy mik\u00e9nt \u00e1ll\u00edtsuk helyre a biztons\u00e1got az eur\u00f3pai emberek sz\u00e1m\u00e1ra &#8211; \u00e9rvelt.<br \/>\n    Mint elmondta: a val\u00f3s k\u00e9rd\u00e9sre az a v\u00e1lasz, hogy a terrorcselekm\u00e9nyeket az illeg\u00e1lis bev\u00e1ndorl\u00f3k, illetve azok k\u00f6vetik el, akik ugyan m\u00e1r Eur\u00f3p\u00e1ban sz\u00fclettek, de sz\u00fcleik, nagysz\u00fcleik bev\u00e1ndorl\u00f3k\u00e9nt \u00e9rkeztek a kontinensre.<br \/>\n    Vil\u00e1gosan kell besz\u00e9lni arr\u00f3l is, hogy ut\u00f3bbiak t\u00e1rsadalmi integr\u00e1ci\u00f3ja tot\u00e1lis kudarcot vallott, \u00e9s Nyugat-Eur\u00f3pa sz\u00e1mos orsz\u00e1g\u00e1ban p\u00e1rhuzamos t\u00e1rsadalmak j\u00f6ttek l\u00e9tre &#8211; tette hozz\u00e1 Szijj\u00e1rt\u00f3 P\u00e9ter.<br \/>\n    Figyelmet arra, egyre t\u00f6bb eur\u00f3pai orsz\u00e1g vezet\u0151i besz\u00e9lnek arr\u00f3l, amit a magyar korm\u00e1ny m\u00e1r \u00e9vek \u00f3ta hangoztat, hogy az illeg\u00e1lis bev\u00e1ndorl\u00e1st k\u00edv\u00fcl kell tartani Eur\u00f3p\u00e1n \u00e9s meg kell v\u00e9deni az eur\u00f3pai hat\u00e1rokat. M\u00e9gse sz\u00e1m\u00edthatunk arra, hogy akik kor\u00e1bban &#8222;szitoksz\u00f3k\u00e9nt&#8221; emlegett\u00e9k Magyarorsz\u00e1got, most majd igazat adnak nek\u00fcnk &#8211; jegyezte meg, hozz\u00e1t\u00e9ve: s\u0151t, m\u00e9g k\u00f6telezetts\u00e9gi elj\u00e1r\u00e1st is ind\u00edt az Eur\u00f3pai Bizotts\u00e1g Magyarorsz\u00e1ggal szemben, mert nem hajland\u00f3 befogadni illeg\u00e1lis bev\u00e1ndorl\u00f3kat.<br \/>\n    A t\u00e1rcavezet\u0151 arr\u00f3l is sz\u00f3lt, hogy a konzuli szolg\u00e1lat meger\u0151s\u00edt\u00e9s\u00e9t tervezik arra reag\u00e1lva, hogy egyre t\u00f6bb baleset \u00e9r k\u00fclf\u00f6ld\u00f6n magyar \u00e1llampolg\u00e1rokat; a jelenlegi 200-220 f\u0151s konzuli l\u00e9tsz\u00e1mot 80 f\u0151vel fogj\u00e1k n\u00f6velni.<br \/>\n    A politikus a Kossuth R\u00e1di\u00f3 180 perc c\u00edm\u0171 m\u0171sor\u00e1ban arr\u00f3l is besz\u00e9lt, hogy uni\u00f3s koll\u00e9g\u00e1i a k\u00fcl\u00fcgyminiszteri tan\u00e1cs\u00fcl\u00e9sek alkalm\u00e1val n\u00e9gyszemk\u00f6zt sz\u00e1mos alkalommal helyeslik a magyar korm\u00e1ny politik\u00e1j\u00e1t. Irigykednek az\u00e9rt, hogy a magyar korm\u00e1ny k\u00e9pviselet\u00e9ben kimondhatja, amit m\u00e1sok nem. S\u0151t, az \u00fcl\u00e9sek k\u00f6zben is kapja a dics\u00e9r\u0151 sms-eket &#8211; mondta el Szijj\u00e1rt\u00f3 P\u00e9ter, aki szerint a politikai korrekts\u00e9g b\u00e9kly\u00f3ja szorongatja az eur\u00f3pai politik\u00e1t, \u00e9s a br\u00fcsszeli politikai elitet sokszor a k\u00e9pmutat\u00e1s \u00e9s a politikai alkalmatlans\u00e1g jellemzi.<br \/>\n    Ami j\u00f3l megy a br\u00fcsszelieknek, az bizonyos tag\u00e1llamok folyamatos vegz\u00e1l\u00e1sa, holott ink\u00e1bb a kontinens biztons\u00e1g\u00e1r\u00f3l kellene besz\u00e9lni &#8211; \u00f6sszegzett Szijj\u00e1rt\u00f3 P\u00e9ter.(MTI)<\/p>\n","protected":false},"excerpt":{"rendered":"<p>A modern t\u00f6rt\u00e9nelem sor\u00e1n soha nem volt olyan rossz a biztons\u00e1gi helyzet Eur\u00f3p\u00e1ban mint jelenleg, az illeg\u00e1lis bev\u00e1ndorl\u00e1s nyom\u00e1n &#8211; jelentette ki Szijj\u00e1rt\u00f3 P\u00e9ter szerd\u00e1n az M1 aktu\u00e1lis csatorna m\u0171sor\u00e1ban.<\/p>\n","protected":false},"author":1,"featured_media":0,"comment_status":"closed","ping_status":"open","sticky":false,"template":"","format":"standard","meta":[],"categories":[4,12],"tags":[],"_links":{"self":[{"href":"https:\/\/gazdasagportal.hu\/index.php\/wp-json\/wp\/v2\/posts\/96919"}],"collection":[{"href":"https:\/\/gazdasagportal.hu\/index.php\/wp-json\/wp\/v2\/posts"}],"about":[{"href":"https:\/\/gazdasagportal.hu\/index.php\/wp-json\/wp\/v2\/types\/post"}],"author":[{"embeddable":true,"href":"https:\/\/gazdasagportal.hu\/index.php\/wp-json\/wp\/v2\/users\/1"}],"replies":[{"embeddable":true,"href":"https:\/\/gazdasagportal.hu\/index.php\/wp-json\/wp\/v2\/comments?post=96919"}],"version-history":[{"count":1,"href":"https:\/\/gazdasagportal.hu\/index.php\/wp-json\/wp\/v2\/posts\/96919\/revisions"}],"predecessor-version":[{"id":96920,"href":"https:\/\/gazdasagportal.hu\/index.php\/wp-json\/wp\/v2\/posts\/96919\/revisions\/96920"}],"wp:attachment":[{"href":"https:\/\/gazdasagportal.hu\/index.php\/wp-json\/wp\/v2\/media?parent=96919"}],"wp:term":[{"taxonomy":"category","embeddable":true,"href":"https:\/\/gazdasagportal.hu\/index.php\/wp-json\/wp\/v2\/categories?post=96919"},{"taxonomy":"post_tag","embeddable":true,"href":"https:\/\/gazdasagportal.hu\/index.php\/wp-json\/wp\/v2\/tags?post=96919"}],"curies":[{"name":"wp","href":"https:\/\/api.w.org\/{rel}","templated":true}]}}