{"id":96793,"date":"2017-08-20T11:33:48","date_gmt":"2017-08-20T09:33:48","guid":{"rendered":"http:\/\/gazdasagportal.hu\/?p=96793"},"modified":"2017-08-20T11:33:48","modified_gmt":"2017-08-20T09:33:48","slug":"hitelminosites-a-jovo-heten-vizsgalja-magyarorszag-allamados-osztalyzatat-a-standard-poors","status":"publish","type":"post","link":"https:\/\/gazdasagportal.hu\/index.php\/hitelminosites-a-jovo-heten-vizsgalja-magyarorszag-allamados-osztalyzatat-a-standard-poors\/","title":{"rendered":"Hitelmin\u0151s\u00edt\u00e9s &#8211; A j\u00f6v\u0151 h\u00e9ten vizsg\u00e1lja Magyarorsz\u00e1g \u00e1llamad\u00f3s-oszt\u00e1lyzat\u00e1t a Standard &#038; Poor&#8217;s"},"content":{"rendered":"<p><strong>A j\u00f6v\u0151 h\u00e9ten vizsg\u00e1lja a magyar \u00e1llamad\u00f3s-oszt\u00e1lyzatot a Standard &#038; Poor&#8217;s. A nemzetk\u00f6zi hitelmin\u0151s\u00edt\u0151 idei fel\u00fclvizsg\u00e1lati menetrendj\u00e9ben ez lesz a szuver\u00e9n magyar besorol\u00e1sok \u00e9rt\u00e9kel\u00e9s\u00e9re kit\u0171z\u00f6tt m\u00e1sodik id\u0151pont.<\/strong><!--more--><\/p>\n<div class=\"ads-in-post1\"><div id=\"gazdasagportal.hu_fullbanner_wideboard\"><\/div>\r\n<\/div>\n<p>    A Standard &#038; Poor&#8217;s augusztus 25-\u00e9re, j\u00f6v\u0151 p\u00e9ntekre t\u0171zte ki a magyar szuver\u00e9n oszt\u00e1lyzat vizsg\u00e1lat\u00e1t; ut\u00e1na az id\u00e9n m\u00e1r nem szerepel a c\u00e9g list\u00e1j\u00e1n a magyar \u00e1llamad\u00f3s-besorol\u00e1s \u00e9rt\u00e9kel\u00e9se.<br \/>\n    Az S&#038;P el\u0151z\u0151leg febru\u00e1r 24-\u00e9n vizsg\u00e1lta Magyarorsz\u00e1g hossz\u00fa \u00e9s a r\u00f6vid futamidej\u0171, deviz\u00e1ban \u00e9s forintban fenn\u00e1ll\u00f3 szuver\u00e9n k\u00f6telezetts\u00e9geinek &#8222;BBB m\u00ednusz\/A-3&#8221; besorol\u00e1s\u00e1t, amelyet akkor v\u00e1ltozatlan stabil kil\u00e1t\u00e1ssal meger\u0151s\u00edtett.<br \/>\n    Magyarorsz\u00e1g tavaly mindh\u00e1rom piacvezet\u0151 nemzetk\u00f6zi hitelmin\u0151s\u00edt\u0151n\u00e9l visszanyerte a befektet\u00e9sre aj\u00e1nlott oszt\u00e1lyzatot.<br \/>\n    A Fitch Ratings tavaly m\u00e1jusban, a Standard &#038; Poor&#8217;s szeptemberben, a Moody&#8217;s Investors Service novemberben emelte vissza a befektet\u00e9si aj\u00e1nl\u00e1s\u00fa kateg\u00f3ri\u00e1ba a magyar \u00e1llamad\u00f3s-besorol\u00e1st, \u00e9s az\u00f3ta azonos, &#8222;BBB m\u00ednusz\/Baa3&#8221; oszt\u00e1lyzattal \u00e9s egyar\u00e1nt stabil kil\u00e1t\u00e1ssal tartj\u00e1k nyilv\u00e1n Magyarorsz\u00e1g hossz\u00fa lej\u00e1rat\u00fa \u00e1llamad\u00f3ss\u00e1g\u00e1t.<br \/>\n    Ezek a besorol\u00e1sok a befektet\u00e9si aj\u00e1nl\u00e1s\u00fa s\u00e1v alapszintj\u00e9t jelentik.<br \/>\n    A Standard &#038; Poor&#8217;s \u00e1ltal \u00e9rv\u00e9nyben tartott stabil kil\u00e1t\u00e1s elvileg arra vall, hogy a c\u00e9g nem k\u00e9sz\u00fcl a magyar \u00e1llamad\u00f3s-oszt\u00e1lyzat m\u00f3dos\u00edt\u00e1s\u00e1ra.<br \/>\n    A kil\u00e1t\u00e1s el\u0151zetes m\u00f3dos\u00edt\u00e1sa azonban nem megk\u00f6vetelt el\u0151felt\u00e9tele az ad\u00f3soszt\u00e1lyzat m\u00f3dos\u00edt\u00e1s\u00e1nak. A Standard &#038; Poor&#8217;s a magyar \u00e1llamad\u00f3s-oszt\u00e1lyzat legut\u00f3bbi k\u00e9t felmin\u0151s\u00edt\u00e9s\u00e9t &#8211; k\u00f6zt\u00fck Magyarorsz\u00e1g visszaemel\u00e9s\u00e9t a befektet\u00e9si aj\u00e1nl\u00e1s\u00fa kateg\u00f3ri\u00e1ba &#8211; \u00fagy hajtotta v\u00e9gre, hogy el\u0151tte nem jav\u00edtotta pozit\u00edvra a besorol\u00e1s az\u00f3ta is stabil kil\u00e1t\u00e1s\u00e1t, b\u00e1r ez valamelyest szokatlan elj\u00e1r\u00e1s volt a nemzetk\u00f6zi hitelmin\u0151s\u00edt\u0151i gyakorlatban.<br \/>\n    Nem bizonyos azonban az sem, hogy a Standard &#038; Poor&#8217;s a j\u00f6v\u0151 p\u00e9ntekre kijel\u00f6lt \u00fajabb, idei utols\u00f3 fel\u00fclvizsg\u00e1lati id\u0151pontban b\u00e1rmilyen l\u00e9p\u00e9st bejelent.<br \/>\n    Az Eur\u00f3pai Uni\u00f3 \u00e1ltal a glob\u00e1lis p\u00e9nz\u00fcgyi v\u00e1ls\u00e1g ut\u00e1n \u00e9letbe l\u00e9ptetett szab\u00e1lyoz\u00e1s alapj\u00e1n &#8211; hacsak azonnali min\u0151s\u00edt\u00e9si l\u00e9p\u00e9st ig\u00e9nyl\u0151 rendk\u00edv\u00fcli fejlem\u00e9ny nem t\u00f6rt\u00e9nik &#8211; a hitelmin\u0151s\u00edt\u0151k az \u00e1ltaluk el\u0151re meghat\u00e1rozott, Br\u00fcsszelnek beny\u00fajtott id\u0151pontokban hajthatnak csak v\u00e9gre ad\u00f3soszt\u00e1lyzati l\u00e9p\u00e9seket EU-\u00e1llamad\u00f3sok eset\u00e9ben. A szab\u00e1lyoz\u00e1s azonban arra nem k\u00f6telezi a c\u00e9geket, hogy a kijel\u00f6lt napokon t\u00e9nylegesen m\u00f3dos\u00edts\u00e1k is a menetrendben sorra ker\u00fcl\u0151 szuver\u00e9n EU-ad\u00f3sok besorol\u00e1sait vagy az oszt\u00e1lyzatok kil\u00e1t\u00e1s\u00e1t.<br \/>\n    A Standard &#038; Poor&#8217;s j\u00f6v\u0151 p\u00e9nteki vizsg\u00e1lati id\u0151pontja ut\u00e1n a magyar ad\u00f3soszt\u00e1lyzat az id\u00e9n m\u00e9g k\u00e9tszer szerepel a m\u00e1sik k\u00e9t hitelmin\u0151s\u00edt\u0151 menetrendj\u00e9ben.<br \/>\n    A Fitch Ratings &#8211; amely m\u00e1jus 12-\u00e9n szint\u00e9n meger\u0151s\u00edtette v\u00e1ltozatlan stabil kil\u00e1t\u00e1ssal a magyar \u00e1llamad\u00f3ss\u00e1g besorol\u00e1s\u00e1t &#8211; legk\u00f6zelebb november 10-\u00e9n vizsg\u00e1lja Magyarorsz\u00e1got.<br \/>\n    A Moody&#8217;s Investors Service az \u00e1ltala alkalmazott fel\u00fclvizsg\u00e1lati elj\u00e1r\u00e1srend alapj\u00e1n az idei \u00e9vre is h\u00e1rom id\u0151pontot jel\u00f6lt ki: fel\u00fclvizsg\u00e1lati menetrendj\u00e9ben Magyarorsz\u00e1g el\u0151sz\u00f6r m\u00e1rcius 3-\u00e1n, ut\u00e1na j\u00falius 7-\u00e9n szerepelt, \u00e9s okt\u00f3ber 20-\u00e1n ker\u00fcl harmadszor is sorra.<br \/>\n    A Moody&#8217;s az idei els\u0151 k\u00e9t id\u0151pontban nem vizsg\u00e1lta \u00e9rdemben Magyarorsz\u00e1g \u00e1llamad\u00f3s-besorol\u00e1s\u00e1t, \u00edgy nem jelentett be oszt\u00e1lyzatm\u00f3dos\u00edt\u00e1st sem.(MTI)<\/p>\n","protected":false},"excerpt":{"rendered":"<p>A j\u00f6v\u0151 h\u00e9ten vizsg\u00e1lja a magyar \u00e1llamad\u00f3s-oszt\u00e1lyzatot a Standard &#038; Poor&#8217;s. A nemzetk\u00f6zi hitelmin\u0151s\u00edt\u0151 idei fel\u00fclvizsg\u00e1lati menetrendj\u00e9ben ez lesz a szuver\u00e9n magyar besorol\u00e1sok \u00e9rt\u00e9kel\u00e9s\u00e9re kit\u0171z\u00f6tt m\u00e1sodik id\u0151pont.<\/p>\n","protected":false},"author":1,"featured_media":67758,"comment_status":"closed","ping_status":"open","sticky":false,"template":"","format":"standard","meta":[],"categories":[146,19],"tags":[],"_links":{"self":[{"href":"https:\/\/gazdasagportal.hu\/index.php\/wp-json\/wp\/v2\/posts\/96793"}],"collection":[{"href":"https:\/\/gazdasagportal.hu\/index.php\/wp-json\/wp\/v2\/posts"}],"about":[{"href":"https:\/\/gazdasagportal.hu\/index.php\/wp-json\/wp\/v2\/types\/post"}],"author":[{"embeddable":true,"href":"https:\/\/gazdasagportal.hu\/index.php\/wp-json\/wp\/v2\/users\/1"}],"replies":[{"embeddable":true,"href":"https:\/\/gazdasagportal.hu\/index.php\/wp-json\/wp\/v2\/comments?post=96793"}],"version-history":[{"count":1,"href":"https:\/\/gazdasagportal.hu\/index.php\/wp-json\/wp\/v2\/posts\/96793\/revisions"}],"predecessor-version":[{"id":96794,"href":"https:\/\/gazdasagportal.hu\/index.php\/wp-json\/wp\/v2\/posts\/96793\/revisions\/96794"}],"wp:featuredmedia":[{"embeddable":true,"href":"https:\/\/gazdasagportal.hu\/index.php\/wp-json\/wp\/v2\/media\/67758"}],"wp:attachment":[{"href":"https:\/\/gazdasagportal.hu\/index.php\/wp-json\/wp\/v2\/media?parent=96793"}],"wp:term":[{"taxonomy":"category","embeddable":true,"href":"https:\/\/gazdasagportal.hu\/index.php\/wp-json\/wp\/v2\/categories?post=96793"},{"taxonomy":"post_tag","embeddable":true,"href":"https:\/\/gazdasagportal.hu\/index.php\/wp-json\/wp\/v2\/tags?post=96793"}],"curies":[{"name":"wp","href":"https:\/\/api.w.org\/{rel}","templated":true}]}}