{"id":96749,"date":"2017-08-18T14:32:55","date_gmt":"2017-08-18T12:32:55","guid":{"rendered":"http:\/\/gazdasagportal.hu\/?p=96749"},"modified":"2017-08-18T14:32:55","modified_gmt":"2017-08-18T12:32:55","slug":"augusztus-20-meteorologiai-szolgalat-orszagszerte-varhato-eso","status":"publish","type":"post","link":"https:\/\/gazdasagportal.hu\/index.php\/augusztus-20-meteorologiai-szolgalat-orszagszerte-varhato-eso\/","title":{"rendered":"Augusztus 20. &#8211; Meteorol\u00f3giai szolg\u00e1lat: orsz\u00e1gszerte v\u00e1rhat\u00f3 es\u0151"},"content":{"rendered":"<p><strong>Az eg\u00e9sz orsz\u00e1gban v\u00e1rhat\u00f3 es\u0151 vas\u00e1rnap, az \u00e1llamalap\u00edt\u00e1s napj\u00e1n &#8211; k\u00f6z\u00f6lte az Orsz\u00e1gos Meteorol\u00f3giai Szolg\u00e1lat p\u00e9nteken d\u00e9lut\u00e1n Facebook-oldal\u00e1n.<\/strong><!--more--><\/p>\n<div class=\"ads-in-post1\"><div id=\"gazdasagportal.hu_fullbanner_wideboard\"><\/div>\r\n<\/div>\n<p>    A meteorol\u00f3giai szolg\u00e1lat r\u00f6vid t\u00e1j\u00e9koztat\u00f3j\u00e1ban meger\u0151s\u00edtette, hogy a h\u00e9tv\u00e9g\u00e9n biztosan el\u00e9ri az orsz\u00e1got a hull\u00e1mz\u00f3 hidegfront. Ezt megel\u0151z\u0151en viszont m\u00e9g szombaton az orsz\u00e1g nagy r\u00e9sz\u00e9n k\u00e1nikula lesz, a leh\u0171l\u00e9s a nyugati megy\u00e9kben kezd\u0151dik.<br \/>\n    Az el\u0151rejelz\u00e9s szerint szombaton a legalacsonyabb h\u0151m\u00e9rs\u00e9klet \u00e1ltal\u00e1ban 16-21 fok k\u00f6z\u00f6tt val\u00f3sz\u00edn\u0171, de az \u00c9szaki-k\u00f6z\u00e9phegys\u00e9g v\u00f6lgyeiben ak\u00e1r 14 fokig is leh\u0171lhet a leveg\u0151. A legmagasabb h\u0151m\u00e9rs\u00e9klet nagyr\u00e9szt 31-36 fok k\u00f6z\u00f6tt v\u00e1rhat\u00f3, de \u00e9szaknyugaton 30 fok alatti \u00e9rt\u00e9kek is lesznek.<br \/>\n    Vas\u00e1rnap a leghidegebb \u00f3r\u00e1kban 14-20 fok lehet. A nappali maximumok v\u00e1rhat\u00f3an 18-25 fok k\u00f6z\u00f6tt alakulnak (a tart\u00f3san borult, csapad\u00e9kos helyeken lesz a legh\u0171v\u00f6sebb, a Tisz\u00e1nt\u00fal keleti fel\u00e9n pedig m\u00e9g 25 fok f\u00f6l\u00e9 melegedhet a leveg\u0151).<br \/>\n    A meteorol\u00f3giai szolg\u00e1lat &#8211; v\u00e1laszai k\u00f6z\u00f6tt &#8211; kit\u00e9rt arra is, hogy vas\u00e1rnap orsz\u00e1gszerte esni fog, de egyszerre nem minden\u00fctt. A nap els\u0151 fel\u00e9ben a Dun\u00e1nt\u00falon \u00e9s k\u00f6z\u00e9ps\u0151 megy\u00e9kben eshet, k\u00e9s\u0151bb keleten &#8211; z\u00e1pores\u0151, egy-egy zivatar is lehet. Az esti \u00f3r\u00e1kban d\u00f6nt\u0151en az orsz\u00e1g keleti harmad\u00e1n lehet csapad\u00e9k.<br \/>\n    A sz\u00e9l t\u00f6bbnyire er\u0151s (40-55 kilom\u00e9ter\/\u00f3r\u00e1s) lesz, de a Dun\u00e1nt\u00falon \u00e9s esetleg \u00e9szakkeleten n\u00e9hol viharos (60-65 kilom\u00e9ter\/\u00f3r\u00e1s) l\u00f6k\u00e9sek is lehetnek. Vas\u00e1rnap a Heves-B\u00e9k\u00e9s s\u00e1v lehet a legkev\u00e9sb\u00e9 szeles ter\u00fclet &#8211; \u00edrta a meteorol\u00f3giai szolg\u00e1lat, de kiemelt\u00e9k: a helyzet v\u00e1ltozhat, ez\u00e9rt aj\u00e1nlott t\u00e1j\u00e9koz\u00f3dni a meteorol\u00f3giai szolg\u00e1lat honlapj\u00e1n, ahol az el\u0151rejelz\u00e9sek \u00e9s vesz\u00e9lyjelz\u00e9sek mellett Budapest, valamint a Balaton, Velencei-t\u00f3, Tisza-t\u00f3 id\u0151j\u00e1r\u00e1s\u00e1r\u00f3l k\u00fcl\u00f6n oldalakon is t\u00e1j\u00e9koz\u00f3dni lehet.(MTI)<\/p>\n","protected":false},"excerpt":{"rendered":"<p>Az eg\u00e9sz orsz\u00e1gban v\u00e1rhat\u00f3 es\u0151 vas\u00e1rnap, az \u00e1llamalap\u00edt\u00e1s napj\u00e1n &#8211; k\u00f6z\u00f6lte az Orsz\u00e1gos Meteorol\u00f3giai Szolg\u00e1lat p\u00e9nteken d\u00e9lut\u00e1n Facebook-oldal\u00e1n.<\/p>\n","protected":false},"author":1,"featured_media":0,"comment_status":"closed","ping_status":"open","sticky":false,"template":"","format":"standard","meta":[],"categories":[4],"tags":[],"_links":{"self":[{"href":"https:\/\/gazdasagportal.hu\/index.php\/wp-json\/wp\/v2\/posts\/96749"}],"collection":[{"href":"https:\/\/gazdasagportal.hu\/index.php\/wp-json\/wp\/v2\/posts"}],"about":[{"href":"https:\/\/gazdasagportal.hu\/index.php\/wp-json\/wp\/v2\/types\/post"}],"author":[{"embeddable":true,"href":"https:\/\/gazdasagportal.hu\/index.php\/wp-json\/wp\/v2\/users\/1"}],"replies":[{"embeddable":true,"href":"https:\/\/gazdasagportal.hu\/index.php\/wp-json\/wp\/v2\/comments?post=96749"}],"version-history":[{"count":1,"href":"https:\/\/gazdasagportal.hu\/index.php\/wp-json\/wp\/v2\/posts\/96749\/revisions"}],"predecessor-version":[{"id":96750,"href":"https:\/\/gazdasagportal.hu\/index.php\/wp-json\/wp\/v2\/posts\/96749\/revisions\/96750"}],"wp:attachment":[{"href":"https:\/\/gazdasagportal.hu\/index.php\/wp-json\/wp\/v2\/media?parent=96749"}],"wp:term":[{"taxonomy":"category","embeddable":true,"href":"https:\/\/gazdasagportal.hu\/index.php\/wp-json\/wp\/v2\/categories?post=96749"},{"taxonomy":"post_tag","embeddable":true,"href":"https:\/\/gazdasagportal.hu\/index.php\/wp-json\/wp\/v2\/tags?post=96749"}],"curies":[{"name":"wp","href":"https:\/\/api.w.org\/{rel}","templated":true}]}}