{"id":96744,"date":"2017-08-18T12:46:15","date_gmt":"2017-08-18T10:46:15","guid":{"rendered":"http:\/\/gazdasagportal.hu\/?p=96744"},"modified":"2017-08-18T12:46:15","modified_gmt":"2017-08-18T10:46:15","slug":"magyarorszagon-nott-a-leggyorsabban-az-epitoipari-termeles-az-eu-ban-juniusban","status":"publish","type":"post","link":"https:\/\/gazdasagportal.hu\/index.php\/magyarorszagon-nott-a-leggyorsabban-az-epitoipari-termeles-az-eu-ban-juniusban\/","title":{"rendered":"Magyarorsz\u00e1gon n\u0151tt a leggyorsabban az \u00e9p\u00edt\u0151ipari termel\u00e9s az EU-ban j\u00faniusban"},"content":{"rendered":"<p><strong>Az el\u0151z\u0151 havihoz k\u00e9pest ugyan cs\u00f6kkent j\u00faniusban az eur\u00f3\u00f6vezet \u00e9s az EU \u00e9p\u00edt\u0151ipari termel\u00e9se, \u00e9ves \u00f6sszevet\u00e9sben viszont gyorsult a n\u00f6veked\u00e9s \u00fcteme; a legnagyobb \u00e9ves b\u0151v\u00fcl\u00e9st a magyar \u00e9p\u00edt\u0151ipari termel\u00e9s \u00e9rte el a hatodik h\u00f3napban az Eur\u00f3pai Uni\u00f3 statisztikai hivatala, az Eurostat p\u00e9nteken kiadott adatai szerint. <\/strong><!--more--><\/p>\n<div class=\"ads-in-post1\"><div id=\"gazdasagportal.hu_fullbanner_wideboard\"><\/div>\r\n<\/div>\n<p>    Az eur\u00f3\u00f6vezetben 3,4 sz\u00e1zal\u00e9kkal, az EU-ban 3,6 sz\u00e1zal\u00e9kkal n\u0151tt az \u00e9p\u00edt\u0151ipar termel\u00e9se az id\u00e9n j\u00faniusban 2016 j\u00fanius\u00e1hoz k\u00e9pest. M\u00e1jusban az eur\u00f3\u00f6vezeti \u00e9p\u00edt\u0151ipari termel\u00e9s 2,7 sz\u00e1zal\u00e9kkal n\u0151tt, az EU-ban pedig 3,1 sz\u00e1zal\u00e9kkal.<br \/>\n    Az eur\u00f3\u00f6vezet 19 tag\u00e1llam\u00e1nak \u00e9p\u00edt\u0151ipari termel\u00e9se j\u00faniusban 0,5 sz\u00e1zal\u00e9kkal cs\u00f6kkent az el\u0151z\u0151 havihoz k\u00e9pest, az Eur\u00f3pai Uni\u00f3 28 tag\u00e1llam\u00e1ban pedig 0,2 sz\u00e1zal\u00e9kkal cs\u00f6kkent. M\u00e1jusban az eur\u00f3\u00f6vezetben 0,2 sz\u00e1zal\u00e9kkal, az EU-ban pedig 0,5 sz\u00e1zal\u00e9kkal cs\u00f6kkent az \u00e9p\u00edt\u0151ipar termel\u00e9se az el\u0151z\u0151 havihoz k\u00e9pest.<br \/>\n    A legnagyobb havi cs\u00f6kken\u00e9st az \u00e9p\u00edt\u0151ipar termel\u00e9s\u00e9ben N\u00e9metorsz\u00e1gban regisztr\u00e1lt\u00e1k j\u00faniusban, 1,0 sz\u00e1zal\u00e9kosat. Belgiumban \u00e9s Franciaorsz\u00e1gban 0,7 sz\u00e1zal\u00e9kkal, az Egyes\u00fclt Kir\u00e1lys\u00e1gban 0,2 sz\u00e1zal\u00e9kkal cs\u00f6kkent az ipari termel\u00e9s. Szlov\u00e9ni\u00e1ban 12,1 sz\u00e1zal\u00e9kos volt a n\u00f6veked\u00e9s, Spanyolorsz\u00e1gban \u00e9s Szlov\u00e1ki\u00e1ban 2,2 sz\u00e1zal\u00e9kos, Lengyelorsz\u00e1gban pedig 2,1 sz\u00e1zal\u00e9kos.<br \/>\n    Magyarorsz\u00e1gon j\u00faniusban 1,1 sz\u00e1zal\u00e9kkal, m\u00e1jusban 7,5 sz\u00e1zal\u00e9kkal n\u0151tt az ipari termel\u00e9s az el\u0151z\u0151 h\u00f3naphoz k\u00e9pest. A m\u00e1sodik negyed\u00e9vi n\u00f6veked\u00e9s 6,3 sz\u00e1zal\u00e9kos volt az el\u0151z\u0151 negyed\u00e9vhez k\u00e9pest, az els\u0151 negyed\u00e9vi pedig 9,0 sz\u00e1zal\u00e9kos.<br \/>\n    A legnagyobb \u00e9ves n\u00f6veked\u00e9st Magyarorsz\u00e1gon regisztr\u00e1lt\u00e1k j\u00faniusban, 27,2 sz\u00e1zal\u00e9kosat. Szlov\u00e9ni\u00e1ban 21,2 sz\u00e1zal\u00e9kos, Sv\u00e9dorsz\u00e1gban 17,3 sz\u00e1zal\u00e9kos, Lengyelorsz\u00e1gban 13,4 sz\u00e1zal\u00e9kos volt a n\u00f6veked\u00e9s. Cs\u00f6kken\u00e9st Rom\u00e1ni\u00e1ban \u00e9s Szlov\u00e1ki\u00e1ban mutattak ki, 6,3 \u00e9s 0,5 sz\u00e1zal\u00e9kosat.<br \/>\n    A j\u00faniusi 27,2 sz\u00e1zal\u00e9k n\u00f6veked\u00e9st megel\u0151z\u0151en m\u00e1jusban 35,4 sz\u00e1zal\u00e9kkal n\u0151tt a magyar \u00e9p\u00edt\u0151ipari termel\u00e9s az egy \u00e9vvel kor\u00e1bbihoz k\u00e9pest. Az idei m\u00e1sodik negyed\u00e9v \u00e9p\u00edt\u0151ipari termel\u00e9se 28,4 sz\u00e1zal\u00e9kkal haladta meg a tavalyi m\u00e1sodik negyed\u00e9vit, az els\u0151 negyed\u00e9vi pedig 24,6 sz\u00e1zal\u00e9kkal az el\u0151z\u0151 \u00e9vit.(MTI)<\/p>\n","protected":false},"excerpt":{"rendered":"<p>Az el\u0151z\u0151 havihoz k\u00e9pest ugyan cs\u00f6kkent j\u00faniusban az eur\u00f3\u00f6vezet \u00e9s az EU \u00e9p\u00edt\u0151ipari termel\u00e9se, \u00e9ves \u00f6sszevet\u00e9sben viszont gyorsult a n\u00f6veked\u00e9s \u00fcteme; a legnagyobb \u00e9ves b\u0151v\u00fcl\u00e9st a magyar \u00e9p\u00edt\u0151ipari termel\u00e9s \u00e9rte el a hatodik h\u00f3napban az Eur\u00f3pai Uni\u00f3 statisztikai hivatala, az Eurostat p\u00e9nteken kiadott adatai szerint.<\/p>\n","protected":false},"author":1,"featured_media":0,"comment_status":"closed","ping_status":"open","sticky":false,"template":"","format":"standard","meta":[],"categories":[19],"tags":[],"_links":{"self":[{"href":"https:\/\/gazdasagportal.hu\/index.php\/wp-json\/wp\/v2\/posts\/96744"}],"collection":[{"href":"https:\/\/gazdasagportal.hu\/index.php\/wp-json\/wp\/v2\/posts"}],"about":[{"href":"https:\/\/gazdasagportal.hu\/index.php\/wp-json\/wp\/v2\/types\/post"}],"author":[{"embeddable":true,"href":"https:\/\/gazdasagportal.hu\/index.php\/wp-json\/wp\/v2\/users\/1"}],"replies":[{"embeddable":true,"href":"https:\/\/gazdasagportal.hu\/index.php\/wp-json\/wp\/v2\/comments?post=96744"}],"version-history":[{"count":1,"href":"https:\/\/gazdasagportal.hu\/index.php\/wp-json\/wp\/v2\/posts\/96744\/revisions"}],"predecessor-version":[{"id":96745,"href":"https:\/\/gazdasagportal.hu\/index.php\/wp-json\/wp\/v2\/posts\/96744\/revisions\/96745"}],"wp:attachment":[{"href":"https:\/\/gazdasagportal.hu\/index.php\/wp-json\/wp\/v2\/media?parent=96744"}],"wp:term":[{"taxonomy":"category","embeddable":true,"href":"https:\/\/gazdasagportal.hu\/index.php\/wp-json\/wp\/v2\/categories?post=96744"},{"taxonomy":"post_tag","embeddable":true,"href":"https:\/\/gazdasagportal.hu\/index.php\/wp-json\/wp\/v2\/tags?post=96744"}],"curies":[{"name":"wp","href":"https:\/\/api.w.org\/{rel}","templated":true}]}}