{"id":96703,"date":"2017-08-17T15:12:14","date_gmt":"2017-08-17T13:12:14","guid":{"rendered":"http:\/\/gazdasagportal.hu\/?p=96703"},"modified":"2017-08-17T15:12:14","modified_gmt":"2017-08-17T13:12:14","slug":"cegkapu-mar-csak-par-napja-van-hogy-bejelentse-cege-elerhetoseget","status":"publish","type":"post","link":"https:\/\/gazdasagportal.hu\/index.php\/cegkapu-mar-csak-par-napja-van-hogy-bejelentse-cege-elerhetoseget\/","title":{"rendered":"C\u00e9gkapu: m\u00e1r csak p\u00e1r napja van, hogy bejelentse c\u00e9ge el\u00e9rhet\u0151s\u00e9g\u00e9t"},"content":{"rendered":"<p><strong>Ha m\u00e9g nem tette meg, jelentse be c\u00e9g\u00e9nek kapcsolattart\u00e1sra szolg\u00e1l\u00f3 hivatalos el\u00e9rhet\u0151s\u00e9g\u00e9t az \u00fcgyf\u00e9lkapu mint\u00e1j\u00e1ra nemr\u00e9g l\u00e9trehozott c\u00e9gkapu oldalon, hiszen augusztus 30-\u00e1n lej\u00e1r az erre szolg\u00e1l\u00f3 hat\u00e1rid\u0151!<\/strong><!--more--><\/p>\n<div class=\"ads-in-post1\"><div id=\"gazdasagportal.hu_fullbanner_wideboard\"><\/div>\r\n<\/div>\n<p><strong>\u00a0<\/strong><\/p>\n<p><strong>De mi is val\u00f3j\u00e1ban a c\u00e9gkapu?<\/strong><\/p>\n<p>&nbsp;<\/p><div id=\"gazda-1053892348\" class=\"gazda-tartalomban gazda-entity-placement\"><script async src=\"https:\/\/pagead2.googlesyndication.com\/pagead\/js\/adsbygoogle.js\"><\/script>\r\n<ins class=\"adsbygoogle\"\r\n     style=\"display:block\"\r\n     data-ad-format=\"fluid\"\r\n     data-ad-layout-key=\"-6t+ed+2i-1n-4w\"\r\n     data-ad-client=\"ca-pub-1959107119989764\"\r\n     data-ad-slot=\"4008251320\"><\/ins>\r\n<script>\r\n     (adsbygoogle = window.adsbygoogle || []).push({});\r\n<\/script><\/div>\n<p>A mag\u00e1nszem\u00e9lyek \u00e1ltal ig\u00e9nyelhet\u0151 \u00fcgyf\u00e9lkapu mint\u00e1j\u00e1ra l\u00e9trej\u00f6tt az \u00fan. c\u00e9gkapu, ami a c\u00e9gek sz\u00e1m\u00e1ra k\u00f6telez\u0151. A c\u00e9gkapu a hivatalos szervekkel val\u00f3 elektronikus kapcsolattart\u00e1st szolg\u00e1lja, azaz az interneten kereszt\u00fcl a c\u00e9gek hivatalos \u00fcgyekben dokumentumokat k\u00fcldhetnek, fogadhatnak. Jogszab\u00e1ly rendelkezhet \u00fagy, hogy az elektronikus kapcsolattart\u00e1ssal eleget lehet tenni a szem\u00e9lyes megjelen\u00e9si k\u00f6telezetts\u00e9ggel j\u00e1r\u00f3 elj\u00e1r\u00e1si cselekm\u00e9ny teljes\u00edt\u00e9s\u00e9nek is, \u00edgy elvben emiatt is k\u00f6nnyebben int\u00e9zhet\u0151v\u00e9 v\u00e1lnak a hivatali \u00fcgyek.<\/p>\n<p>&nbsp;<\/p>\n<p><strong>Hol kell a c\u00e9gkapun kopogtatni?<\/strong><\/p>\n<p>&nbsp;<\/p>\n<p>A c\u00e9gkapu regisztr\u00e1ci\u00f3s oldala a cegkapu.gov.hu oldalon \u00e9rhet\u0151 el. A regisztr\u00e1ci\u00f3 sor\u00e1n a c\u00e9gk\u00e9pvisel\u0151 vagy a meghatalmazottja bejelentkezik az alkalmaz\u00e1sba (ehhez a l\u00e9p\u00e9shez sz\u00fcks\u00e9ges lehet az \u00fcgyf\u00e9lkapus hozz\u00e1f\u00e9r\u00e9s), kiv\u00e1lasztja a regisztr\u00e1land\u00f3 c\u00e9g c\u00e9gform\u00e1j\u00e1t, megadja a sz\u00fcks\u00e9ges adatokat. Ezek ut\u00e1n a regisztr\u00e1ci\u00f3s alkalmaz\u00e1s kapcsolatba l\u00e9p az \u00e9rintett k\u00f6zhiteles nyilv\u00e1ntart\u00e1sokkal \u00e9s ellen\u0151rz\u00e9seket hajt v\u00e9gre, \u00e9s eredm\u00e9nyes regisztr\u00e1ci\u00f3 eset\u00e9n az alkalmaz\u00e1s elt\u00e1rolja a regisztr\u00e1ci\u00f3s adatokat, \u00e9s elektronikusan hiteles\u00edtett visszaigazol\u00e1st ad.<\/p>\n<p>&nbsp;<\/p>\n<p><strong>Bejelent\u00e9si k\u00f6telezetts\u00e9g \u2013 a hat\u00e1rid\u0151 augusztus v\u00e9ge!<\/strong><\/p>\n<p>&nbsp;<\/p>\n<p>Az elektronikus \u00fcgyint\u00e9z\u00e9s \u00e9s bizalmi szolg\u00e1ltat\u00e1sok \u00e1ltal\u00e1nos szab\u00e1lyair\u00f3l sz\u00f3l\u00f3 2015. \u00e9vi CCXXII. <strong>t\u00f6rv\u00e9ny k\u00f6telezi a 2017. janu\u00e1r 1-j\u00e9n m\u00e1r m\u0171k\u00f6d\u0151 gazd\u00e1lkod\u00f3 szervezeteket arra, hogy a jogszab\u00e1lynak megfelel\u0151 elektronikus kapcsolattart\u00e1sra szolg\u00e1l\u00f3 el\u00e9rhet\u0151s\u00e9get 2017. augusztus 30-ig jelents\u00e9k be a rendelkez\u00e9si nyilv\u00e1ntart\u00e1sba<\/strong> (err\u0151l b\u0151vebben a Nemzeti Infokommunik\u00e1ci\u00f3s Szolg\u00e1ltat\u00f3 Zrt. (NISZ) <a href=\"http:\/\/www.nisz.hu\/hu\/ck-c%C3%A9gkapu\" target=\"_blank\" rel=\"noopener\">honlapj\u00e1n<\/a> tal\u00e1lhat\u00f3 t\u00e1j\u00e9koztat\u00e1s). A vonatkoz\u00f3 korm\u00e1nyrendelet alapj\u00e1n a NISZ minden gazd\u00e1lkod\u00f3 szervezet sz\u00e1m\u00e1ra d\u00edjmentesen biztos\u00edt elektronikus kapcsolattart\u00e1sra szolg\u00e1l\u00f3 tart\u00f3s t\u00e1rhelyet 300 MB m\u00e9retig. Ett\u0151l f\u00fcggetlen\u00fcl a szolg\u00e1ltat\u00f3 biztos\u00edtja, hogy a k\u00fcldem\u00e9nyek m\u00e9rett\u0151l f\u00fcggetlen\u00fcl is be\u00e9rkezzenek a t\u00e1rhelyre.<\/p>\n<p>&nbsp;<\/p>\n<p><strong>\u00c1tmeneti id\u0151szakra vonatkoz\u00f3 szab\u00e1lyok<\/strong><\/p>\n<p>&nbsp;<\/p>\n<ol start=\"2017\">\n<li>december 31-ig t\u00fcrelmi id\u0151szak van, azaz, ha jogszab\u00e1ly alapj\u00e1n az \u00fcgyf\u00e9l elektronikus \u00fcgyint\u00e9z\u00e9sre k\u00f6teles, \u00e9s elektronikus el\u00e9rhet\u0151s\u00e9ge az elektronikus \u00fcgyint\u00e9z\u00e9st biztos\u00edt\u00f3 szerv sz\u00e1m\u00e1ra nem ismert, akkor ez a szervezet els\u0151 alkalommal pap\u00edr alapon veszi fel a kapcsolatot, \u00e9s ezzel egyidej\u0171leg felh\u00edvja az \u00fcgyfelet arra, hogy beadv\u00e1nyait, iratait, okirati bizony\u00edt\u00e9kait kiz\u00e1r\u00f3lag elektronikus \u00faton ny\u00fajthatja be, \u00e9s t\u00e1j\u00e9koztatja a nem elektronikus \u00faton t\u00f6rt\u00e9n\u0151 beny\u00fajt\u00e1s jogk\u00f6vetkezm\u00e9nyeir\u0151l. A c\u00e9gt\u00f6rv\u00e9ny szerint 2018. janu\u00e1r 1-j\u00e9t\u0151l a c\u00e9gjegyz\u00e9kben m\u00e1r k\u00f6telez\u0151en szerepeltetni kell a c\u00e9gkapu, azaz a c\u00e9g hivatalos elektronikus el\u00e9rhet\u0151s\u00e9g\u00e9t, ezt megel\u0151z\u0151en a c\u00e9g k\u00e9rheti az adat nyilv\u00e1ntart\u00e1sba v\u00e9tel\u00e9t.<\/li>\n<\/ol>\n<p>&nbsp;<\/p>\n<p>\u201eFontos tudni, hogy 2018. janu\u00e1r 1-j\u00e9t k\u00f6vet\u0151en, ha a gazd\u00e1lkod\u00f3 szervezet a fentiek szerinti k\u00f6telezetts\u00e9gnek nem tesz eleget, \u00fagy az elektronikus \u00fcgyint\u00e9z\u00e9st biztos\u00edt\u00f3 szerv kezdem\u00e9nyezi a t\u00f6rv\u00e9nyess\u00e9gi fel\u00fcgyeleti elj\u00e1r\u00e1s vagy hat\u00f3s\u00e1gi ellen\u0151rz\u00e9s lefolytat\u00e1s\u00e1t\u201d \u2013 figyelmezteti a c\u00e9gvezet\u0151ket Szopk\u00f3n\u00e9 dr. Horv\u00e1th Ildik\u00f3 \u00fcgyv\u00e9d, a WTS Klient partnere.<\/p>\n<p>&nbsp;<\/p>\n<p>A c\u00e9gkapun t\u00f6rt\u00e9n\u0151 regisztr\u00e1ci\u00f3hoz seg\u00edts\u00e9get \u00e9s inform\u00e1ci\u00f3kat <a href=\"http:\/\/wtsklient.hu\/2017\/08\/01\/cegkapu-regisztracio\/\" target=\"_blank\" rel=\"noopener\">itt<\/a> tal\u00e1l.<\/p>\n<p>&nbsp;<\/p>\n<p><strong>A WTS-r\u0151l<\/strong><\/p>\n<p>&nbsp;<\/p>\n<p>A m\u00fcncheni k\u00f6zpont\u00fa WTS Global ad\u00f3z\u00e1s, valamint jogi \u00e9s sz\u00e1mviteli tan\u00e1csad\u00e1s ter\u00fclet\u00e9n m\u0171k\u00f6d\u0151 tan\u00e1csad\u00f3 c\u00e9gek nemzetk\u00f6zi h\u00e1l\u00f3zata. Egy\u00fcttm\u0171k\u00f6d\u0151 partnereivel t\u00f6bb mint 100 orsz\u00e1gban van jelen, k\u00f6zt\u00fck 23 k\u00f6z\u00e9p-kelet-eur\u00f3pai c\u00e9ggel dolgozik egy\u00fctt. \u00a0A dinamikus fejl\u0151d\u00e9sben a n\u00e9met k\u00f6zpont leger\u0151sebb r\u00e9gi\u00f3s partnere \u00e9s kiz\u00e1r\u00f3lagos magyarorsz\u00e1gi k\u00e9pvisel\u0151je a 100 %-ban magyar tulajdon\u00fa WTS Klient, amely ma m\u00e1r t\u00f6bb mint 100 f\u0151t foglalkoztat, bev\u00e9tele pedig el\u00e9ri a 1,2 milli\u00e1rd forintot. A c\u00e9g \u00fcgyfelei k\u00f6z\u00f6tt tudhat sz\u00e1mos nemzetk\u00f6zi nagyv\u00e1llalatot.<\/p>\n<p>&nbsp;<\/p>\n<p>&nbsp;<\/p>\n<p>Tov\u00e1bbi inform\u00e1ci\u00f3: <a href=\"http:\/\/www.wtsklient.hu\" target=\"_blank\" rel=\"noopener\">www.wtsklient.hu<\/a><\/p>\n","protected":false},"excerpt":{"rendered":"<p>Ha m\u00e9g nem tette meg, jelentse be c\u00e9g\u00e9nek kapcsolattart\u00e1sra szolg\u00e1l\u00f3 hivatalos el\u00e9rhet\u0151s\u00e9g\u00e9t az \u00fcgyf\u00e9lkapu mint\u00e1j\u00e1ra nemr\u00e9g l\u00e9trehozott c\u00e9gkapu oldalon, hiszen augusztus 30-\u00e1n lej\u00e1r az erre szolg\u00e1l\u00f3 hat\u00e1rid\u0151!<\/p>\n","protected":false},"author":1,"featured_media":0,"comment_status":"closed","ping_status":"open","sticky":false,"template":"","format":"standard","meta":[],"categories":[19],"tags":[],"_links":{"self":[{"href":"https:\/\/gazdasagportal.hu\/index.php\/wp-json\/wp\/v2\/posts\/96703"}],"collection":[{"href":"https:\/\/gazdasagportal.hu\/index.php\/wp-json\/wp\/v2\/posts"}],"about":[{"href":"https:\/\/gazdasagportal.hu\/index.php\/wp-json\/wp\/v2\/types\/post"}],"author":[{"embeddable":true,"href":"https:\/\/gazdasagportal.hu\/index.php\/wp-json\/wp\/v2\/users\/1"}],"replies":[{"embeddable":true,"href":"https:\/\/gazdasagportal.hu\/index.php\/wp-json\/wp\/v2\/comments?post=96703"}],"version-history":[{"count":1,"href":"https:\/\/gazdasagportal.hu\/index.php\/wp-json\/wp\/v2\/posts\/96703\/revisions"}],"predecessor-version":[{"id":96704,"href":"https:\/\/gazdasagportal.hu\/index.php\/wp-json\/wp\/v2\/posts\/96703\/revisions\/96704"}],"wp:attachment":[{"href":"https:\/\/gazdasagportal.hu\/index.php\/wp-json\/wp\/v2\/media?parent=96703"}],"wp:term":[{"taxonomy":"category","embeddable":true,"href":"https:\/\/gazdasagportal.hu\/index.php\/wp-json\/wp\/v2\/categories?post=96703"},{"taxonomy":"post_tag","embeddable":true,"href":"https:\/\/gazdasagportal.hu\/index.php\/wp-json\/wp\/v2\/tags?post=96703"}],"curies":[{"name":"wp","href":"https:\/\/api.w.org\/{rel}","templated":true}]}}