{"id":96699,"date":"2017-08-17T13:56:16","date_gmt":"2017-08-17T11:56:16","guid":{"rendered":"http:\/\/gazdasagportal.hu\/?p=96699"},"modified":"2017-08-17T13:56:16","modified_gmt":"2017-08-17T11:56:16","slug":"extremsportok-nemzetkozi-fesztivalja-hetvegen-a-kopaszi-gaton","status":"publish","type":"post","link":"https:\/\/gazdasagportal.hu\/index.php\/extremsportok-nemzetkozi-fesztivalja-hetvegen-a-kopaszi-gaton\/","title":{"rendered":"Extr\u00e9msportok Nemzetk\u00f6zi Fesztiv\u00e1lja h\u00e9tv\u00e9g\u00e9n a Kopaszi-g\u00e1ton"},"content":{"rendered":"<p><strong>Hat szak\u00e1g k\u00e9pvisel\u0151i sz\u00f3rakoztatj\u00e1k a k\u00f6z\u00f6ns\u00e9get akrobatikus mutatv\u00e1nyokkal a h\u00e9tv\u00e9g\u00e9n Budapesten, az Extr\u00e9msportok Nemzetk\u00f6zi Fesztiv\u00e1lj\u00e1n (FISE).<\/strong><!--more--><\/p>\n<div class=\"ads-in-post1\"><div id=\"gazdasagportal.hu_fullbanner_wideboard\"><\/div>\r\n<\/div>\n<p>    Olivier Pascal, a jogtulajdonos fejleszt\u00e9si igazgat\u00f3ja a cs\u00fct\u00f6rt\u00f6ki sajt\u00f3t\u00e1j\u00e9koztat\u00f3n elmondta, hogy a p\u00e9ntekt\u0151l vas\u00e1rnapig a Kopaszi-g\u00e1tn\u00e1l sorra ker\u00fcl\u0151, ingyenesen l\u00e1togathat\u00f3 esem\u00e9ny a m\u00e1sodik \u00e1llom\u00e1s az extr\u00e9msportok idei versenysorozat\u00e1ban.<br \/>\n    &#8222;M\u00e1sf\u00e9l \u00e9ves el\u0151k\u00e9sz\u00edt\u0151 munka ut\u00e1n hoztuk el a verseny\u00fcnket erre az egyed\u00fcl\u00e1ll\u00f3 helysz\u00ednre, ahol ny\u00edlt rendszerben b\u00e1rki megmutatja k\u00e9pess\u00e9geit&#8221; &#8211; fogalmazott a fejleszt\u00e9si igazgat\u00f3, aki kit\u00e9rt arra, hogy az indul\u00f3k Budapesten \u00f6sszesen hat szak\u00e1gban &#8211; szabadst\u00edlus\u00fa  BMX park \u00e9s flatland, wakesz\u00f6rf, wakeboard, szabadst\u00edlus\u00fa g\u00f6rkorcsolya park \u00e9s g\u00f6rdeszka kies\u0151s verseny &#8211; m\u00e9rhetik \u00f6ssze tud\u00e1sukat.<br \/>\n    Pascal b\u00fcszk\u00e9n h\u00edvta fel a figyelmet arra, hogy a 20 \u00e9ve Franciaorsz\u00e1gban indult FISE folyamatosan fejl\u0151d\u00f6tt az elm\u00falt k\u00e9t \u00e9vtizedben. Bart de Jong, a Nemzetk\u00f6zi Ker\u00e9kp\u00e1ros Sz\u00f6vets\u00e9g (UCI) szabadst\u00edlus\u00fa BMX szakreferense annyit f\u0171z\u00f6tt hozz\u00e1, hogy a szabadst\u00edlus\u00fa BMX park szak\u00e1g felker\u00fclt a 2018-as Buenos Aires-i ifj\u00fas\u00e1gi olimpia \u00e9s a 2020-as toki\u00f3i \u00f6tkarik\u00e1s j\u00e1t\u00e9kok m\u0171sor\u00e1ra is.<br \/>\n    S\u00e1rfalvi P\u00e9ter, az Emberi Er\u0151forr\u00e1sok Miniszt\u00e9rium\u00e1nak ut\u00e1np\u00f3tl\u00e1s-nevel\u00e9s\u00e9rt \u00e9s sportkapcsolatok\u00e9rt felel\u0151s helyettes \u00e1llamtitk\u00e1ra hangs\u00falyozta, hogy &#8222;ez a l\u00e1tv\u00e1nyos show most deb\u00fct\u00e1l Magyarorsz\u00e1gon&#8221;. Eml\u00e9keztetett arra, hogy a korm\u00e1ny c\u00e9lja, hogy min\u00e9l t\u00f6bb rangos nemzetk\u00f6zi sportesem\u00e9nyt hozzon Magyarorsz\u00e1gra, s ezek sz\u00e1ma id\u00e9n m\u00e1r meghaladta a sz\u00e1zat.<br \/>\n    Johan Berthonneau, a FISE sportigazgat\u00f3ja k\u00f6z\u00f6lte, hogy a h\u00e9tv\u00e9gi extr\u00e9msport fesztiv\u00e1lra t\u00f6bb mint 50 orsz\u00e1g mintegy 1500 versenyz\u0151je \u00e9rkezett Budapestre.<br \/>\n    &#8222;Szeretn\u00e9nk min\u00e9l t\u00f6bb fiatalt bevonni, ez\u00e9rt amat\u0151r kateg\u00f3ri\u00e1ban tud\u00e1sszintt\u0151l f\u00fcggetlen\u00fcl b\u00e1rki elindulhat a versenyeken&#8221; &#8211; emelte ki a sportigazgat\u00f3, aki szerint a kil\u00e1togat\u00f3 n\u00e9z\u0151k elk\u00e9peszt\u0151 akrobatikus mutatv\u00e1nyokat l\u00e1thatnak majd a h\u00e1rom nap sor\u00e1n.<br \/>\n    Princzinger P\u00e9ter, a Magyar Ker\u00e9kp\u00e1ros Sz\u00f6vets\u00e9g eln\u00f6ke arr\u00f3l besz\u00e9lt, hogy a rendezv\u00e9ny a korm\u00e1ny kiemelt t\u00e1mogat\u00e1s\u00e1val val\u00f3sul meg. A sportvezet\u0151 szerint a magyar ker\u00e9kp\u00e1rsport legnagyobb k\u00e9rd\u00e9se jelenleg az, hogyan tudnak min\u00e9l t\u00f6bb fiatalt megsz\u00f3l\u00edtani, s ebb\u0151l a szempontb\u00f3l az extr\u00e9msport fesztiv\u00e1lnak \u00f3ri\u00e1si jelent\u0151s\u00e9ge van.<br \/>\n    A FISE versenysorozat\u00e1nak m\u00e9g k\u00e9t \u00e1llom\u00e1sa lesz az id\u00e9n, az egyik szeptemberben a kanadai Edmontonban, majd november elej\u00e9n a k\u00ednai Csengtuban.<br \/>\n(MTI)<\/p>\n","protected":false},"excerpt":{"rendered":"<p>Hat szak\u00e1g k\u00e9pvisel\u0151i sz\u00f3rakoztatj\u00e1k a k\u00f6z\u00f6ns\u00e9get akrobatikus mutatv\u00e1nyokkal a h\u00e9tv\u00e9g\u00e9n Budapesten, az Extr\u00e9msportok Nemzetk\u00f6zi Fesztiv\u00e1lj\u00e1n (FISE).<\/p>\n","protected":false},"author":1,"featured_media":0,"comment_status":"closed","ping_status":"open","sticky":false,"template":"","format":"standard","meta":[],"categories":[4],"tags":[],"_links":{"self":[{"href":"https:\/\/gazdasagportal.hu\/index.php\/wp-json\/wp\/v2\/posts\/96699"}],"collection":[{"href":"https:\/\/gazdasagportal.hu\/index.php\/wp-json\/wp\/v2\/posts"}],"about":[{"href":"https:\/\/gazdasagportal.hu\/index.php\/wp-json\/wp\/v2\/types\/post"}],"author":[{"embeddable":true,"href":"https:\/\/gazdasagportal.hu\/index.php\/wp-json\/wp\/v2\/users\/1"}],"replies":[{"embeddable":true,"href":"https:\/\/gazdasagportal.hu\/index.php\/wp-json\/wp\/v2\/comments?post=96699"}],"version-history":[{"count":1,"href":"https:\/\/gazdasagportal.hu\/index.php\/wp-json\/wp\/v2\/posts\/96699\/revisions"}],"predecessor-version":[{"id":96700,"href":"https:\/\/gazdasagportal.hu\/index.php\/wp-json\/wp\/v2\/posts\/96699\/revisions\/96700"}],"wp:attachment":[{"href":"https:\/\/gazdasagportal.hu\/index.php\/wp-json\/wp\/v2\/media?parent=96699"}],"wp:term":[{"taxonomy":"category","embeddable":true,"href":"https:\/\/gazdasagportal.hu\/index.php\/wp-json\/wp\/v2\/categories?post=96699"},{"taxonomy":"post_tag","embeddable":true,"href":"https:\/\/gazdasagportal.hu\/index.php\/wp-json\/wp\/v2\/tags?post=96699"}],"curies":[{"name":"wp","href":"https:\/\/api.w.org\/{rel}","templated":true}]}}