{"id":96695,"date":"2017-08-17T12:38:23","date_gmt":"2017-08-17T10:38:23","guid":{"rendered":"http:\/\/gazdasagportal.hu\/?p=96695"},"modified":"2017-08-17T12:38:23","modified_gmt":"2017-08-17T10:38:23","slug":"nem-valtozott-az-inflacio-az-europai-unioban","status":"publish","type":"post","link":"https:\/\/gazdasagportal.hu\/index.php\/nem-valtozott-az-inflacio-az-europai-unioban\/","title":{"rendered":"Nem v\u00e1ltozott az infl\u00e1ci\u00f3 az Eur\u00f3pai Uni\u00f3ban"},"content":{"rendered":"<p><strong>Sem az Eur\u00f3pai Uni\u00f3 eg\u00e9sz\u00e9ben, sem az eur\u00f3\u00f6vezetben nem v\u00e1ltozott az infl\u00e1ci\u00f3s r\u00e1ta j\u00faliusban &#8211; k\u00f6z\u00f6lte cs\u00fct\u00f6rt\u00f6k\u00f6n az Eurostat.<\/strong><!--more--><\/p>\n<div class=\"ads-in-post1\"><div id=\"gazdasagportal.hu_fullbanner_wideboard\"><\/div>\r\n<\/div>\n<p>    Az Eur\u00f3pai Uni\u00f3 statisztikai hivatal\u00e1nak adatai szerint a 19 orsz\u00e1got t\u00f6m\u00f6r\u00edt\u0151 eur\u00f3z\u00f3n\u00e1ban az elemz\u0151i v\u00e1rakoz\u00e1sokkal \u00f6sszhangban, 1,3 sz\u00e1zal\u00e9kkal n\u0151ttek a fogyaszt\u00f3i \u00e1rak tavaly j\u00faliushoz k\u00e9pes. J\u00faniusban is 1,3 sz\u00e1zal\u00e9k volt az \u00e9ves szint\u0171 \u00e1remelked\u00e9s, m\u00edg tavaly j\u00faliusban 0,2 sz\u00e1zal\u00e9kos fogyaszt\u00f3i \u00e1remelked\u00e9st m\u00e9rtek.<br \/>\n    Utolj\u00e1ra tavaly decemberben m\u00e9rtek a j\u00faliusin\u00e1l alacsonyabb \u00e9ves fogyaszt\u00f3i \u00e1remelked\u00e9st az eur\u00f3\u00f6vezetben: 2016 december\u00e9ben 1,1 sz\u00e1zal\u00e9kos volt a r\u00e1ta.<br \/>\n    A 28 tag\u00fa uni\u00f3ban 1,5 sz\u00e1zal\u00e9kkal n\u0151ttek a fogyaszt\u00f3i \u00e1rak j\u00faliusban \u00e9ves \u00f6sszevet\u00e9sben. J\u00faniusban szint\u00e9n 1,5 sz\u00e1zal\u00e9kos, tavaly j\u00faliusban pedig 0,2 sz\u00e1zal\u00e9kos volt az \u00e1tlagos infl\u00e1ci\u00f3 az EU-ban.<br \/>\n    J\u00faliusban az eur\u00f3\u00f6vezetben 0,5 sz\u00e1zal\u00e9kkal, m\u00edg az EU eg\u00e9sz\u00e9ben 0,3 sz\u00e1zal\u00e9kkal cs\u00f6kkentek havi \u00f6sszevet\u00e9sben a fogyaszt\u00f3i \u00e1rak.<br \/>\n    A gyakran v\u00e1ltoz\u00e9kony energia-, \u00e9lelmiszer- \u00e9s doh\u00e1ny\u00e1rakat nem tartalmaz\u00f3 maginfl\u00e1ci\u00f3 \u00e9ves \u00f6sszevet\u00e9sben 1,2 sz\u00e1zal\u00e9k volt az eur\u00f3\u00f6vezetben, havi szinten pedig m\u00ednusz 0,6 sz\u00e1zal\u00e9kos maginfl\u00e1ci\u00f3t m\u00e9rtek.<br \/>\n    Az energia\u00e1rakat nem sz\u00e1molva, \u00e9ves \u00f6sszevet\u00e9sben 1,2 sz\u00e1zal\u00e9kkal emelkedtek a fogyaszt\u00f3i \u00e1rak az eur\u00f3\u00f6vezetben. Az energia 2,2 sz\u00e1zal\u00e9kkal dr\u00e1gult, a szolg\u00e1ltat\u00e1sok \u00e1ra 1,6 sz\u00e1zal\u00e9kkal, az \u00e9lelmiszer-, alkohol- \u00e9s doh\u00e1nyterm\u00e9kek\u00e9 pedig 1,4 sz\u00e1zal\u00e9kkal n\u00f6vekedett az eur\u00f3\u00f6vezetben.<br \/>\n    Az \u00e9v hetedik h\u00f3napj\u00e1ban a legalacsonyabb \u00e9ves infl\u00e1ci\u00f3s r\u00e1t\u00e1t \u00cdrorsz\u00e1gban (m\u00ednusz 0,2 sz\u00e1zal\u00e9k), Cipruson (m\u00ednusz 0,1 sz\u00e1zal\u00e9k), valamint Bulg\u00e1ri\u00e1ban \u00e9s Finnorsz\u00e1gban (egyar\u00e1nt 0,6 sz\u00e1zal\u00e9k) m\u00e9rt\u00e9k, m\u00edg a legnagyobb \u00e9rt\u00e9ket Litv\u00e1ni\u00e1ban (4,1 sz\u00e1zal\u00e9k), \u00c9sztorsz\u00e1gban (3,9 sz\u00e1zal\u00e9k), az Egyes\u00fclt Kir\u00e1lys\u00e1gban \u00e9s Lettorsz\u00e1gban (egyar\u00e1nt 2,6 sz\u00e1zal\u00e9k) jegyezt\u00e9k fel.<br \/>\n    A legnagyobb gazdas\u00e1gok k\u00f6z\u00fcl N\u00e9metorsz\u00e1gban 1,5 sz\u00e1zal\u00e9kkal, Olaszorsz\u00e1gban 1,2 sz\u00e1zal\u00e9kkal, Franciaorsz\u00e1gban 0,8 sz\u00e1zal\u00e9kkal, Spanyolorsz\u00e1gban 1,7 sz\u00e1zal\u00e9kkal emelkedtek a fogyaszt\u00f3i \u00e1rak j\u00faliusban.<br \/>\n    Az Eurostat Magyarorsz\u00e1gon \u00e9ves \u00f6sszehasonl\u00edt\u00e1sban 2,2 sz\u00e1zal\u00e9kos, az el\u0151z\u0151 h\u00f3naphoz k\u00e9pest pedig 0,1 sz\u00e1zal\u00e9kos \u00e1remelked\u00e9st jelzett j\u00faliusra.<br \/>\n    A fogyaszt\u00f3i \u00e1remelked\u00e9s \u00fctem\u00e9nek stagn\u00e1l\u00e1sa nem kedvez\u0151 h\u00edr az Eur\u00f3pai K\u00f6zponti Banknak (EKB), amely igyekszik felp\u00f6rgetni az infl\u00e1ci\u00f3t. Az \u00e9ves eur\u00f3\u00f6vezeti infl\u00e1ci\u00f3 j\u00faliusi \u00fcteme elmarad az EKB 2 sz\u00e1zal\u00e9kos c\u00e9lsz\u00e1m\u00e1t\u00f3l, \u00e9s a maginfl\u00e1ci\u00f3 is alatta van.(MTI)<\/p>\n","protected":false},"excerpt":{"rendered":"<p>Sem az Eur\u00f3pai Uni\u00f3 eg\u00e9sz\u00e9ben, sem az eur\u00f3\u00f6vezetben nem v\u00e1ltozott az infl\u00e1ci\u00f3s r\u00e1ta j\u00faliusban &#8211; k\u00f6z\u00f6lte cs\u00fct\u00f6rt\u00f6k\u00f6n az Eurostat.<\/p>\n","protected":false},"author":1,"featured_media":0,"comment_status":"closed","ping_status":"open","sticky":false,"template":"","format":"standard","meta":[],"categories":[246],"tags":[],"_links":{"self":[{"href":"https:\/\/gazdasagportal.hu\/index.php\/wp-json\/wp\/v2\/posts\/96695"}],"collection":[{"href":"https:\/\/gazdasagportal.hu\/index.php\/wp-json\/wp\/v2\/posts"}],"about":[{"href":"https:\/\/gazdasagportal.hu\/index.php\/wp-json\/wp\/v2\/types\/post"}],"author":[{"embeddable":true,"href":"https:\/\/gazdasagportal.hu\/index.php\/wp-json\/wp\/v2\/users\/1"}],"replies":[{"embeddable":true,"href":"https:\/\/gazdasagportal.hu\/index.php\/wp-json\/wp\/v2\/comments?post=96695"}],"version-history":[{"count":1,"href":"https:\/\/gazdasagportal.hu\/index.php\/wp-json\/wp\/v2\/posts\/96695\/revisions"}],"predecessor-version":[{"id":96696,"href":"https:\/\/gazdasagportal.hu\/index.php\/wp-json\/wp\/v2\/posts\/96695\/revisions\/96696"}],"wp:attachment":[{"href":"https:\/\/gazdasagportal.hu\/index.php\/wp-json\/wp\/v2\/media?parent=96695"}],"wp:term":[{"taxonomy":"category","embeddable":true,"href":"https:\/\/gazdasagportal.hu\/index.php\/wp-json\/wp\/v2\/categories?post=96695"},{"taxonomy":"post_tag","embeddable":true,"href":"https:\/\/gazdasagportal.hu\/index.php\/wp-json\/wp\/v2\/tags?post=96695"}],"curies":[{"name":"wp","href":"https:\/\/api.w.org\/{rel}","templated":true}]}}