{"id":96693,"date":"2017-08-17T12:05:55","date_gmt":"2017-08-17T10:05:55","guid":{"rendered":"http:\/\/gazdasagportal.hu\/?p=96693"},"modified":"2017-08-17T12:05:55","modified_gmt":"2017-08-17T10:05:55","slug":"az-adohivatal-csodafegyvere-2018-nyaran-erkezik","status":"publish","type":"post","link":"https:\/\/gazdasagportal.hu\/index.php\/az-adohivatal-csodafegyvere-2018-nyaran-erkezik\/","title":{"rendered":"Az ad\u00f3hivatal csodafegyvere 2018 nyar\u00e1n \u00e9rkezik"},"content":{"rendered":"<p><strong>Egy \u00e9ve van a c\u00e9geknek sz\u00e1ml\u00e1z\u00f3 programjaik online bek\u00f6t\u00e9s\u00e9re<\/strong><!--more--><\/p>\n<div class=\"ads-in-post1\"><div id=\"gazdasagportal.hu_fullbanner_wideboard\"><\/div>\r\n<\/div>\n<p>B\u0151 egy h\u00f3napja jelent meg a v\u00e1llalkoz\u00e1sok sz\u00e1ml\u00e1z\u00e1ssal kapcsolatos k\u00f6telezetts\u00e9geinek m\u00f3dosul\u00e1s\u00e1r\u00f3l sz\u00f3l\u00f3 jogszab\u00e1ly tervezete mondta el So\u00f3s L\u00e1szl\u00f3 a Grant Thornton Ad\u00f3 igazgat\u00f3ja. Eszerint a c\u00e9geknek j\u00f6v\u0151 j\u00faliusig kell sz\u00e1ml\u00e1z\u00f3 programjaikat az ad\u00f3hivatalhoz online bek\u00f6tni\u00fck. A szakt\u00e1rca szerint a v\u00e1ltoz\u00e1s cs\u00f6kkenti a c\u00e9gek adminisztrat\u00edv k\u00f6lts\u00e9geit.<\/p>\n<p>&nbsp;<\/p><div id=\"gazda-3156523529\" class=\"gazda-tartalomban gazda-entity-placement\"><script async src=\"https:\/\/pagead2.googlesyndication.com\/pagead\/js\/adsbygoogle.js\"><\/script>\r\n<ins class=\"adsbygoogle\"\r\n     style=\"display:block\"\r\n     data-ad-format=\"fluid\"\r\n     data-ad-layout-key=\"-6t+ed+2i-1n-4w\"\r\n     data-ad-client=\"ca-pub-1959107119989764\"\r\n     data-ad-slot=\"4008251320\"><\/ins>\r\n<script>\r\n     (adsbygoogle = window.adsbygoogle || []).push({});\r\n<\/script><\/div>\n<p>A Nemzetgazdas\u00e1gi Miniszt\u00e9rium j\u00fanius v\u00e9g\u00e9n feltette a honlapj\u00e1ra a &#8222;sz\u00e1mla \u00e9s a nyugta ad\u00f3igazgat\u00e1si azonos\u00edt\u00e1s\u00e1r\u00f3l, valamint az elektronikus form\u00e1ban meg\u0151rz\u00f6tt sz\u00e1ml\u00e1k ad\u00f3hat\u00f3s\u00e1gi ellen\u0151rz\u00e9s\u00e9r\u0151l sz\u00f3l\u00f3 23\/2014. (VI. 30.) NGM rendelet m\u00f3dos\u00edt\u00e1s\u00e1r\u00f3l&#8221; sz\u00f3l\u00f3 tervezet\u00e9t.<\/p>\n<p>A dokumentum szerint j\u00f6v\u0151 \u00e9v j\u00falius elsej\u00e9t\u0151l a sz\u00e1ml\u00e1z\u00f3 programoknak k\u00e9pesnek kell lenni\u00fck a sz\u00e1zezer forint feletti \u00e1f\u00e1t tartalmaz\u00f3 sz\u00e1ml\u00e1k adatait elektronikus \u00faton elk\u00fcldeni\u00fck az ad\u00f3hat\u00f3s\u00e1gnak. Kor\u00e1bbi tervek szerint m\u00e1r id\u00e9n j\u00faliusban kellett volna a v\u00e1llalkoz\u00e1soknak sz\u00e1ml\u00e1z\u00f3 programjaikat bek\u00f6ttetni\u00fck az ad\u00f3hivatalhoz.<\/p>\n<p>&nbsp;<\/p>\n<p>A c\u00e9geknek a sz\u00e1mla adatainak programban val\u00f3 v\u00e9gleges\u00edt\u00e9s\u00e9t, illetve lez\u00e1r\u00e1s\u00e1t k\u00f6vet\u0151en 24 \u00f3r\u00e1n bel\u00fcl kell majd tov\u00e1bb\u00edtaniuk az ad\u00f3hivatal sz\u00e1m\u00e1ra. \u00cdgy a hat\u00f3s\u00e1g m\u00e1r a ki\u00e1ll\u00edt\u00e1st k\u00f6vet\u0151 napon ismerni fogja az ad\u00f3z\u00f3k sz\u00e1ml\u00e1inak \u00e1fa-tartalm\u00e1t az eml\u00edtett nagys\u00e1grend felett. A k\u00f6telezetts\u00e9g a sztorn\u00f3 \u00e9s m\u00f3dos\u00edt\u00f3 sz\u00e1ml\u00e1kat is \u00e9rinti.<\/p>\n<p>&nbsp;<\/p>\n<p>A tervezet szerint az elektronikus adatszolg\u00e1ltat\u00e1st ad\u00f3z\u00f3i regisztr\u00e1ci\u00f3t k\u00f6vet\u0151en lehet majd elkezdeni. A regisztr\u00e1ci\u00f3 nem v\u00e1ltja ki a sz\u00e1ml\u00e1z\u00f3 programok eddig is hat\u00e1lyos bejelent\u00e9si k\u00f6telezetts\u00e9g\u00e9t, mert online adatszolg\u00e1ltat\u00e1s csak a sz\u00e1zezer forint \u00e1f\u00e1t meghalad\u00f3 sz\u00e1ml\u00e1kn\u00e1l sz\u00fcks\u00e9ges. \u00cdgy el\u0151fordulhat olyan ad\u00f3z\u00f3, amely sz\u00e1ml\u00e1it ugyan sz\u00e1ml\u00e1z\u00f3 programmal \u00e1ll\u00edtja ki; \u00e1m azok \u00e1fa-tartalma az \u00f6sszeghat\u00e1rt nem haladja meg, ez\u00e9rt online adatszolg\u00e1ltat\u00e1sra nem lesz k\u00f6teles.<\/p>\n<p>&nbsp;<\/p>\n<p>A rendeletm\u00f3dos\u00edt\u00e1s tervezete 120 oldalas, abb\u00f3l 117 oldal az adatszolg\u00e1ltat\u00e1s s\u00e9ma\u00e1llom\u00e1ny\u00e1nak k\u00f3dnyelv\u00e9t tartalmazza. A szakt\u00e1rca a tervezettel egy\u00fctt a m\u00f3dos\u00edt\u00e1s hat\u00e1svizsg\u00e1lat\u00e1t is ismertette. Eszerint az adatszolg\u00e1ltat\u00e1si rendszer fejleszt\u00e9s\u00e9re 18,5 milli\u00e1rd forintot kell ford\u00edtani a k\u00f6zponti k\u00f6lts\u00e9gvet\u00e9sb\u0151l. A v\u00e1ltoztat\u00e1s emellett \u00e9vente 300 milli\u00f3 forint, valamint 1,22 milli\u00e1rd forint \u00fczemeltet\u00e9si k\u00f6lts\u00e9get is ig\u00e9nyel.<\/p>\n<p>&nbsp;<\/p>\n<p>A hat\u00e1svizsg\u00e1lat szerint a rendszer a beruh\u00e1z\u00e1si k\u00f6lts\u00e9geken t\u00fal nem jelent adminisztrat\u00edv tehern\u00f6veked\u00e9st a v\u00e1llalkoz\u00e1snak. S\u0151t cs\u00f6kkenti a c\u00e9gek terheit, mert kiv\u00e1ltja a sz\u00e1ml\u00e1kkal kapcsolatos ut\u00f3lagos adatszolg\u00e1ltat\u00e1st. A rendszer bevezet\u00e9s\u00e9nek el\u0151nye lehet m\u00e9g, hogy elektronikus sz\u00e1ml\u00e1z\u00e1s eset\u00e9n a sz\u00e1ml\u00e1t befogad\u00f3 v\u00e1llalkoz\u00e1s is val\u00f3s id\u0151ben \u00e9rtes\u00fclhet a sz\u00e1m\u00e1ra ki\u00e1ll\u00edtott sz\u00e1mla tartalm\u00e1r\u00f3l, ami megk\u00f6nny\u00edtheti \u00e9s felgyors\u00edthatja a bej\u00f6v\u0151 sz\u00e1ml\u00e1kkal kapcsolatos \u00fcgyint\u00e9z\u00e9st.<\/p>\n<p>&nbsp;<\/p>\n<p>&nbsp;<\/p>\n<p>A Nemzetgazdas\u00e1gi Miniszt\u00e9rium egy \u00e1prilisi k\u00f6zlem\u00e9nye szerint az int\u00e9zked\u00e9s bevezet\u00e9s\u00e9nek k\u00f6sz\u00f6nhet\u0151en az ad\u00f3hat\u00f3s\u00e1g a c\u00e9gek teljes forgalm\u00e1ra r\u00e1l\u00e1t, \u00e9s az adatok \u00f6sszegz\u00e9s\u00e9t k\u00f6vet\u0151en azonnal ki tudja sz\u0171rni a csal\u00e1rd v\u00e1llalkoz\u00e1sokat. A rendszer bevezet\u00e9s\u00e9vel megsz\u0171nik majd a sz\u00e1ml\u00e1z\u00f3 programmal ki\u00e1ll\u00edtott kimen\u0151 sz\u00e1ml\u00e1kra vonatkoz\u00f3 t\u00e9teles \u00e1fa nyilatkozatt\u00e9teli k\u00f6telezetts\u00e9g, ami cs\u00f6kkenti a v\u00e1llalkoz\u00e1sok adminisztrat\u00edv terheit. K\u00e9rd\u00e9s ugyanakkor, hogy pl. a befogadott sz\u00e1ml\u00e1k eset\u00e9n tov\u00e1bbra is az \u00e1fa bevall\u00e1s r\u00e9sz\u00e9t k\u00e9pez\u0151 M lapon kell-e majd teljes\u00edteni partnerenk\u00e9nt \u00e9s sz\u00e1ml\u00e1nk\u00e9nt az adatszolg\u00e1ltat\u00e1st, amely bizonyos esetekben t\u00f6bblet terhet jelenthet az ad\u00f3z\u00f3k sz\u00e1m\u00e1ra.<\/p>\n<p>&nbsp;<\/p>\n","protected":false},"excerpt":{"rendered":"<p>Egy \u00e9ve van a c\u00e9geknek sz\u00e1ml\u00e1z\u00f3 programjaik online bek\u00f6t\u00e9s\u00e9re<\/p>\n","protected":false},"author":1,"featured_media":0,"comment_status":"closed","ping_status":"open","sticky":false,"template":"","format":"standard","meta":[],"categories":[20,19],"tags":[],"_links":{"self":[{"href":"https:\/\/gazdasagportal.hu\/index.php\/wp-json\/wp\/v2\/posts\/96693"}],"collection":[{"href":"https:\/\/gazdasagportal.hu\/index.php\/wp-json\/wp\/v2\/posts"}],"about":[{"href":"https:\/\/gazdasagportal.hu\/index.php\/wp-json\/wp\/v2\/types\/post"}],"author":[{"embeddable":true,"href":"https:\/\/gazdasagportal.hu\/index.php\/wp-json\/wp\/v2\/users\/1"}],"replies":[{"embeddable":true,"href":"https:\/\/gazdasagportal.hu\/index.php\/wp-json\/wp\/v2\/comments?post=96693"}],"version-history":[{"count":1,"href":"https:\/\/gazdasagportal.hu\/index.php\/wp-json\/wp\/v2\/posts\/96693\/revisions"}],"predecessor-version":[{"id":96694,"href":"https:\/\/gazdasagportal.hu\/index.php\/wp-json\/wp\/v2\/posts\/96693\/revisions\/96694"}],"wp:attachment":[{"href":"https:\/\/gazdasagportal.hu\/index.php\/wp-json\/wp\/v2\/media?parent=96693"}],"wp:term":[{"taxonomy":"category","embeddable":true,"href":"https:\/\/gazdasagportal.hu\/index.php\/wp-json\/wp\/v2\/categories?post=96693"},{"taxonomy":"post_tag","embeddable":true,"href":"https:\/\/gazdasagportal.hu\/index.php\/wp-json\/wp\/v2\/tags?post=96693"}],"curies":[{"name":"wp","href":"https:\/\/api.w.org\/{rel}","templated":true}]}}