{"id":96675,"date":"2017-08-17T07:35:32","date_gmt":"2017-08-17T05:35:32","guid":{"rendered":"http:\/\/gazdasagportal.hu\/?p=96675"},"modified":"2017-08-17T07:06:44","modified_gmt":"2017-08-17T05:06:44","slug":"az-egyesult-allamok-jelentos-valtoztatasokat-szorgalmaz-a-nafta-targyalasokon","status":"publish","type":"post","link":"https:\/\/gazdasagportal.hu\/index.php\/az-egyesult-allamok-jelentos-valtoztatasokat-szorgalmaz-a-nafta-targyalasokon\/","title":{"rendered":"Az Egyes\u00fclt \u00c1llamok jelent\u0151s v\u00e1ltoztat\u00e1sokat szorgalmaz a NAFTA-t\u00e1rgyal\u00e1sokon"},"content":{"rendered":"<p><strong>Az Egyes\u00fclt \u00c1llamok jelent\u0151s v\u00e1ltoztat\u00e1sokat szorgalmazott az \u00c9szak-amerikai Szabadkereskedelmi Egyezm\u00e9ny (NAFTA) szerd\u00e1n megkezdett \u00fajrat\u00e1rgyal\u00e1s\u00e1n. <\/strong><!--more--><\/p>\n<div class=\"ads-in-post1\"><div id=\"gazdasagportal.hu_fullbanner_wideboard\"><\/div>\r\n<\/div>\n<p>    A Washingtonban tartott \u00f6tnapos t\u00e1rgyal\u00e1ssorozat els\u0151 napj\u00e1n Robert Lighthizer, az Egyes\u00fclt \u00c1llamok kereskedelmi f\u0151t\u00e1rgyal\u00f3ja lesz\u00f6gezte: az amerikai korm\u00e1nyzat &#8222;nem \u00e9rdekelt abban, hogy csup\u00e1n n\u00e9h\u00e1ny int\u00e9zked\u00e9sen sz\u00e9p\u00edtsen \u00e9s n\u00e9h\u00e1ny fejezetet felfriss\u00edtsen&#8221;.<br \/>\n    Lighthizer kifejtette, hogy az amerikai korm\u00e1nyzat meg\u00edt\u00e9l\u00e9se szerint az egyezm\u00e9ny &#8222;alapvet\u0151en kudarcot jelent nagyon sok amerikai sz\u00e1m\u00e1ra, \u00e9s nagym\u00e9rt\u00e9k\u0171 jav\u00edt\u00e1sra szorul&#8221;.<br \/>\n    A 23 \u00e9vvel ezel\u0151tt megk\u00f6t\u00f6tt kereskedelmi egyezm\u00e9nyt Donald Trump amerikai eln\u00f6k &#8222;a t\u00f6rt\u00e9nelem legrosszabb&#8221; meg\u00e1llapod\u00e1s\u00e1nak nevezte \u00e9s azt \u00edg\u00e9rte, hogy vagy l\u00e9nyegesen v\u00e1ltoztatnak rajta, vagy az Egyes\u00fclt \u00c1llamok a maga r\u00e9sz\u00e9r\u0151l felmondja a meg\u00e1llapod\u00e1st.     A NAFTA lebontotta az Egyes\u00fclt \u00c1llamok, Kanada \u00e9s Mexik\u00f3 k\u00f6z\u00f6tti kereskedelmi hat\u00e1rokat, bele\u00e9rtve a v\u00e1mokat is. Az amerikai eln\u00f6k \u00e9s az egyezm\u00e9ny kritikusai szerint az egyezm\u00e9ny arra b\u00e1tor\u00edtotta a v\u00e1llalkoz\u00e1sokat, hogy az Egyes\u00fclt \u00c1llamok d\u00e9li hat\u00e1rain t\u00falra, Mexik\u00f3ba telep\u00edts\u00e9k gy\u00e1rt\u00e1si tev\u00e9kenys\u00e9g\u00fcket, az ottani alacsony munkab\u00e9rk\u00f6lts\u00e9gek miatt.<br \/>\n    A NAFTA \u00fajrat\u00e1rgyal\u00e1s\u00e1nak els\u0151 napj\u00e1n Lighthizer hangs\u00falyozta, hogy legal\u00e1bb 700 ezer amerikai vesz\u00edtette el munk\u00e1j\u00e1t a v\u00e1llalkoz\u00e1sok \u00e1ttelep\u00fcl\u00e9se miatt. A f\u0151t\u00e1rgyal\u00f3 kifejtette: az amerikai korm\u00e1nyzat azt akarja, hogy a v\u00e1mmentes port\u00e9k\u00e1k k\u00f6z\u00f6tt nagyobb legyen az Egyes\u00fclt \u00c1llamok hat\u00e1rain bel\u00fcl gy\u00e1rtott term\u00e9kek ar\u00e1nya. Lighthizer s\u00fcrgette egy\u00fattal a Mexik\u00f3val szemben fenn\u00e1ll\u00f3 \u00f3ri\u00e1si, 68 milli\u00e1rd doll\u00e1ros kereskedelmi deficit kiegyens\u00falyoz\u00e1s\u00e1t is.<br \/>\n    A t\u00e1rgyal\u00e1son Kanada \u00e9s Mexik\u00f3 k\u00e9pvisel\u0151i er\u0151teljesen v\u00e9delm\u00fckbe vett\u00e9k \u00e9s sikeresnek min\u0151s\u00edtett\u00e9k a szabadkereskedelmi egyezm\u00e9nyt, b\u00e1r szerda esti k\u00f6z\u00f6s sajt\u00f3t\u00e1j\u00e9koztat\u00f3jukon hozz\u00e1tett\u00e9k: az id\u0151k\u00f6zben bek\u00f6vetkezett gazdas\u00e1gi v\u00e1ltoz\u00e1sok miatt a meg\u00e1llapod\u00e1s val\u00f3ban friss\u00edt\u00e9sre szorul. Ildefonso Guajardo Villarreal mexik\u00f3i gazdas\u00e1gi miniszter, a mexik\u00f3i deleg\u00e1ci\u00f3 vezet\u0151je azt is elismerte az \u00fajs\u00e1g\u00edr\u00f3knak, hogy &#8222;val\u00f3ban munkahelyek v\u00e1ndoroltak \u00e1t&#8221; Mexik\u00f3ba. A miniszter hozz\u00e1tette: &#8222;az els\u0151 nagy kih\u00edv\u00e1s a h\u00e1rom orsz\u00e1g k\u00f6z\u00f6tti megegyez\u00e9s k\u00f6z\u00f6s pontjainak megtal\u00e1l\u00e1sa lesz \u00e9s ez bizony k\u00e9ts\u00e9gtelen\u00fcl neh\u00e9z folyamatnak \u00edg\u00e9rkezik&#8221;.<br \/>\n    A t\u00e1rgyal\u00e1sokon hasonl\u00f3k\u00e9ppen &#8222;dr\u00e1mai pillanatokra&#8221; sz\u00e1m\u00edt Chrystia Freeland kanadai k\u00fcl\u00fcgyminiszter, aki a szerda esti sajt\u00f3t\u00e1j\u00e9koztat\u00f3n arr\u00f3l besz\u00e9lt, hogy a NAFTA &#8222;t\u00f6rt\u00e9nelmi meg\u00e1llapod\u00e1s&#8221; \u00e9s kiemelte, hogy az \u00e9szak-amerikai szabadkereskedelmi \u00f6vezet &#8222;a legnagyobb gazdas\u00e1gi \u00f6vezet a vil\u00e1gon&#8221;.(MTI)<\/p>\n","protected":false},"excerpt":{"rendered":"<p>Az Egyes\u00fclt \u00c1llamok jelent\u0151s v\u00e1ltoztat\u00e1sokat szorgalmazott az \u00c9szak-amerikai Szabadkereskedelmi Egyezm\u00e9ny (NAFTA) szerd\u00e1n megkezdett \u00fajrat\u00e1rgyal\u00e1s\u00e1n.<\/p>\n","protected":false},"author":1,"featured_media":0,"comment_status":"closed","ping_status":"open","sticky":false,"template":"","format":"standard","meta":[],"categories":[246],"tags":[],"_links":{"self":[{"href":"https:\/\/gazdasagportal.hu\/index.php\/wp-json\/wp\/v2\/posts\/96675"}],"collection":[{"href":"https:\/\/gazdasagportal.hu\/index.php\/wp-json\/wp\/v2\/posts"}],"about":[{"href":"https:\/\/gazdasagportal.hu\/index.php\/wp-json\/wp\/v2\/types\/post"}],"author":[{"embeddable":true,"href":"https:\/\/gazdasagportal.hu\/index.php\/wp-json\/wp\/v2\/users\/1"}],"replies":[{"embeddable":true,"href":"https:\/\/gazdasagportal.hu\/index.php\/wp-json\/wp\/v2\/comments?post=96675"}],"version-history":[{"count":1,"href":"https:\/\/gazdasagportal.hu\/index.php\/wp-json\/wp\/v2\/posts\/96675\/revisions"}],"predecessor-version":[{"id":96676,"href":"https:\/\/gazdasagportal.hu\/index.php\/wp-json\/wp\/v2\/posts\/96675\/revisions\/96676"}],"wp:attachment":[{"href":"https:\/\/gazdasagportal.hu\/index.php\/wp-json\/wp\/v2\/media?parent=96675"}],"wp:term":[{"taxonomy":"category","embeddable":true,"href":"https:\/\/gazdasagportal.hu\/index.php\/wp-json\/wp\/v2\/categories?post=96675"},{"taxonomy":"post_tag","embeddable":true,"href":"https:\/\/gazdasagportal.hu\/index.php\/wp-json\/wp\/v2\/tags?post=96675"}],"curies":[{"name":"wp","href":"https:\/\/api.w.org\/{rel}","templated":true}]}}