{"id":96673,"date":"2017-08-17T07:03:37","date_gmt":"2017-08-17T05:03:37","guid":{"rendered":"http:\/\/gazdasagportal.hu\/?p=96673"},"modified":"2017-08-17T07:03:37","modified_gmt":"2017-08-17T05:03:37","slug":"budapestre-es-tobb-megyere-ismet-figyelmeztetest-adtak-ki","status":"publish","type":"post","link":"https:\/\/gazdasagportal.hu\/index.php\/budapestre-es-tobb-megyere-ismet-figyelmeztetest-adtak-ki\/","title":{"rendered":"Budapestre \u00e9s t\u00f6bb megy\u00e9re ism\u00e9t figyelmeztet\u00e9st adtak ki"},"content":{"rendered":"<p><strong>A tart\u00f3s h\u0151s\u00e9g vesz\u00e9lye miatt a f\u0151v\u00e1rosra \u00e9s nyolc megy\u00e9re ism\u00e9t figyelmeztet\u00e9st adott ki a meteorol\u00f3giai szolg\u00e1lat cs\u00fct\u00f6rt\u00f6kre.<\/strong><!--more--><\/p>\n<div class=\"ads-in-post1\"><div id=\"gazdasagportal.hu_fullbanner_wideboard\"><\/div>\r\n<\/div>\n<p>    Az Orsz\u00e1gos Meteorol\u00f3giai Szolg\u00e1latnak cs\u00fct\u00f6rt\u00f6k hajnalban az MTI-hez eljuttatott vesz\u00e9lyjelz\u00e9se szerint Budapesten, Pest, Baranya, B\u00e1cs-Kiskun, Csongr\u00e1d, Fej\u00e9r, Gy\u0151r-Moson-Sopron, Kom\u00e1rom-Esztergom \u00e9s Tolna megy\u00e9ben van \u00e9rv\u00e9nyben az els\u0151fok\u00fa figyelmeztet\u00e9s.<br \/>\n    Azt \u00edrt\u00e1k: a napi k\u00f6z\u00e9ph\u0151m\u00e9rs\u00e9klet cs\u00fct\u00f6rt\u00f6k\u00f6n helyenk\u00e9nt (f\u0151k\u00e9nt a Duna-Tisza k\u00f6z\u00e9n, d\u00e9lkeleten, Dun\u00e1nt\u00fal keleti r\u00e9sz\u00e9n) v\u00e1rhat\u00f3an meghaladja a 25 Celsius-fokot. A legmagasabb h\u0151m\u00e9rs\u00e9klet 29-34 fok k\u00f6z\u00f6tt val\u00f3sz\u00edn\u0171. K\u00e9s\u0151 est\u00e9re 19-26 fok k\u00f6z\u00e9 h\u0171l le a leveg\u0151.<br \/>\n    Megjegyezt\u00e9k tov\u00e1bb\u00e1, cs\u00fct\u00f6rt\u00f6k d\u00e9lut\u00e1n els\u0151sorban a Dun\u00e1nt\u00fali-k\u00f6z\u00e9phegys\u00e9g (Bakony) t\u00e9rs\u00e9g\u00e9ben, illetve a keleti, \u00e9szakkeleti hat\u00e1rvid\u00e9ken esetleg kialakulhat egy-egy gyeng\u00e9bb intenzit\u00e1s\u00fa zivatar.(MTI)<\/p>\n","protected":false},"excerpt":{"rendered":"<p>A tart\u00f3s h\u0151s\u00e9g vesz\u00e9lye miatt a f\u0151v\u00e1rosra \u00e9s nyolc megy\u00e9re ism\u00e9t figyelmeztet\u00e9st adott ki a meteorol\u00f3giai szolg\u00e1lat cs\u00fct\u00f6rt\u00f6kre.<\/p>\n","protected":false},"author":1,"featured_media":0,"comment_status":"closed","ping_status":"open","sticky":false,"template":"","format":"standard","meta":[],"categories":[4],"tags":[],"_links":{"self":[{"href":"https:\/\/gazdasagportal.hu\/index.php\/wp-json\/wp\/v2\/posts\/96673"}],"collection":[{"href":"https:\/\/gazdasagportal.hu\/index.php\/wp-json\/wp\/v2\/posts"}],"about":[{"href":"https:\/\/gazdasagportal.hu\/index.php\/wp-json\/wp\/v2\/types\/post"}],"author":[{"embeddable":true,"href":"https:\/\/gazdasagportal.hu\/index.php\/wp-json\/wp\/v2\/users\/1"}],"replies":[{"embeddable":true,"href":"https:\/\/gazdasagportal.hu\/index.php\/wp-json\/wp\/v2\/comments?post=96673"}],"version-history":[{"count":1,"href":"https:\/\/gazdasagportal.hu\/index.php\/wp-json\/wp\/v2\/posts\/96673\/revisions"}],"predecessor-version":[{"id":96674,"href":"https:\/\/gazdasagportal.hu\/index.php\/wp-json\/wp\/v2\/posts\/96673\/revisions\/96674"}],"wp:attachment":[{"href":"https:\/\/gazdasagportal.hu\/index.php\/wp-json\/wp\/v2\/media?parent=96673"}],"wp:term":[{"taxonomy":"category","embeddable":true,"href":"https:\/\/gazdasagportal.hu\/index.php\/wp-json\/wp\/v2\/categories?post=96673"},{"taxonomy":"post_tag","embeddable":true,"href":"https:\/\/gazdasagportal.hu\/index.php\/wp-json\/wp\/v2\/tags?post=96673"}],"curies":[{"name":"wp","href":"https:\/\/api.w.org\/{rel}","templated":true}]}}