{"id":96671,"date":"2017-08-16T21:33:38","date_gmt":"2017-08-16T19:33:38","guid":{"rendered":"http:\/\/gazdasagportal.hu\/?p=96671"},"modified":"2017-08-16T21:33:38","modified_gmt":"2017-08-16T19:33:38","slug":"donald-trump-feloszlatott-ket-tanacsado-testuletet-is","status":"publish","type":"post","link":"https:\/\/gazdasagportal.hu\/index.php\/donald-trump-feloszlatott-ket-tanacsado-testuletet-is\/","title":{"rendered":"Donald Trump feloszlatott k\u00e9t tan\u00e1csad\u00f3 test\u00fcletet is"},"content":{"rendered":"<p><strong>Donald Trump amerikai eln\u00f6k szerd\u00e1n  feloszlatott k\u00e9t tan\u00e1csad\u00f3i test\u00fcletet is,  ahonnan egym\u00e1s ut\u00e1n t\u00e1voztak a gazdas\u00e1gi vezet\u0151k, helytelen\u00edtve az eln\u00f6knek a Charlottesville-i er\u0151szakra adott ellentmond\u00e1sos nyilatkozatait. <\/strong><!--more--><\/p>\n<div class=\"ads-in-post1\"><div id=\"gazdasagportal.hu_fullbanner_wideboard\"><\/div>\r\n<\/div>\n<p>    Az eln\u00f6k az Amerikai Ipari Tan\u00e1cs \u00e9s a Strat\u00e9giai \u00e9s Politikai F\u00f3rum tan\u00e1csad\u00f3 test\u00fcletek feloszlat\u00e1s\u00e1t jelentette be. Twitter-bejegyz\u00e9s\u00e9ben azzal indokolta d\u00f6nt\u00e9s\u00e9t, hogy ink\u00e1bb besz\u00fcnteti a test\u00fcletek munk\u00e1j\u00e1t, sem mint a gazdas\u00e1gi szakemberek &#8222;nagy nyom\u00e1sgyakorl\u00e1snak&#8221; legyenek kit\u00e9ve.<br \/>\n    A The New York Times c\u00edm\u0171 lap \u00e9rtes\u00fcl\u00e9sei szerint az eln\u00f6ki d\u00f6nt\u00e9s  azt k\u00f6vet\u0151en sz\u00fcletett meg, hogy a Blackstone-csoport vez\u00e9rigazgat\u00f3ja, Stephen Schwarzman &#8211; aki egy\u00e9bk\u00e9nt Trump szem\u00e9lyes bar\u00e1tja &#8211; telekonferenci\u00e1t szervezett a Strat\u00e9giai \u00e9s Politikai F\u00f3rum eln\u00f6ki tan\u00e1csad\u00f3 test\u00fclet tagjai sz\u00e1m\u00e1ra. A t\u00e9ma az volt: hogyan reag\u00e1ljanak az eln\u00f6knek a Charlottesville-i esem\u00e9nyek ut\u00e1n tett nyilatkozataira. A megbesz\u00e9l\u00e9sr\u0151l kisziv\u00e1rgott inform\u00e1ci\u00f3k szerint a mintegy egytucatnyi gazdas\u00e1gi vezet\u0151vel folytatott egyeztet\u00e9sek ut\u00e1n az a d\u00f6nt\u00e9s sz\u00fcletett, hogy a tagok test\u00fcletileg kivonulnak a tan\u00e1csad\u00f3 szervezetb\u0151l. Ebben a tan\u00e1csad\u00f3i bizotts\u00e1gban a t\u00f6bbi k\u00f6z\u00f6tt az IBM, a Clevelandi Klina, vagy egy bostoni p\u00e9nz\u00fcgyi c\u00e9g vezet\u0151i vettek r\u00e9szt.<br \/>\n    Miel\u0151tt azonban Donald Trump nyilv\u00e1noss\u00e1gra hozta d\u00f6nt\u00e9s\u00e9t, a m\u00e1sik eln\u00f6ki tan\u00e1csad\u00f3 test\u00fcletb\u0151l, az Ipari Tan\u00e1csb\u00f3l is \u00fajabb k\u00e9t tag jelentette be kil\u00e9p\u00e9s\u00e9t.<br \/>\n    Valamennyi kil\u00e9p\u0151 az eln\u00f6knek a Charlottesville-i er\u0151szakra adott ellentmond\u00e1sos v\u00e1laszaira hivatkozott t\u00e1voz\u00e1sa okak\u00e9nt.<br \/>\n    A Strat\u00e9giai \u00e9s Politikai F\u00f3rum a telekonferencia ut\u00e1n kiadott k\u00f6zlem\u00e9ny\u00e9ben lesz\u00f6gezte: &#8222;Mik\u00e9nt azt tagjaink elm\u00falt napokban egy\u00e9nileg is kinyilv\u00e1n\u00edtott\u00e1k, t\u00fcrelmetlens\u00e9gnek, rasszizmusnak \u00e9s er\u0151szaknak abszol\u00fat nincs helye ebben az orsz\u00e1gban, ezek az amerikai alap\u00e9rt\u00e9kek meggyal\u00e1z\u00e1s\u00e1t jelentik&#8221;.<br \/>\n    Szerd\u00e1n d\u00e9lut\u00e1n egy &#8211; a The Wall Street Journal c\u00edm\u0171 laphoz is eljutott &#8211; bels\u0151 k\u00f6rlev\u00e9lben Jamie Dimon, a J.P.Morgan Chase bankh\u00e1z vez\u00e9rigazgat\u00f3ja is  k\u00f6z\u00f6lte: &#8222;m\u00e9lys\u00e9gesen&#8221; nem \u00e9rt egyet az eln\u00f6k Charlottesville-re adott v\u00e1laszaival. &#8222;A rasszizmus, az intolerancia \u00e9s az er\u0151szak mindig helytelen&#8230; K\u00e9t\u00e9rtelm\u0171 besz\u00e9dnek nincs helye ezen a t\u00e9ren&#8221; &#8211; sz\u00f6gezte le Dimon.(MTI)<\/p>\n","protected":false},"excerpt":{"rendered":"<p>Donald Trump amerikai eln\u00f6k szerd\u00e1n feloszlatott k\u00e9t tan\u00e1csad\u00f3i test\u00fcletet is, ahonnan egym\u00e1s ut\u00e1n t\u00e1voztak a gazdas\u00e1gi vezet\u0151k, helytelen\u00edtve az eln\u00f6knek a Charlottesville-i er\u0151szakra adott ellentmond\u00e1sos nyilatkozatait.<\/p>\n","protected":false},"author":1,"featured_media":0,"comment_status":"closed","ping_status":"open","sticky":false,"template":"","format":"standard","meta":[],"categories":[13],"tags":[],"_links":{"self":[{"href":"https:\/\/gazdasagportal.hu\/index.php\/wp-json\/wp\/v2\/posts\/96671"}],"collection":[{"href":"https:\/\/gazdasagportal.hu\/index.php\/wp-json\/wp\/v2\/posts"}],"about":[{"href":"https:\/\/gazdasagportal.hu\/index.php\/wp-json\/wp\/v2\/types\/post"}],"author":[{"embeddable":true,"href":"https:\/\/gazdasagportal.hu\/index.php\/wp-json\/wp\/v2\/users\/1"}],"replies":[{"embeddable":true,"href":"https:\/\/gazdasagportal.hu\/index.php\/wp-json\/wp\/v2\/comments?post=96671"}],"version-history":[{"count":1,"href":"https:\/\/gazdasagportal.hu\/index.php\/wp-json\/wp\/v2\/posts\/96671\/revisions"}],"predecessor-version":[{"id":96672,"href":"https:\/\/gazdasagportal.hu\/index.php\/wp-json\/wp\/v2\/posts\/96671\/revisions\/96672"}],"wp:attachment":[{"href":"https:\/\/gazdasagportal.hu\/index.php\/wp-json\/wp\/v2\/media?parent=96671"}],"wp:term":[{"taxonomy":"category","embeddable":true,"href":"https:\/\/gazdasagportal.hu\/index.php\/wp-json\/wp\/v2\/categories?post=96671"},{"taxonomy":"post_tag","embeddable":true,"href":"https:\/\/gazdasagportal.hu\/index.php\/wp-json\/wp\/v2\/tags?post=96671"}],"curies":[{"name":"wp","href":"https:\/\/api.w.org\/{rel}","templated":true}]}}