{"id":96665,"date":"2017-08-16T17:38:36","date_gmt":"2017-08-16T15:38:36","guid":{"rendered":"http:\/\/gazdasagportal.hu\/?p=96665"},"modified":"2017-08-16T17:38:36","modified_gmt":"2017-08-16T15:38:36","slug":"augusztus-20-valtozik-a-bkk-egyes-jaratainak-menetrendje","status":"publish","type":"post","link":"https:\/\/gazdasagportal.hu\/index.php\/augusztus-20-valtozik-a-bkk-egyes-jaratainak-menetrendje\/","title":{"rendered":"Augusztus 20. &#8211; V\u00e1ltozik a BKK egyes j\u00e1ratainak menetrendje"},"content":{"rendered":"<p><strong>Az augusztus 20-i \u00fcnneps\u00e9gek, illetve az \u00fatlez\u00e1r\u00e1sok miatt jelent\u0151sen m\u00f3dosul a budapesti k\u00f6z\u00f6ss\u00e9gi k\u00f6zleked\u00e9s menetrendje, egyes v\u00e1ltoz\u00e1sok m\u00e1r p\u00e9nteken \u00e9letbe l\u00e9pnek &#8211; k\u00f6z\u00f6lte szerd\u00e1n a Budapesti K\u00f6zleked\u00e9si K\u00f6zpont (BKK) az MTI-vel.<\/strong><!--more--><\/p>\n<div class=\"ads-in-post1\"><div id=\"gazdasagportal.hu_fullbanner_wideboard\"><\/div>\r\n<\/div>\n<p>    A Magyar \u00cdzek Utc\u00e1ja gasztron\u00f3miai esem\u00e9ny, valamint a v\u00e1rkert baz\u00e1rbeli csal\u00e1di programok miatt augusztus 18-\u00e1n hajnalt\u00f3l 21-\u00e9n hajnalig lez\u00e1rj\u00e1k a L\u00e1nch\u00edd utc\u00e1t \u00e9s a k\u00f6rnyez\u0151 \u00fatszakaszokat, emiatt a 19-es \u00e9s a 41-es villamos b\u00e1r menetrend szerinti v\u00e9g\u00e1llom\u00e1sai k\u00f6z\u00f6tt, de a Margit h\u00edd, budai h\u00eddf\u0151 \u00e9s a Rudas Gy\u00f3gyf\u00fcrd\u0151 k\u00f6z\u00f6tt a 17-es \u00e9s az 56A villamos vonal\u00e1ra terelve sz\u00e1ll\u00edtja az utasokat. A 105-\u00f6s busz p\u00e9nteken \u00e9s szombaton eg\u00e9sz nap, vas\u00e1rnap pedig id\u0151szakosan a L\u00e1nch\u00edd helyett az Erzs\u00e9bet h\u00eddon \u00e1t k\u00f6zlekedik.<br \/>\n    Vas\u00e1rnap a t\u0171zij\u00e1t\u00e9k el\u0151tt \u00e9s ut\u00e1n a BKK s\u0171r\u00edti az 5-\u00f6s, szentendrei H\u00c9V, valamint mind a n\u00e9gy metr\u00f3vonalon a j\u00e1ratok k\u00f6vet\u00e9si idej\u00e9t, a nagy t\u00f6meg miatt azonban r\u00f6vid id\u0151re lez\u00e1rhatj\u00e1k a V\u00f6r\u00f6smarty t\u00e9ri, a De\u00e1k t\u00e9ri, a Kossuth t\u00e9ri \u00e9s a Batthy\u00e1ny t\u00e9ri \u00e1llom\u00e1st.<br \/>\n    A 2-es villamos szombaton \u00e9s vas\u00e1rnap is r\u00f6vid\u00edtett \u00fatvonalon, a K\u00f6zv\u00e1g\u00f3h\u00edd \u00e9s a M\u00e1rcius 15-e t\u00e9r k\u00f6z\u00f6tt j\u00e1r, a nagyk\u00f6r\u00fati villamosok nem \u00e1llnak meg a Margitszigetn\u00e9l vas\u00e1rnap este f\u00e9l 8-ig, k\u00e9s\u0151bb pedig csak a d\u00e9l-budai v\u00e9g\u00e1llom\u00e1sok \u00e9s az Oktogon k\u00f6z\u00f6tt sz\u00e1ll\u00edtanak utasokat. Az Erzs\u00e9bet h\u00eddon \u00e1t k\u00f6zleked\u0151 buszok (5-\u00f6s, 7-es, 7E, 8E, 133E, 110, 112, 178) vas\u00e1rnap este a Szabads\u00e1g h\u00eddon \u00e1t j\u00e1rnak, a 9-es buszok pedig nem \u00e1llnak meg d\u00e9lut\u00e1n \u00e9s este a Szent Istv\u00e1n-bazilik\u00e1n\u00e1l. Szint\u00e9n m\u00f3dos\u00edtott \u00fatvonalon k\u00f6zlekedik vas\u00e1rnap a 15-\u00f6s \u00e9s 115-\u00f6s busz, r\u00f6videbb \u00faton sz\u00e1ll\u00edt utasokat a 26-os, a 39-es, a 91-es, 191-es \u00e9s 291-es, valamint a 109-es busz, illetve a 916-os \u00e9s 990-es \u00e9jszakai j\u00e1rat.(MTI)<\/p>\n","protected":false},"excerpt":{"rendered":"<p>Az augusztus 20-i \u00fcnneps\u00e9gek, illetve az \u00fatlez\u00e1r\u00e1sok miatt jelent\u0151sen m\u00f3dosul a budapesti k\u00f6z\u00f6ss\u00e9gi k\u00f6zleked\u00e9s menetrendje, egyes v\u00e1ltoz\u00e1sok m\u00e1r p\u00e9nteken \u00e9letbe l\u00e9pnek &#8211; k\u00f6z\u00f6lte szerd\u00e1n a Budapesti K\u00f6zleked\u00e9si K\u00f6zpont (BKK) az MTI-vel.<\/p>\n","protected":false},"author":1,"featured_media":0,"comment_status":"closed","ping_status":"open","sticky":false,"template":"","format":"standard","meta":[],"categories":[4],"tags":[],"_links":{"self":[{"href":"https:\/\/gazdasagportal.hu\/index.php\/wp-json\/wp\/v2\/posts\/96665"}],"collection":[{"href":"https:\/\/gazdasagportal.hu\/index.php\/wp-json\/wp\/v2\/posts"}],"about":[{"href":"https:\/\/gazdasagportal.hu\/index.php\/wp-json\/wp\/v2\/types\/post"}],"author":[{"embeddable":true,"href":"https:\/\/gazdasagportal.hu\/index.php\/wp-json\/wp\/v2\/users\/1"}],"replies":[{"embeddable":true,"href":"https:\/\/gazdasagportal.hu\/index.php\/wp-json\/wp\/v2\/comments?post=96665"}],"version-history":[{"count":1,"href":"https:\/\/gazdasagportal.hu\/index.php\/wp-json\/wp\/v2\/posts\/96665\/revisions"}],"predecessor-version":[{"id":96666,"href":"https:\/\/gazdasagportal.hu\/index.php\/wp-json\/wp\/v2\/posts\/96665\/revisions\/96666"}],"wp:attachment":[{"href":"https:\/\/gazdasagportal.hu\/index.php\/wp-json\/wp\/v2\/media?parent=96665"}],"wp:term":[{"taxonomy":"category","embeddable":true,"href":"https:\/\/gazdasagportal.hu\/index.php\/wp-json\/wp\/v2\/categories?post=96665"},{"taxonomy":"post_tag","embeddable":true,"href":"https:\/\/gazdasagportal.hu\/index.php\/wp-json\/wp\/v2\/tags?post=96665"}],"curies":[{"name":"wp","href":"https:\/\/api.w.org\/{rel}","templated":true}]}}