{"id":96657,"date":"2017-08-16T15:34:01","date_gmt":"2017-08-16T13:34:01","guid":{"rendered":"http:\/\/gazdasagportal.hu\/?p=96657"},"modified":"2017-08-16T15:34:01","modified_gmt":"2017-08-16T13:34:01","slug":"a-magyar-mernokoknel-a-szakmai-fejlodes-a-fo-allaskeresesi-szempont","status":"publish","type":"post","link":"https:\/\/gazdasagportal.hu\/index.php\/a-magyar-mernokoknel-a-szakmai-fejlodes-a-fo-allaskeresesi-szempont\/","title":{"rendered":"A magyar m\u00e9rn\u00f6k\u00f6kn\u00e9l a szakmai fejl\u0151d\u00e9s a f\u0151 \u00e1ll\u00e1skeres\u00e9si szempont"},"content":{"rendered":"<p><strong>A magyar m\u00e9rn\u00f6k\u00f6kn\u00e9l a szakmai fejl\u0151d\u00e9s a f\u0151 \u00e1ll\u00e1skeres\u00e9si szempont, a fizet\u00e9s csak a m\u00e1sodik &#8211; \u00e1llap\u00edtotta meg a Jobsgarden HR-toborz\u00f3 \u00e9s tan\u00e1csad\u00f3 c\u00e9g, a magyar m\u00e9rn\u00f6k\u00f6k munkaer\u0151piaci ig\u00e9nyeit \u00e9s kil\u00e1t\u00e1sait vizsg\u00e1l\u00f3 kutat\u00e1sa.<\/strong><!--more--><\/p>\n<div class=\"ads-in-post1\"><div id=\"gazdasagportal.hu_fullbanner_wideboard\"><\/div>\r\n<\/div>\n<p>    Az MTI-nek szerd\u00e1n eljutatott k\u00f6zlem\u00e9nyben kiemelt\u00e9k, a kutat\u00e1sban megk\u00e9rdezett 126 m\u00e9rn\u00f6k 97 sz\u00e1zal\u00e9ka jel\u00f6lte a szakmai fejl\u0151d\u00e9st fontos szempontnak a munkahelyv\u00e1laszt\u00e1sban.<br \/>\n    A felm\u00e9r\u00e9s r\u00e1mutatott arra is, hogy a m\u00e9rn\u00f6k\u00f6k k\u00f6r\u00e9ben a v\u00e1laszad\u00f3k k\u00f6zel h\u00e1romnegyede tartja a nagyv\u00e1llalatokat vonz\u00f3bb munkahelynek, mint a kisebb c\u00e9geket.<br \/>\n    A megk\u00e9rdezett m\u00e9rn\u00f6k\u00f6k 40 sz\u00e1zal\u00e9ka dolgozott m\u00e1r k\u00fclf\u00f6ld\u00f6n, 91 sz\u00e1zal\u00e9kuk nyilatkozott \u00fagy, hogy 5 \u00e9vn\u00e9l r\u00f6videbb id\u0151t t\u00f6lt\u00f6tt kint, ugyanis a k\u00fclf\u00f6ldi munkav\u00e1llal\u00e1sn\u00e1l a projekt jelleg\u0171, hat\u00e1rozott id\u0151re sz\u00f3l\u00f3 megb\u00edz\u00e1sokat r\u00e9szes\u00edtik el\u0151nyben.<br \/>\n    A v\u00e1laszad\u00f3k t\u00f6bb mint negyede szerint a legvonz\u00f3bb c\u00e9lorsz\u00e1g N\u00e9metorsz\u00e1g, ezt k\u00f6veti az Egyes\u00fclt \u00c1llamok 13 sz\u00e1zal\u00e9kkal, majd 10 sz\u00e1zal\u00e9k alatti ar\u00e1nyt k\u00e9pvisel Ausztria, Sv\u00e1jc, Hollandia, \u00e9s Nagy-Britannia.<br \/>\n    A felm\u00e9r\u00e9s szerint a magyar m\u00e9rn\u00f6k\u00f6k k\u00f6nnyen v\u00e1logathatnak a piaci szerepl\u0151k \u00e9s aj\u00e1nlataik k\u00f6z\u00fcl, ezt t\u00e1masztja al\u00e1, hogy a v\u00e1laszad\u00f3k 85 sz\u00e1zal\u00e9ka arr\u00f3l sz\u00e1molt be, hogy h\u00e1rom h\u00f3napn\u00e1l kevesebb id\u0151 alatt tal\u00e1lt mag\u00e1nak \u00e1ll\u00e1st.(MTI)<\/p>\n","protected":false},"excerpt":{"rendered":"<p>A magyar m\u00e9rn\u00f6k\u00f6kn\u00e9l a szakmai fejl\u0151d\u00e9s a f\u0151 \u00e1ll\u00e1skeres\u00e9si szempont, a fizet\u00e9s csak a m\u00e1sodik &#8211; \u00e1llap\u00edtotta meg a Jobsgarden HR-toborz\u00f3 \u00e9s tan\u00e1csad\u00f3 c\u00e9g, a magyar m\u00e9rn\u00f6k\u00f6k munkaer\u0151piaci ig\u00e9nyeit \u00e9s kil\u00e1t\u00e1sait vizsg\u00e1l\u00f3 kutat\u00e1sa.<\/p>\n","protected":false},"author":1,"featured_media":0,"comment_status":"closed","ping_status":"open","sticky":false,"template":"","format":"standard","meta":[],"categories":[4,19],"tags":[],"_links":{"self":[{"href":"https:\/\/gazdasagportal.hu\/index.php\/wp-json\/wp\/v2\/posts\/96657"}],"collection":[{"href":"https:\/\/gazdasagportal.hu\/index.php\/wp-json\/wp\/v2\/posts"}],"about":[{"href":"https:\/\/gazdasagportal.hu\/index.php\/wp-json\/wp\/v2\/types\/post"}],"author":[{"embeddable":true,"href":"https:\/\/gazdasagportal.hu\/index.php\/wp-json\/wp\/v2\/users\/1"}],"replies":[{"embeddable":true,"href":"https:\/\/gazdasagportal.hu\/index.php\/wp-json\/wp\/v2\/comments?post=96657"}],"version-history":[{"count":1,"href":"https:\/\/gazdasagportal.hu\/index.php\/wp-json\/wp\/v2\/posts\/96657\/revisions"}],"predecessor-version":[{"id":96658,"href":"https:\/\/gazdasagportal.hu\/index.php\/wp-json\/wp\/v2\/posts\/96657\/revisions\/96658"}],"wp:attachment":[{"href":"https:\/\/gazdasagportal.hu\/index.php\/wp-json\/wp\/v2\/media?parent=96657"}],"wp:term":[{"taxonomy":"category","embeddable":true,"href":"https:\/\/gazdasagportal.hu\/index.php\/wp-json\/wp\/v2\/categories?post=96657"},{"taxonomy":"post_tag","embeddable":true,"href":"https:\/\/gazdasagportal.hu\/index.php\/wp-json\/wp\/v2\/tags?post=96657"}],"curies":[{"name":"wp","href":"https:\/\/api.w.org\/{rel}","templated":true}]}}