{"id":96635,"date":"2017-08-16T09:21:07","date_gmt":"2017-08-16T07:21:07","guid":{"rendered":"http:\/\/gazdasagportal.hu\/?p=96635"},"modified":"2017-08-16T10:03:27","modified_gmt":"2017-08-16T08:03:27","slug":"ksh-32-szazalekkal-nott-a-gdp-a-masodik-negyedevben","status":"publish","type":"post","link":"https:\/\/gazdasagportal.hu\/index.php\/ksh-32-szazalekkal-nott-a-gdp-a-masodik-negyedevben\/","title":{"rendered":"KSH: 3,2 sz\u00e1zal\u00e9kkal n\u0151tt a GDP a m\u00e1sodik negyed\u00e9vben"},"content":{"rendered":"<p><strong>A m\u00e1sodik negyed\u00e9vben a brutt\u00f3 hazai term\u00e9k (GDP) 3,2 sz\u00e1zal\u00e9kkal n\u0151tt az el\u0151z\u0151 \u00e9v azonos id\u0151szak\u00e1hoz viszony\u00edtva &#8211; jelentette els\u0151 becsl\u00e9se alapj\u00e1n a K\u00f6zponti Statisztikai Hivatal (KSH) szerd\u00e1n. <\/strong><!--more--><\/p>\n<div class=\"ads-in-post1\"><div id=\"gazdasagportal.hu_fullbanner_wideboard\"><\/div>\r\n<\/div>\n<p>    A szezon\u00e1lisan \u00e9s napt\u00e1rhat\u00e1ssal kiigaz\u00edtott adatok szerint az el\u0151z\u0151 negyed\u00e9vhez m\u00e9rten 0,9 sz\u00e1zal\u00e9kkal emelkedett a brutt\u00f3 hazai term\u00e9k volumene a m\u00e1sodik negyed\u00e9vben.     Az \u00e9ves adatokat tekintve a n\u00f6veked\u00e9shez a legnagyobb m\u00e9rt\u00e9kben a piaci alap\u00fa szolg\u00e1ltat\u00e1sok j\u00e1rultak hozz\u00e1. A szezon\u00e1lisan \u00e9s napt\u00e1rhat\u00e1ssal kiigaz\u00edtott \u00e9s kiegyens\u00falyozott adatok szerint a m\u00e1sodik negyed\u00e9vben az el\u0151z\u0151 \u00e9v azonos id\u0151szak\u00e1hoz viszony\u00edtva 3,6 sz\u00e1zal\u00e9kkal n\u0151tt a brutt\u00f3 hazai term\u00e9k.     A GDP volumene az els\u0151 f\u00e9l\u00e9vben 3,7 sz\u00e1zal\u00e9kkal emelkedett az el\u0151z\u0151 \u00e9v azonos id\u0151szak\u00e1hoz k\u00e9pest.     Elemz\u0151k a m\u00e1sodik negyed\u00e9vre 3,6 sz\u00e1zal\u00e9kos b\u0151v\u00fcl\u00e9st v\u00e1rtak.     Az adatok ismertet\u00e9sekor Sz\u0151k\u00e9n\u00e9 Boros Zsuzsanna, a KSH f\u0151oszt\u00e1lyvezet\u0151je elmondta: a m\u00e1sodik negyed\u00e9ves GDP adatot befoly\u00e1solta az ipari termel\u00e9s kisebb m\u00e9rt\u00e9k\u0171 n\u00f6veked\u00e9se, valamint, hogy visszaesett a mez\u0151gazdas\u00e1g termel\u00e9se az el\u0151z\u0151 \u00e9v azonos id\u0151szak\u00e1hoz k\u00e9pest.     A mez\u0151gazdas\u00e1gi termel\u00e9st tekintve az id\u00e9n \u00e1tlagos \u00e9vre sz\u00e1m\u00edtanak, m\u00edg az el\u0151z\u0151 \u00e9v kimagasl\u00f3an magas volt &#8211; jegyezte meg a f\u0151oszt\u00e1lyvezet\u0151.     Hozz\u00e1tette: a nem piaci szolg\u00e1ltat\u00e1sok sem j\u00e1rultak hozz\u00e1 a m\u00e1sodik negyed\u00e9vben a GDP n\u00f6veked\u00e9s\u00e9hez, p\u00e9ldak\u00e9nt a k\u00f6zigazgat\u00e1st, oktat\u00e1st \u00e9s az eg\u00e9szs\u00e9g\u00fcgyet eml\u00edtette.<br \/>\n    Az els\u0151 negyed\u00e9vben 4,2 sz\u00e1zal\u00e9kkal n\u0151tt a magyar gazdas\u00e1g teljes\u00edtm\u00e9nye az egy \u00e9vvel kor\u00e1bbi id\u0151szakhoz viszony\u00edtva, ami jelent\u0151s fellend\u00fcl\u00e9st jelentett a tavalyi eg\u00e9sz \u00e9ves 2,0 \u00e9s a 2016 negyedik negyed\u00e9vi 1,6 sz\u00e1zal\u00e9k ut\u00e1n. A napt\u00e1rhat\u00e1st\u00f3l megtiszt\u00edtott adat 3,9, az Eurostat \u00e1ltal megfigyelt szezon\u00e1lisan \u00e9s napt\u00e1ri hat\u00e1ssal kiigaz\u00edtott adat 3,8 sz\u00e1zal\u00e9kos n\u00f6veked\u00e9st mutatott a tavalyi negyedik negyed\u00e9vi 1,8, illetve 1,9 sz\u00e1zal\u00e9k ut\u00e1n.(MTI)<\/p>\n","protected":false},"excerpt":{"rendered":"<p>A m\u00e1sodik negyed\u00e9vben a brutt\u00f3 hazai term\u00e9k (GDP) 3,2 sz\u00e1zal\u00e9kkal n\u0151tt az el\u0151z\u0151 \u00e9v azonos id\u0151szak\u00e1hoz viszony\u00edtva &#8211; jelentette els\u0151 becsl\u00e9se alapj\u00e1n a K\u00f6zponti Statisztikai Hivatal (KSH) szerd\u00e1n.<\/p>\n","protected":false},"author":1,"featured_media":0,"comment_status":"closed","ping_status":"open","sticky":false,"template":"","format":"standard","meta":[],"categories":[19],"tags":[],"_links":{"self":[{"href":"https:\/\/gazdasagportal.hu\/index.php\/wp-json\/wp\/v2\/posts\/96635"}],"collection":[{"href":"https:\/\/gazdasagportal.hu\/index.php\/wp-json\/wp\/v2\/posts"}],"about":[{"href":"https:\/\/gazdasagportal.hu\/index.php\/wp-json\/wp\/v2\/types\/post"}],"author":[{"embeddable":true,"href":"https:\/\/gazdasagportal.hu\/index.php\/wp-json\/wp\/v2\/users\/1"}],"replies":[{"embeddable":true,"href":"https:\/\/gazdasagportal.hu\/index.php\/wp-json\/wp\/v2\/comments?post=96635"}],"version-history":[{"count":2,"href":"https:\/\/gazdasagportal.hu\/index.php\/wp-json\/wp\/v2\/posts\/96635\/revisions"}],"predecessor-version":[{"id":96644,"href":"https:\/\/gazdasagportal.hu\/index.php\/wp-json\/wp\/v2\/posts\/96635\/revisions\/96644"}],"wp:attachment":[{"href":"https:\/\/gazdasagportal.hu\/index.php\/wp-json\/wp\/v2\/media?parent=96635"}],"wp:term":[{"taxonomy":"category","embeddable":true,"href":"https:\/\/gazdasagportal.hu\/index.php\/wp-json\/wp\/v2\/categories?post=96635"},{"taxonomy":"post_tag","embeddable":true,"href":"https:\/\/gazdasagportal.hu\/index.php\/wp-json\/wp\/v2\/tags?post=96635"}],"curies":[{"name":"wp","href":"https:\/\/api.w.org\/{rel}","templated":true}]}}