{"id":96627,"date":"2017-08-15T22:12:46","date_gmt":"2017-08-15T20:12:46","guid":{"rendered":"http:\/\/gazdasagportal.hu\/?p=96627"},"modified":"2017-08-15T22:12:46","modified_gmt":"2017-08-15T20:12:46","slug":"nem-csillapodnak-az-indulatok-az-egyesult-allamokban-a-szombaton-a-virginiai-charlottesville-ben-tortent-atrocitasok-utan","status":"publish","type":"post","link":"https:\/\/gazdasagportal.hu\/index.php\/nem-csillapodnak-az-indulatok-az-egyesult-allamokban-a-szombaton-a-virginiai-charlottesville-ben-tortent-atrocitasok-utan\/","title":{"rendered":"Nem csillapodnak az indulatok az Egyes\u00fclt \u00c1llamokban a szombaton a virginiai Charlottesville-ben t\u00f6rt\u00e9nt atrocit\u00e1sok ut\u00e1n"},"content":{"rendered":"<p><strong>Nem csillapodnak az indulatok az Egyes\u00fclt \u00c1llamokban a szombaton a virginiai Charlottesville-ben t\u00f6rt\u00e9nt atrocit\u00e1sok ut\u00e1n.<\/strong><!--more--><\/p>\n<div class=\"ads-in-post1\"><div id=\"gazdasagportal.hu_fullbanner_wideboard\"><\/div>\r\n<\/div>\n<p>     \u00c9szak-Karolin\u00e1ban  helyi id\u0151s szerint h\u00e9tf\u0151 este konf\u00f6der\u00e1ci\u00f3s szobrot d\u00f6nt\u00f6ttek le, k\u00f6zben Donald Trump amerikai eln\u00f6k ipari tan\u00e1csad\u00f3 test\u00fclet\u00e9b\u0151l Trump kor\u00e1bbi nyilatkozata elleni tiltakoz\u00e1sul  \u00fajabb h\u00e1rom tan\u00e1csad\u00f3 mondott le.<br \/>\n     Kenneth Frazier, a Merck gy\u00f3gyszergy\u00e1r eln\u00f6k-vez\u00e9rigazgat\u00f3j\u00e1nak h\u00e9tf\u0151i lemond\u00e1sa ut\u00e1n kedden lemondott az eln\u00f6ki ipari tan\u00e1csad\u00f3 test\u00fcletb\u0151l tov\u00e1bbi h\u00e1rom gazdas\u00e1gi vezet\u0151: Brian Krzanich az Intel eln\u00f6k-vez\u00e9rigazgat\u00f3ja, Kevin Plank a sportszereket gy\u00e1rt\u00f3 Under Armour igazgat\u00f3ja \u00e9s az Amerikai Iparosok Sz\u00f6vets\u00e9g\u00e9nek vezet\u0151je, Scott Paul. Valamennyien Donald Trumpnak a Charlottesville-ben t\u00f6rt\u00e9ntekre adott, \u00e1ltaluk b\u00edr\u00e1lt reakci\u00f3j\u00e1ra hivatkoztak.<br \/>\n    Twitter-bejegyz\u00e9s\u00e9ben az eln\u00f6k azzal reag\u00e1lt a gazdas\u00e1gi szakemberek t\u00e1voz\u00e1s\u00e1ra, hogy k\u00f6nnyen helyettes\u00edtheti \u0151ket. &#8222;Sokakat tudok helyett\u00fck&#8221; &#8211; \u00edrta. Trump h\u00e9tf\u0151n a Merck vezet\u0151j\u00e9nek t\u00e1voz\u00e1s\u00e1t sem hagyta sz\u00f3 n\u00e9lk\u00fcl. &#8222;Most legal\u00e1bb lesz ideje a gy\u00f3gyszer\u00e1rak let\u00f6r\u00e9s\u00e9vel foglalkozni&#8221; &#8211; fogalmazott mikroblog-bejegyz\u00e9s\u00e9ben.<br \/>\n    Az eln\u00f6k h\u00e9tf\u0151n este Washingtonb\u00f3l a New York-i Trump-toronyba utazott. A manhattani \u00e9p\u00fclet el\u0151tt t\u00fcntet\u0151k v\u00e1rt\u00e1k, akik azt skand\u00e1lt\u00e1k: New York gy\u0171l\u00f6li \u0151t. A t\u00fcntet\u00e9sek kedden is folyat\u00f3dtak, az \u00d6t\u00f6dik sug\u00e1r\u00faton l\u00e9v\u0151 felh\u0151karcol\u00f3n\u00e1l \u00f6sszegy\u0171ltek t\u00e1bl\u00e1kat tartottak a magasba, rajtuk a felirat: &#8222;sz\u00e9gyen!&#8221; \u00e9s &#8222;\u00e1ll\u00edtsuk le a gy\u0171l\u00f6letet, \u00e1ll\u00edtsuk le a hazugs\u00e1gokat!&#8221;<br \/>\n    Kedden a k\u00e9pvisel\u0151h\u00e1z n\u00e9gy kisebbs\u00e9gi csoportja k\u00f6z\u00f6s levelet \u00edrt Donald Trumpnak, \u00e9s arra sz\u00f3l\u00edtotta fel \u0151t, hogy mozd\u00edtsa el hivatal\u00e1b\u00f3l h\u00e1rom tan\u00e1csad\u00f3j\u00e1t: Steve Bannont, Stephen Millert \u00e9s Gorka Sebesty\u00e9nt. A fekete, \u00e1zsiai \u00e9s spanyolajk\u00fa kisebbs\u00e9gek csoportjai szerint ugyanis e h\u00e1rom tan\u00e1csad\u00f3 jelenl\u00e9te a Feh\u00e9r H\u00e1zban &#8222;b\u00e1tor\u00edtja a feh\u00e9r fels\u0151bbrend\u0171s\u00e9get hirdet\u0151k mozgalm\u00e1t&#8221;.<br \/>\n    Az \u00e9szak-karolinai Durhamben m\u00e9g h\u00e9tf\u0151n este led\u00f6nt\u00f6tt\u00e9k az 1861 \u00e9s 1865 k\u00f6z\u00f6tti polg\u00e1rh\u00e1bor\u00fa egyik d\u00e9li, konf\u00f6der\u00e1ci\u00f3s katon\u00e1j\u00e1nak eml\u00e9ket \u00e1ll\u00edt\u00f3, csaknem sz\u00e1z\u00e9ves szobrot. A szobord\u00f6nt\u0151k a Charlottesville-ben megjelent ellent\u00fcntet\u0151k melletti &#8222;szolidarit\u00e1si megmozdul\u00e1st&#8221; szervez\u0151knek nevezt\u00e9k magukat.<br \/>\n    A rend\u0151rs\u00e9g ugyan senkit nem vett \u0151rizetbe, \u00e1m kedden az \u00e9szak-karolinai hat\u00f3s\u00e1gok bejelentett\u00e9k: tart az elk\u00f6vet\u0151k azonos\u00edt\u00e1sa, s val\u00f3sz\u00edn\u0171leg vandalizmus miatt v\u00e1dat emelnek ellen\u00fck. Egy 2015-ben hozott \u00e9szak-karolinai t\u00f6rv\u00e9ny szerint ugyanis el\u0151zetes enged\u00e9ly n\u00e9lk\u00fcl egyetlen k\u00f6ztulajdonban l\u00e9v\u0151 eml\u00e9km\u0171 sem t\u00e1vol\u00edthat\u00f3 el. Roy Cooper, az \u00e1llam demokrata p\u00e1rti korm\u00e1nyz\u00f3ja Twitter-\u00fczenetben k\u00f6z\u00f6lte: &#8222;a rasszizmus \u00e9s a Charlottesville-i hal\u00e1los er\u0151szak elfogadhatatlan, \u00e1m jobb m\u00f3dja is van aszobrok elt\u00e1vol\u00edt\u00e1s\u00e1nak&#8221;.<br \/>\n    A z Egyes\u00fclt \u00c1llamokban egy\u00e9bk\u00e9nt jelenleg mintegy 1500 szobor, vagy eml\u00e9km\u0171 \u00e1ll, amely a polg\u00e1rh\u00e1bor\u00fat id\u00e9zi fel.<br \/>\n(MTI)<\/p>\n","protected":false},"excerpt":{"rendered":"<p>Nem csillapodnak az indulatok az Egyes\u00fclt \u00c1llamokban a szombaton a virginiai Charlottesville-ben t\u00f6rt\u00e9nt atrocit\u00e1sok ut\u00e1n.<\/p>\n","protected":false},"author":1,"featured_media":0,"comment_status":"closed","ping_status":"open","sticky":false,"template":"","format":"standard","meta":[],"categories":[13],"tags":[],"_links":{"self":[{"href":"https:\/\/gazdasagportal.hu\/index.php\/wp-json\/wp\/v2\/posts\/96627"}],"collection":[{"href":"https:\/\/gazdasagportal.hu\/index.php\/wp-json\/wp\/v2\/posts"}],"about":[{"href":"https:\/\/gazdasagportal.hu\/index.php\/wp-json\/wp\/v2\/types\/post"}],"author":[{"embeddable":true,"href":"https:\/\/gazdasagportal.hu\/index.php\/wp-json\/wp\/v2\/users\/1"}],"replies":[{"embeddable":true,"href":"https:\/\/gazdasagportal.hu\/index.php\/wp-json\/wp\/v2\/comments?post=96627"}],"version-history":[{"count":1,"href":"https:\/\/gazdasagportal.hu\/index.php\/wp-json\/wp\/v2\/posts\/96627\/revisions"}],"predecessor-version":[{"id":96628,"href":"https:\/\/gazdasagportal.hu\/index.php\/wp-json\/wp\/v2\/posts\/96627\/revisions\/96628"}],"wp:attachment":[{"href":"https:\/\/gazdasagportal.hu\/index.php\/wp-json\/wp\/v2\/media?parent=96627"}],"wp:term":[{"taxonomy":"category","embeddable":true,"href":"https:\/\/gazdasagportal.hu\/index.php\/wp-json\/wp\/v2\/categories?post=96627"},{"taxonomy":"post_tag","embeddable":true,"href":"https:\/\/gazdasagportal.hu\/index.php\/wp-json\/wp\/v2\/tags?post=96627"}],"curies":[{"name":"wp","href":"https:\/\/api.w.org\/{rel}","templated":true}]}}