{"id":96625,"date":"2017-08-15T21:14:02","date_gmt":"2017-08-15T19:14:02","guid":{"rendered":"http:\/\/gazdasagportal.hu\/?p=96625"},"modified":"2017-08-15T21:14:02","modified_gmt":"2017-08-15T19:14:02","slug":"madeirai-baleset-kkm-korhazban-elhunyt-a-magyar-serult","status":"publish","type":"post","link":"https:\/\/gazdasagportal.hu\/index.php\/madeirai-baleset-kkm-korhazban-elhunyt-a-magyar-serult\/","title":{"rendered":"Madeirai baleset &#8211; KKM: k\u00f3rh\u00e1zban elhunyt a magyar s\u00e9r\u00fclt"},"content":{"rendered":"<p><strong>A k\u00f3rh\u00e1zban \u00e9let\u00e9t vesztette a madeirai fakid\u0151l\u00e9sben megs\u00e9r\u00fclt magyar \u00e1llampolg\u00e1r &#8211; k\u00f6z\u00f6lte a K\u00fclgazdas\u00e1gi \u00e9s K\u00fcl\u00fcgyminiszt\u00e9rium (KKM) Sajt\u00f3 F\u0151oszt\u00e1lya kedd este az MTI megkeres\u00e9s\u00e9re.<\/strong><!--more--><\/p>\n<div class=\"ads-in-post1\"><div id=\"gazdasagportal.hu_fullbanner_wideboard\"><\/div>\r\n<\/div>\n<p>    A lisszaboni magyar nagyk\u00f6vets\u00e9g felvette a kapcsolatot az elhunyt csal\u00e1dj\u00e1val, \u00e9s minden konzuli seg\u00edts\u00e9get megad a trag\u00e9di\u00e1ban \u00e9rintett hozz\u00e1tartoz\u00f3knak. A Madeira sziget\u00e9n tart\u00f3zkod\u00f3 tiszteletbeli magyar konzul a helysz\u00ednr\u0151l seg\u00edti az \u00fcgyint\u00e9z\u00e9st, illetve folyamatos kapcsolatot tart fent a k\u00f3rh\u00e1zzal \u00e9s az illet\u00e9kes hat\u00f3s\u00e1gi szervekkel &#8211; tudatt\u00e1k.<br \/>\n    A nagyk\u00f6vets\u00e9g nem tud tov\u00e1bbi magyar \u00e9rintetts\u00e9gr\u0151l &#8211; olvashat\u00f3 a k\u00f6zlem\u00e9nyben.<br \/>\n    A h\u00edv\u0151k a sziget Funchal nev\u0171 f\u0151v\u00e1ros\u00e1t\u00f3l mintegy 5 kilom\u00e9terre l\u00e9v\u0151 botanikus kertben egy forr\u00e1sn\u00e1l gy\u0171ltek \u00f6ssze, ahol egy M\u00e1ria-kegyhely van. Egy k\u00e9tsz\u00e1z \u00e9ves t\u00f6lgy d\u0151lt r\u00e1juk. Az emberek a Nossa Senhora do Monte (Montei Miasszonyunk) nev\u0171 \u00fcnnepet tartott\u00e1k volna meg, amikor a baleset megt\u00f6rt\u00e9nt.<br \/>\n    Este a Jornal da Madeira c\u00edm\u0171 helyi lap internetes oldal\u00e1n azt \u00edrta: a 12 hal\u00e1los \u00e1ldozat k\u00f6z\u00f6tt n\u00e9gy k\u00fclf\u00f6ldi van: egy francia, egy magyar \u00e9s egy n\u00e9met. A negyedik k\u00fclf\u00f6ldi \u00e1ldozat \u00e1llampolg\u00e1rs\u00e1ga m\u00e9g nem ismert. Madeira region\u00e1lis korm\u00e1nya h\u00e1romnapos gy\u00e1szt hirdetett meg.<br \/>\n    A P\u00fablico c\u00edm\u0171 lap szerint a 200 \u00e9ves t\u00f6lgyf\u00e1t m\u00e1r h\u00e1rom \u00e9ve vesz\u00e9lyesnek min\u0151s\u00edtett\u00e9k, \u00e9s arra figyelmeztettek, hogy b\u00e1rmikor kid\u0151lhet.(MTI)<\/p>\n","protected":false},"excerpt":{"rendered":"<p>A k\u00f3rh\u00e1zban \u00e9let\u00e9t vesztette a madeirai fakid\u0151l\u00e9sben megs\u00e9r\u00fclt magyar \u00e1llampolg\u00e1r &#8211; k\u00f6z\u00f6lte a K\u00fclgazdas\u00e1gi \u00e9s K\u00fcl\u00fcgyminiszt\u00e9rium (KKM) Sajt\u00f3 F\u0151oszt\u00e1lya kedd este az MTI megkeres\u00e9s\u00e9re.<\/p>\n","protected":false},"author":1,"featured_media":0,"comment_status":"closed","ping_status":"open","sticky":false,"template":"","format":"standard","meta":[],"categories":[4,12],"tags":[],"_links":{"self":[{"href":"https:\/\/gazdasagportal.hu\/index.php\/wp-json\/wp\/v2\/posts\/96625"}],"collection":[{"href":"https:\/\/gazdasagportal.hu\/index.php\/wp-json\/wp\/v2\/posts"}],"about":[{"href":"https:\/\/gazdasagportal.hu\/index.php\/wp-json\/wp\/v2\/types\/post"}],"author":[{"embeddable":true,"href":"https:\/\/gazdasagportal.hu\/index.php\/wp-json\/wp\/v2\/users\/1"}],"replies":[{"embeddable":true,"href":"https:\/\/gazdasagportal.hu\/index.php\/wp-json\/wp\/v2\/comments?post=96625"}],"version-history":[{"count":1,"href":"https:\/\/gazdasagportal.hu\/index.php\/wp-json\/wp\/v2\/posts\/96625\/revisions"}],"predecessor-version":[{"id":96626,"href":"https:\/\/gazdasagportal.hu\/index.php\/wp-json\/wp\/v2\/posts\/96625\/revisions\/96626"}],"wp:attachment":[{"href":"https:\/\/gazdasagportal.hu\/index.php\/wp-json\/wp\/v2\/media?parent=96625"}],"wp:term":[{"taxonomy":"category","embeddable":true,"href":"https:\/\/gazdasagportal.hu\/index.php\/wp-json\/wp\/v2\/categories?post=96625"},{"taxonomy":"post_tag","embeddable":true,"href":"https:\/\/gazdasagportal.hu\/index.php\/wp-json\/wp\/v2\/tags?post=96625"}],"curies":[{"name":"wp","href":"https:\/\/api.w.org\/{rel}","templated":true}]}}