{"id":96623,"date":"2017-08-15T20:44:46","date_gmt":"2017-08-15T18:44:46","guid":{"rendered":"http:\/\/gazdasagportal.hu\/?p=96623"},"modified":"2017-08-15T20:44:46","modified_gmt":"2017-08-15T18:44:46","slug":"madeirai-baleset-egy-helyi-lap-szerint-meghalt-a-magyar-serult","status":"publish","type":"post","link":"https:\/\/gazdasagportal.hu\/index.php\/madeirai-baleset-egy-helyi-lap-szerint-meghalt-a-magyar-serult\/","title":{"rendered":"Madeirai baleset &#8211; Egy helyi lap szerint meghalt a magyar s\u00e9r\u00fclt"},"content":{"rendered":"<p><strong>A Jornal da Madeira c\u00edm\u0171 helyi lap \u00e9rtes\u00fcl\u00e9se szerint meghalt az\u00a0\u00a0a magyar \u00e1llampolg\u00e1r aki megs\u00e9r\u00fclt a madeirai vall\u00e1si \u00fcnnepen t\u00f6rt\u00e9nt s\u00falyos balesetben kedden.<\/strong><!--more--><\/p>\n<div class=\"ads-in-post1\"><div id=\"gazdasagportal.hu_fullbanner_wideboard\"><\/div>\r\n<\/div>\n<p>A lap azt \u00edrta internetes oldal\u00e1n, hogy a 12 hal\u00e1los \u00e1ldozat k\u00f6z\u00f6tt n\u00e9gy k\u00fclf\u00f6ldi van: egy francia, egy magyar \u00e9s egy n\u00e9met. A negyedik k\u00fclf\u00f6ldi\u00a0\u00a0\u00e1ldozat\u00a0\u00a0\u00e1llampolg\u00e1rs\u00e1ga m\u00e9g nem ismeret.<br \/>\nA Jornal da Madeira nem k\u00f6z\u00f6lte, hogy minderr\u0151l milyen forr\u00e1sb\u00f3l \u00e9rtes\u00fclt.<br \/>\nA lisszaboni magyar nagyk\u00f6vets\u00e9g kedd este az MTI megkeres\u00e9s\u00e9re azt k\u00f6z\u00f6lte: csak annyit tudnak, hogy a magyar s\u00e9r\u00fclt a s\u00fcrg\u0151ss\u00e9gi oszt\u00e1lyra ker\u00fclt. A lisszaboni sajt\u00f3inform\u00e1ci\u00f3k szerint a k\u00f3rh\u00e1z este tart sajt\u00f3t\u00e1j\u00e9koztat\u00f3t a s\u00e9r\u00fcltek \u00e1llapot\u00e1r\u00f3l.<br \/>\nA h\u00edv\u0151k a sziget Funchal nev\u0171 f\u0151v\u00e1ros\u00e1t\u00f3l mintegy 5 kilom\u00e9terre l\u00e9v\u0151 botanikus kertben egy forr\u00e1sn\u00e1l gy\u0171ltek \u00f6ssze, ahol egy M\u00e1ria-kegyhely van. Egy k\u00e9tsz\u00e1z \u00e9ves t\u00f6lgy d\u0151lt r\u00e1juk. Az emberek a Nossa Senhora do Monte (Montei Miasszonyunk) nev\u0171 \u00fcnnepet tartott\u00e1k volna meg, amikor a baleset megt\u00f6rt\u00e9nt.<br \/>\n<a title=\"Hely megnyit\u00e1sa\" href=\"https:\/\/www.jm-madeira.pt\/aconteceu\/ver\/12732\/Quatro_estrangeiros_entre_os_mortos_na_tragedia_do_Monte\" target=\"_blank\" rel=\"noopener noreferrer\">https:\/\/www.jm-madeira.pt\/aconteceu\/ver\/12732\/Quatro_estrangeiros_entre_os_mortos_na_tragedia_do_Monte<\/a><\/p>\n<p>&nbsp;<br \/>\n(MTI)<\/p><div id=\"gazda-3101019587\" class=\"gazda-tartalomban gazda-entity-placement\"><script async src=\"https:\/\/pagead2.googlesyndication.com\/pagead\/js\/adsbygoogle.js\"><\/script>\r\n<ins class=\"adsbygoogle\"\r\n     style=\"display:block\"\r\n     data-ad-format=\"fluid\"\r\n     data-ad-layout-key=\"-6t+ed+2i-1n-4w\"\r\n     data-ad-client=\"ca-pub-1959107119989764\"\r\n     data-ad-slot=\"4008251320\"><\/ins>\r\n<script>\r\n     (adsbygoogle = window.adsbygoogle || []).push({});\r\n<\/script><\/div>\n","protected":false},"excerpt":{"rendered":"<p>A Jornal da Madeira c\u00edm\u0171 helyi lap \u00e9rtes\u00fcl\u00e9se szerint meghalt az\u00a0\u00a0a magyar \u00e1llampolg\u00e1r aki megs\u00e9r\u00fclt a madeirai vall\u00e1si \u00fcnnepen t\u00f6rt\u00e9nt s\u00falyos balesetben kedden.<\/p>\n","protected":false},"author":1,"featured_media":0,"comment_status":"closed","ping_status":"open","sticky":false,"template":"","format":"standard","meta":[],"categories":[4,12],"tags":[],"_links":{"self":[{"href":"https:\/\/gazdasagportal.hu\/index.php\/wp-json\/wp\/v2\/posts\/96623"}],"collection":[{"href":"https:\/\/gazdasagportal.hu\/index.php\/wp-json\/wp\/v2\/posts"}],"about":[{"href":"https:\/\/gazdasagportal.hu\/index.php\/wp-json\/wp\/v2\/types\/post"}],"author":[{"embeddable":true,"href":"https:\/\/gazdasagportal.hu\/index.php\/wp-json\/wp\/v2\/users\/1"}],"replies":[{"embeddable":true,"href":"https:\/\/gazdasagportal.hu\/index.php\/wp-json\/wp\/v2\/comments?post=96623"}],"version-history":[{"count":1,"href":"https:\/\/gazdasagportal.hu\/index.php\/wp-json\/wp\/v2\/posts\/96623\/revisions"}],"predecessor-version":[{"id":96624,"href":"https:\/\/gazdasagportal.hu\/index.php\/wp-json\/wp\/v2\/posts\/96623\/revisions\/96624"}],"wp:attachment":[{"href":"https:\/\/gazdasagportal.hu\/index.php\/wp-json\/wp\/v2\/media?parent=96623"}],"wp:term":[{"taxonomy":"category","embeddable":true,"href":"https:\/\/gazdasagportal.hu\/index.php\/wp-json\/wp\/v2\/categories?post=96623"},{"taxonomy":"post_tag","embeddable":true,"href":"https:\/\/gazdasagportal.hu\/index.php\/wp-json\/wp\/v2\/tags?post=96623"}],"curies":[{"name":"wp","href":"https:\/\/api.w.org\/{rel}","templated":true}]}}