{"id":96599,"date":"2017-08-15T10:30:35","date_gmt":"2017-08-15T08:30:35","guid":{"rendered":"http:\/\/gazdasagportal.hu\/?p=96599"},"modified":"2017-08-15T10:30:35","modified_gmt":"2017-08-15T08:30:35","slug":"nav-eltero-adojogszabalyok-vonatkoznak-a-hosszu-es-a-rovid-tavu-lakaskiadasra","status":"publish","type":"post","link":"https:\/\/gazdasagportal.hu\/index.php\/nav-eltero-adojogszabalyok-vonatkoznak-a-hosszu-es-a-rovid-tavu-lakaskiadasra\/","title":{"rendered":"NAV: elt\u00e9r\u0151 ad\u00f3jogszab\u00e1lyok vonatkoznak a hossz\u00fa \u00e9s a r\u00f6vid t\u00e1v\u00fa lak\u00e1skiad\u00e1sra"},"content":{"rendered":"<p><strong>Elt\u00e9r\u0151 ad\u00f3szab\u00e1lyok vonatkoznak a hossz\u00fa t\u00e1v\u00fa \u00e9s a r\u00f6vid t\u00e1v\u00fa lak\u00e1skiad\u00e1sra &#8211; h\u00edvta fel a figyelmet Kiss P\u00e9ter Andr\u00e1s, a Nemzeti Ad\u00f3- \u00e9s V\u00e1mhivatal (NAV) ad\u00f3szakmai sz\u00f3viv\u0151je kedden az M1 aktu\u00e1lis csatorn\u00e1n.<\/strong><!--more--><\/p>\n<div class=\"ads-in-post1\"><div id=\"gazdasagportal.hu_fullbanner_wideboard\"><\/div>\r\n<\/div>\n<p>    A NAV sz\u00f3viv\u0151je p\u00e9ldak\u00e9nt megeml\u00edtette, hogy a r\u00f6vid t\u00e1von lak\u00e1skiad\u00e1ssal foglalkoz\u00f3k szolg\u00e1ltat\u00e1st is ny\u00fajtanak, moss\u00e1k az \u00e1gynem\u0171t, ezzel szemben a hossz\u00fa t\u00e1von kiadott lak\u00e1sok eset\u00e9ben csak \u00e1tadj\u00e1k a kulcsot a b\u00e9rl\u0151nek.<br \/>\n    P\u00e9ldak\u00e9nt eml\u00edtette azt is, hogy a hossz\u00fa t\u00e1v\u00fa lak\u00e1skiad\u00e1s \u00e1fa-mentes, nem kell sz\u00e1ml\u00e1t adni, a b\u00e9rbead\u00f3nak ad\u00f3sz\u00e1mot sem kell kiv\u00e1ltania, egyszer\u0171 \u00f6n\u00e1ll\u00f3 tev\u00e9kenys\u00e9gk\u00e9nt kell majd ad\u00f3zni.<br \/>\n    Kiss P\u00e9ter Andr\u00e1s a m\u0171sorban besz\u00e9lt arr\u00f3l is, hogy a fekete foglalkoztat\u00e1s torz\u00edtja a versenyt a piacon, a szab\u00e1lyosan foglalkoztat\u00f3k h\u00e1tr\u00e1nyba ker\u00fclnek a jogszab\u00e1lyt megszeg\u0151kkel szemben.<br \/>\n    A sz\u00f3viv\u0151 hangs\u00falyozta, ha b\u00e1rkiben felmer\u00fcl a gyan\u00fa, hogy a munk\u00e1ltat\u00f3ja nem megfelel\u0151en jelentette be, azt ellen\u0151rizni tudja az \u00fcgyf\u00e9lkapun, illetve az \u00fcgyf\u00e9lszolg\u00e1laton, vagy a korm\u00e1nyablakn\u00e1l.<br \/>\n    A NAV m\u00e1rcius \u00f3ta k\u00f6zz\u00e9teszi az ellen\u0151rz\u00e9si helysz\u00edneket, illetve a honlapjukon k\u00f6zz\u00e9 teszik a be nem jelentett m\u00f3don foglalkoztat\u00f3kat &#8211; tette hozz\u00e1 a sz\u00f3viv\u0151.(MTI)<\/p>\n","protected":false},"excerpt":{"rendered":"<p>Elt\u00e9r\u0151 ad\u00f3szab\u00e1lyok vonatkoznak a hossz\u00fa t\u00e1v\u00fa \u00e9s a r\u00f6vid t\u00e1v\u00fa lak\u00e1skiad\u00e1sra &#8211; h\u00edvta fel a figyelmet Kiss P\u00e9ter Andr\u00e1s, a Nemzeti Ad\u00f3- \u00e9s V\u00e1mhivatal (NAV) ad\u00f3szakmai sz\u00f3viv\u0151je kedden az M1 aktu\u00e1lis csatorn\u00e1n.<\/p>\n","protected":false},"author":1,"featured_media":0,"comment_status":"closed","ping_status":"open","sticky":false,"template":"","format":"standard","meta":[],"categories":[20,19],"tags":[],"_links":{"self":[{"href":"https:\/\/gazdasagportal.hu\/index.php\/wp-json\/wp\/v2\/posts\/96599"}],"collection":[{"href":"https:\/\/gazdasagportal.hu\/index.php\/wp-json\/wp\/v2\/posts"}],"about":[{"href":"https:\/\/gazdasagportal.hu\/index.php\/wp-json\/wp\/v2\/types\/post"}],"author":[{"embeddable":true,"href":"https:\/\/gazdasagportal.hu\/index.php\/wp-json\/wp\/v2\/users\/1"}],"replies":[{"embeddable":true,"href":"https:\/\/gazdasagportal.hu\/index.php\/wp-json\/wp\/v2\/comments?post=96599"}],"version-history":[{"count":1,"href":"https:\/\/gazdasagportal.hu\/index.php\/wp-json\/wp\/v2\/posts\/96599\/revisions"}],"predecessor-version":[{"id":96600,"href":"https:\/\/gazdasagportal.hu\/index.php\/wp-json\/wp\/v2\/posts\/96599\/revisions\/96600"}],"wp:attachment":[{"href":"https:\/\/gazdasagportal.hu\/index.php\/wp-json\/wp\/v2\/media?parent=96599"}],"wp:term":[{"taxonomy":"category","embeddable":true,"href":"https:\/\/gazdasagportal.hu\/index.php\/wp-json\/wp\/v2\/categories?post=96599"},{"taxonomy":"post_tag","embeddable":true,"href":"https:\/\/gazdasagportal.hu\/index.php\/wp-json\/wp\/v2\/tags?post=96599"}],"curies":[{"name":"wp","href":"https:\/\/api.w.org\/{rel}","templated":true}]}}