{"id":96566,"date":"2017-08-14T11:20:08","date_gmt":"2017-08-14T09:20:08","guid":{"rendered":"http:\/\/gazdasagportal.hu\/?p=96566"},"modified":"2017-08-14T11:39:39","modified_gmt":"2017-08-14T09:39:39","slug":"waberers-a-fuvarozasi-piac-es-a-magyar-gazdasag-teljesitmenye-is-segitette-a-ceg-novekedeset","status":"publish","type":"post","link":"https:\/\/gazdasagportal.hu\/index.php\/waberers-a-fuvarozasi-piac-es-a-magyar-gazdasag-teljesitmenye-is-segitette-a-ceg-novekedeset\/","title":{"rendered":"Waberer&#8217;s: a fuvaroz\u00e1si piac \u00e9s a magyar gazdas\u00e1g teljes\u00edtm\u00e9nye is seg\u00edtette a c\u00e9g n\u00f6veked\u00e9s\u00e9t"},"content":{"rendered":"<p><strong>Az eur\u00f3pai fuvaroz\u00e1si piac \u00e9s a magyar gazdas\u00e1g j\u00f3 teljes\u00edtm\u00e9ny\u00e9nek is k\u00f6sz\u00f6nhet\u0151, hogy a nemzetk\u00f6zi fuvaroz\u00f3 c\u00e9g, a Waberer&#8217;s International Nyrt. k\u00e9tsz\u00e1mjegy\u0171 \u00e1rbev\u00e9tel-n\u00f6veked\u00e9st \u00e9rt el az id\u00e9n az els\u0151 f\u00e9l \u00e9vben, ennek alapj\u00e1n a c\u00e9g \u00e9ves teljes\u00edtm\u00e9nye \u00f6sszhangban lesz a piaci v\u00e1rakoz\u00e1sokkal &#8211; mondta Lajk\u00f3 Ferenc, a Waberer&#8217;s Nyrt. vez\u00e9rigazgat\u00f3ja sajt\u00f3t\u00e1j\u00e9koztat\u00f3n h\u00e9tf\u0151n Budapesten.<\/strong><!--more--><\/p>\n<div class=\"ads-in-post1\"><div id=\"gazdasagportal.hu_fullbanner_wideboard\"><\/div>\r\n<\/div>\n<p>    Hozz\u00e1tette: a n\u00f6veked\u00e9shez a region\u00e1lis tev\u00e9kenys\u00e9g b\u0151v\u00fcl\u00e9se \u00e9s a biztos\u00edt\u00f3t\u00e1rsas\u00e1g akviz\u00edci\u00f3ja j\u00e1rult hozz\u00e1 a legnagyobb m\u00e9rt\u00e9kben. A lengyel Link fuvaroz\u00f3c\u00e9g akviz\u00edci\u00f3j\u00e1t sikeresen lez\u00e1rt\u00e1k, azt 2017 m\u00e1sodik fel\u00e9ben konszolid\u00e1lj\u00e1k.<br \/>\n    A csoport \u00e1rbev\u00e9tele 2017 els\u0151 f\u00e9l \u00e9v\u00e9ben 313 milli\u00f3 eur\u00f3 volt, 13,3 sz\u00e1zal\u00e9kkal magasabb, mint egy \u00e9vvel kor\u00e1bban. Id\u00e9n tov\u00e1bbi nemzetk\u00f6zi akviz\u00edci\u00f3t nem terveznek &#8211; k\u00f6z\u00f6lte.<br \/>\n    Az idei teljes\u00edtm\u00e9nyt az eur\u00f3pai \u00e9s magyarorsz\u00e1gi konjunkt\u00fara is seg\u00edti &#8211; tette hozz\u00e1.<br \/>\n    Kiemelte: minden id\u0151k legnagyobb, 92 sz\u00e1zal\u00e9kos rakotts\u00e1gi mutat\u00f3j\u00e1t \u00e9rt\u00e9k el az els\u0151 f\u00e9l \u00e9vben. Elmondta: \u00e1tmeneti \u00e1rcs\u00f6kken\u00e9s volt a nemzetk\u00f6zi fuvaroz\u00e1sban az els\u0151 negyed\u00e9vben, \u00e9s az \u00fczemanyag\u00e1rak is emelkedtek, de ezt siker\u00fclt \u00e1thidalni k\u00f6lts\u00e9gcs\u00f6kkent\u00e9ssel. A nemzetk\u00f6zi fuvaroz\u00e1sb\u00f3l sz\u00e1rmaz\u00f3 \u00e1rbev\u00e9tel 4 sz\u00e1zal\u00e9kkal, 235 milli\u00f3 eur\u00f3ra n\u0151tt 2017 els\u0151 f\u00e9l \u00e9v\u00e9ben, annak ellen\u00e9re, hogy a kedvez\u0151tlen napt\u00e1ri hat\u00e1sok miatt 3 sz\u00e1zal\u00e9kkal kevesebb fuvaroz\u00e1si nap volt.<br \/>\n    K\u00f6z\u00f6lte, hogy a Link akviz\u00edci\u00f3j\u00e1nak l\u00e9nyeges eleme volt a nyilv\u00e1nos aj\u00e1nlatt\u00e9tel, a t\u0151kebevon\u00e1sb\u00f3l finansz\u00edrozt\u00e1k 32,5 milli\u00f3 eur\u00f3s felv\u00e1s\u00e1rl\u00e1si \u00e1rat. A vez\u00e9rigazgat\u00f3 k\u00f6zl\u00e9se szerint az egyes\u00fcl\u00e9ssel hat\u00e9konyabban \u00e9s versenyk\u00e9pesebben folytathatj\u00e1k tev\u00e9kenys\u00e9g\u00fcket. Tov\u00e1bbra is j\u00f3 lehet\u0151s\u00e9geket l\u00e1tnak a n\u00f6veked\u00e9sben l\u00e9v\u0151 eur\u00f3pai k\u00f6z\u00fati sz\u00e1ll\u00edt\u00e1s ter\u00fclet\u00e9n, \u00e9s a Link felv\u00e1s\u00e1rl\u00e1sa er\u0151s\u00edteni fogja a Waberer&#8217;s vezet\u0151 piaci poz\u00edci\u00f3j\u00e1t &#8211; fejtette ki.<br \/>\n    Erd\u00e9lyi Barna \u00e1ltal\u00e1nos vez\u00e9rigazgat\u00f3-helyettes az egyes ter\u00fcletek eredm\u00e9nyeir\u0151l elmondta: a nemzetk\u00f6zi fuvaroz\u00e1sban t\u00f6bb mint 3000 j\u00e1rm\u0171vel szolg\u00e1ltatnak a f\u0151bb eur\u00f3pai piacokon. Az \u00e1rbev\u00e9tel mellett 120 \u00faj szerelv\u00e9nnyel n\u0151tt a flotta is. A saj\u00e1t flott\u00e1s teljes\u00edt\u00e9s mellett a szerz\u0151d\u00e9ses, alv\u00e1llalkoz\u00f3i flott\u00e1t is b\u0151v\u00edtett\u00e9k.<br \/>\n    Kiemelte: k\u00e9tsz\u00e1z j\u00e1rm\u0171vezet\u0151vel b\u0151v\u00fclt a dolgoz\u00f3k l\u00e9tsz\u00e1ma a nemzetk\u00f6zi \u00e9s a region\u00e1lis ter\u00fcleten egyar\u00e1nt, Eur\u00f3p\u00e1ban egyed\u00fcl\u00e1ll\u00f3k\u00e9nt nincs munkaer\u0151hi\u00e1ny a c\u00e9gn\u00e9l. A dolgoz\u00f3k l\u00e9tsz\u00e1ma meghaladja a h\u00e9tezret, a Waberer&#8217;s flott\u00e1ja pedig a 3900 j\u00e1rm\u0171vet &#8211; k\u00f6z\u00f6lte.<br \/>\n    A region\u00e1lis \u00fczlet\u00e1g \u00e1rbev\u00e9tele 38 sz\u00e1zal\u00e9kkal 60 milli\u00f3 eur\u00f3ra n\u0151tt 2017 els\u0151 fel\u00e9ben az el\u0151z\u0151 \u00e9v hasonl\u00f3 id\u0151szak\u00e1hoz k\u00e9pest. Egyre t\u00f6bb magyar \u00e9s multinacion\u00e1lis v\u00e1llalatot szolg\u00e1lnak ki egyre komplexebb szolg\u00e1ltat\u00e1sokkal, p\u00e9ldak\u00e9nt eml\u00edtette az Audi gy\u00e1r bels\u0151 logisztik\u00e1j\u00e1t.<br \/>\n    Ismertette: az \u00fczemanyagok \u00e1ra eg\u00e9sz Eur\u00f3p\u00e1ban 11 sz\u00e1zal\u00e9kkal n\u0151tt, amit a szerz\u0151d\u00f6tt partnerekre nem lehet azonnal \u00e1th\u00e1r\u00edtani. Id\u00e9n \u00faj beszerz\u00e9si strat\u00e9gi\u00e1t val\u00f3s\u00edtottak meg, t\u00f6bb sz\u00e1ll\u00edt\u00f3t\u00f3l szereztek be \u00fczemanyagot.<br \/>\n    A biztos\u00edt\u00f3t\u00e1rsas\u00e1g tev\u00e9kenys\u00e9ge \u00faj \u00fcgyfeleknek ny\u00fajtott szolg\u00e1ltat\u00e1sokkal is b\u0151v\u00fclt. Az egy\u00e9b kateg\u00f3ri\u00e1ba sorolt \u00fczlet\u00e1gak \u00e1rbev\u00e9tele 21 sz\u00e1zal\u00e9kkal 12 milli\u00f3 eur\u00f3ra n\u0151tt 2017 m\u00e1sodik negyed\u00e9v\u00e9ben az el\u0151z\u0151 \u00e9v azonos id\u0151szak\u00e1hoz k\u00e9pest. Az \u00e1rbev\u00e9tel-n\u00f6veked\u00e9s mozgat\u00f3rug\u00f3ja az \u00fcgyf\u00e9lszerz\u00e9s volt, m\u00edg a felsz\u00e1m\u00edtott d\u00edjak \u00e1tlaga nem v\u00e1ltozott &#8211; sorolta.<br \/>\n    J\u00falius 6-\u00e1n indult el a keresked\u00e9s a Waberer&#8217;s International Nyrt. r\u00e9szv\u00e9nyeivel a B\u00c9T-en, r\u00e9szv\u00e9nyenk\u00e9nt 5100 forintos indul\u00f3 \u00e1ron, a pap\u00edrokkal a pr\u00e9mium kateg\u00f3ri\u00e1ban kereskednek. A pap\u00edr a p\u00e9nteki keresked\u00e9st 4990 forinton z\u00e1rta.(MTI)<\/p>\n","protected":false},"excerpt":{"rendered":"<p>Az eur\u00f3pai fuvaroz\u00e1si piac \u00e9s a magyar gazdas\u00e1g j\u00f3 teljes\u00edtm\u00e9ny\u00e9nek is k\u00f6sz\u00f6nhet\u0151, hogy a nemzetk\u00f6zi fuvaroz\u00f3 c\u00e9g, a Waberer&#8217;s International Nyrt. k\u00e9tsz\u00e1mjegy\u0171 \u00e1rbev\u00e9tel-n\u00f6veked\u00e9st \u00e9rt el az id\u00e9n az els\u0151 f\u00e9l \u00e9vben, ennek alapj\u00e1n a c\u00e9g \u00e9ves teljes\u00edtm\u00e9nye \u00f6sszhangban lesz a piaci v\u00e1rakoz\u00e1sokkal &#8211; mondta Lajk\u00f3 Ferenc, a Waberer&#8217;s Nyrt. vez\u00e9rigazgat\u00f3ja sajt\u00f3t\u00e1j\u00e9koztat\u00f3n h\u00e9tf\u0151n Budapesten.<\/p>\n","protected":false},"author":1,"featured_media":0,"comment_status":"closed","ping_status":"open","sticky":false,"template":"","format":"standard","meta":[],"categories":[7],"tags":[],"_links":{"self":[{"href":"https:\/\/gazdasagportal.hu\/index.php\/wp-json\/wp\/v2\/posts\/96566"}],"collection":[{"href":"https:\/\/gazdasagportal.hu\/index.php\/wp-json\/wp\/v2\/posts"}],"about":[{"href":"https:\/\/gazdasagportal.hu\/index.php\/wp-json\/wp\/v2\/types\/post"}],"author":[{"embeddable":true,"href":"https:\/\/gazdasagportal.hu\/index.php\/wp-json\/wp\/v2\/users\/1"}],"replies":[{"embeddable":true,"href":"https:\/\/gazdasagportal.hu\/index.php\/wp-json\/wp\/v2\/comments?post=96566"}],"version-history":[{"count":1,"href":"https:\/\/gazdasagportal.hu\/index.php\/wp-json\/wp\/v2\/posts\/96566\/revisions"}],"predecessor-version":[{"id":96567,"href":"https:\/\/gazdasagportal.hu\/index.php\/wp-json\/wp\/v2\/posts\/96566\/revisions\/96567"}],"wp:attachment":[{"href":"https:\/\/gazdasagportal.hu\/index.php\/wp-json\/wp\/v2\/media?parent=96566"}],"wp:term":[{"taxonomy":"category","embeddable":true,"href":"https:\/\/gazdasagportal.hu\/index.php\/wp-json\/wp\/v2\/categories?post=96566"},{"taxonomy":"post_tag","embeddable":true,"href":"https:\/\/gazdasagportal.hu\/index.php\/wp-json\/wp\/v2\/tags?post=96566"}],"curies":[{"name":"wp","href":"https:\/\/api.w.org\/{rel}","templated":true}]}}