{"id":96541,"date":"2017-08-13T08:55:52","date_gmt":"2017-08-13T06:55:52","guid":{"rendered":"http:\/\/gazdasagportal.hu\/?p=96541"},"modified":"2017-08-13T08:55:52","modified_gmt":"2017-08-13T06:55:52","slug":"rendkivuli-allapot-egy-amerikai-varosban-a-szelsojobboldal-rendezvenyen-kitort-eroszak-miatt","status":"publish","type":"post","link":"https:\/\/gazdasagportal.hu\/index.php\/rendkivuli-allapot-egy-amerikai-varosban-a-szelsojobboldal-rendezvenyen-kitort-eroszak-miatt\/","title":{"rendered":"Rendk\u00edv\u00fcli \u00e1llapot egy amerikai v\u00e1rosban a sz\u00e9ls\u0151jobboldal rendezv\u00e9nyen kit\u00f6rt er\u0151szak miatt"},"content":{"rendered":"<p><strong>Rendk\u00edv\u00fcli \u00e1llapotot hirdettek szombaton egy amerikai v\u00e1rosban, Charlottesville-ben a sz\u00e9ls\u0151jobboldal rendezv\u00e9ny\u00e9n elszabadult er\u0151szak miatt. Egy val\u00f3sz\u00edn\u0171leg sz\u00e1nd\u00e9kos aut\u00f3s g\u00e1zol\u00e1snak hal\u00e1los \u00e1ldozata \u00e9s sok s\u00e9r\u00fcltje van. Donald Trump amerikai eln\u00f6k k\u00f6zlem\u00e9nyben \u00edt\u00e9lte el a gy\u0171l\u00f6letet \u00e9s az er\u0151szakot, majd besz\u00e9det is mondott a zavarg\u00e1sok kapcs\u00e1n. <\/strong><!--more--><\/p>\n<div class=\"ads-in-post1\"><div id=\"gazdasagportal.hu_fullbanner_wideboard\"><\/div>\r\n<\/div>\n<p>    Charlottesville v\u00e1ros polg\u00e1rmestere, Mike Signer, saj\u00e1t megfogalmaz\u00e1s\u00e1ban &#8222;megt\u00f6rt sz\u00edvvel&#8221; jelentette be, egy aut\u00f3 a t\u00fcntet\u0151k k\u00f6z\u00e9 hajtott, egy embert hal\u00e1lra g\u00e1zolt, \u00e9s a t\u00f6bb komoly s\u00e9r\u00fcltet is hagyott az \u00fattesten. A h\u00edrt el\u0151sz\u00f6r a v\u00e1ros k\u00f3rh\u00e1z\u00e1nak sz\u00f3viv\u0151je, Angela Taylor k\u00f6z\u00f6lte, aki meger\u0151s\u00edtette azt is, hogy az egyetemi klinik\u00e1n a t\u00e1mad\u00e1s 19 s\u00e9r\u00fcltj\u00e9t \u00e1polj\u00e1k.<br \/>\n    A v\u00e1rosban p\u00e9ntek este \u00f3ta zajl\u00f3 megmozdul\u00e1son, majd az ezt k\u00f6vet\u0151 szombati \u00f6sszecsap\u00e1sokban t\u00f6bben megsebes\u00fcltek \u00e9s letart\u00f3ztat\u00e1sok is voltak. A rend\u0151rs\u00e9g azonban err\u0151l egyel\u0151re nem k\u00f6z\u00f6lt pontos adatokat.<br \/>\n    A virginiai Charlottesville v\u00e1ros\u00e1ban &#8211; amely egyetemi k\u00f6zpont &#8211; az \u00fagynevezett alt-rightnak vagy alternat\u00edv jobboldalnak nevezett sz\u00e9ls\u0151jobboldali csoportosul\u00e1s rendezv\u00e9ny\u00e9n szabadult el az er\u0151szak: ellent\u00fcntet\u0151k jelentek meg \u00e9s a k\u00e9t csoport \u00f6sszecsap\u00e1s\u00e1t a k\u00f6nnyg\u00e1zgr\u00e1n\u00e1tokat is bevet\u0151 rend\u0151rs\u00e9gnek kellett megf\u00e9keznie.<br \/>\n    Virginia \u00e1llam demokrata p\u00e1rti korm\u00e1nyz\u00f3ja rendk\u00edv\u00fcli \u00e1llapotot hirdetett a v\u00e1rosban. Terry McAuliffe elfogadhatatlannak nevezte a t\u00f6rt\u00e9nteket &#8211; illetve a retorik\u00e1t is &#8211; \u00e9s k\u00f6z\u00f6lte, hogy &#8222;a sz\u00f3l\u00e1sszabads\u00e1g nem az er\u0151szak szabads\u00e1g\u00e1t jelenti&#8221;.<br \/>\n    Sajt\u00f3\u00e9rtes\u00fcl\u00e9sek szerint nagyj\u00e1b\u00f3l k\u00e9t \u00f3r\u00e1val az er\u0151szakos \u00f6sszecsap\u00e1sokat k\u00f6vet\u0151en egy kocsi nagy sebess\u00e9ggel hajtott t\u00f6bb sz\u00e1z t\u00fcntet\u0151 k\u00f6z\u00e9. Szemtan\u00fak t\u00f6bb s\u00e9r\u00fcltr\u0151l sz\u00e1moltak be. Az interneten pedig egy amat\u0151r vide\u00f3t tettek k\u00f6zz\u00e9, amelyen az incidens l\u00e1that\u00f3. Egyel\u0151re nem tudni biztosan, hogy a j\u00e1rm\u0171 sof\u0151rje sz\u00e1nd\u00e9kosan cselekedett-e.<br \/>\n    Donald Trump eln\u00f6k el\u0151sz\u00f6r Twitter-bejegyz\u00e9sben \u00edt\u00e9lte el a jobboldali aktivist\u00e1k \u00e9s az ellent\u00fcntet\u0151k \u00f6sszecsap\u00e1sakor t\u00f6rt\u00e9nteket, \u00e9s s\u00fcrgette, hogy vessenek v\u00e9get az er\u0151szaknak, majd kora d\u00e9lut\u00e1n sajt\u00f3nyilatkozatot is tett. &#8222;\u00d6ssze kell fognunk \u00e9s el kell \u00edt\u00e9ln\u00fcnk ezt a gy\u0171l\u00f6letet. Az Egyes\u00fclt \u00c1llamokban nincs helye az ilyesfajta er\u0151szaknak. Gyer\u00fcnk, fogjunk \u00f6ssze!&#8221; &#8211; \u00edrta mikroblog-bejegyz\u00e9s\u00e9ben az eln\u00f6k. Majd kora d\u00e9lut\u00e1ni sajt\u00f3nyilatkozat\u00e1ban er\u0151teljesen el\u00edt\u00e9lte &#8222;a gy\u0171l\u00f6let, a fanatizmus \u00e9s az er\u0151szak t\u00f6bb oldalon t\u00f6rt\u00e9n\u0151 megnyilv\u00e1nul\u00e1sait&#8221;. &#8222;Mindenekel\u0151tt amerikaiak vagyunk&#8221;, fogalmazott Trump, majd &#8222;a rend \u00e9s a t\u00f6rv\u00e9nyess\u00e9g gyors vissza\u00e1ll\u00edt\u00e1s\u00e1ra&#8221;, valamint &#8222;\u00e1rtatlan \u00e9letek meg\u00f3v\u00e1s\u00e1ra&#8221; sz\u00f3l\u00edtott fel. A bedminsteri golfklubj\u00e1ban tett sajt\u00f3nyilatkozat\u00e1ban az eln\u00f6k k\u00f6z\u00f6lte, hogy telefonon egyeztetett Terry McAuliffe korm\u00e1nyz\u00f3val. Trump hangs\u00falyozta, hgy McAuliffe \u00e9s \u0151 egyet\u00e9rtettek abban, hogy &#8222;a gy\u0171l\u00f6letnek \u00e9s a megosztotts\u00e1gnak v\u00e9get kell vetni, \u00e9s most azonnal kell v\u00e9get vetni&#8221;.<br \/>\n    A demonstr\u00e1ci\u00f3t a sz\u00e9ls\u0151jobboldali csoport az\u00e9rt szervezte, hogy tiltakozz\u00e9k Robert Lee t\u00e1bornok szobr\u00e1nak tervezett elt\u00e1vol\u00edt\u00e1sa ellen. Lee t\u00e1bornok az Egyes\u00fclt \u00c1llamokat 1861 \u00e9s 1865 k\u00f6z\u00f6tt em\u00e9szt\u0151 polg\u00e1rh\u00e1bor\u00faban a d\u00e9li, konf\u00f6der\u00e1ci\u00f3s seregek vezet\u0151je volt, sokak sz\u00e1m\u00e1ra a rabszolgatart\u00f3 d\u00e9li \u00e1llamok konf\u00f6der\u00e1ci\u00f3j\u00e1nak jelk\u00e9pe. A szobr\u00e1t v\u00e9delmez\u0151 demonstr\u00e1l\u00f3k &#8211; k\u00f6zt\u00fck sokan a feh\u00e9rek fels\u0151bbrend\u0171s\u00e9g\u00e9t hirdet\u0151 fajv\u00e9d\u0151k &#8211; is konf\u00f6der\u00e1ci\u00f3s z\u00e1szl\u00f3kat lobogtatva jelentek meg a v\u00e1ros egyik parkj\u00e1ban meghirdetett rendezv\u00e9nyen. Sokan katonai egyenruh\u00e1t \u00f6ltve, pajzsokkal felszerelkezve \u00e9rkeztek, m\u00e1r p\u00e9nteken este. A demonstr\u00e1ci\u00f3n felbukkantak a Ku Klux Klan fajv\u00e9d\u0151 szervezet tagjai is. A t\u00fcntet\u0151k \u00e9s ellent\u00fcntet\u0151k botokkal vagy puszta k\u00e9zzel estek egym\u00e1snak, m\u00edgnem helyi id\u0151 szerint d\u00e9lben Jason Kessler, a mag\u00e1t &#8222;Egys\u00e9get \u00e9s biztons\u00e1got Amerik\u00e1nak&#8221; nev\u0171 szervezet 33 \u00e9ves vezet\u0151je be nem jelentette a rendezv\u00e9ny v\u00e9g\u00e9t. A rend\u0151rs\u00e9g ugyanis &#8211; t\u00f6rv\u00e9nytelennek nyilv\u00e1n\u00edtva &#8211; berekesztette a gy\u00fclekez\u00e9st. Az \u00f6sszecsap\u00e1s azonban folytat\u00f3dott.<br \/>\n    Charlottesville liber\u00e1lis v\u00e1ros h\u00edr\u00e9ben \u00e1ll az els\u00f6pr\u0151 t\u00f6bbs\u00e9g\u00e9ben konzervat\u00edv Virginia \u00e1llamban. A v\u00e1ros vezet\u00e9se az elm\u00falt id\u0151szakban t\u00f6bb l\u00e9p\u00e9st is tett annak \u00e9rdek\u00e9ben, hogy a nyilv\u00e1nos terekt\u0151l &#8211; utc\u00e1kr\u00f3l, k\u00f6z\u00e9p\u00fcletek el\u0151l &#8211; elt\u00fcntesse a fajgy\u0171l\u00f6l\u0151 \u00e9s rabszolgatart\u00f3 m\u00faltra eml\u00e9keztet\u0151 utcaneveket, t\u00e1bl\u00e1kat, szobrokat. \u00daj nevet kapott a Lee park is &#8211; ahol Lee t\u00e1bornok elt\u00e1vol\u00edtand\u00f3 szobra \u00e1ll -, \u00e9s a m\u00e1sik konf\u00f6der\u00e1ci\u00f3s t\u00e1bornokr\u00f3l, Thomas Jacksonr\u00f3l elnevezett parkot is \u00e1tkeresztelt\u00e9k Igazs\u00e1g Parkj\u00e1nak.(MTI)<\/p>\n","protected":false},"excerpt":{"rendered":"<p>Rendk\u00edv\u00fcli \u00e1llapotot hirdettek szombaton egy amerikai v\u00e1rosban, Charlottesville-ben a sz\u00e9ls\u0151jobboldal rendezv\u00e9ny\u00e9n elszabadult er\u0151szak miatt. Egy val\u00f3sz\u00edn\u0171leg sz\u00e1nd\u00e9kos aut\u00f3s g\u00e1zol\u00e1snak hal\u00e1los \u00e1ldozata \u00e9s sok s\u00e9r\u00fcltje van. Donald Trump amerikai eln\u00f6k k\u00f6zlem\u00e9nyben \u00edt\u00e9lte el a gy\u0171l\u00f6letet \u00e9s az er\u0151szakot, majd besz\u00e9det is mondott a zavarg\u00e1sok kapcs\u00e1n.<\/p>\n","protected":false},"author":1,"featured_media":0,"comment_status":"closed","ping_status":"open","sticky":false,"template":"","format":"standard","meta":[],"categories":[13],"tags":[],"_links":{"self":[{"href":"https:\/\/gazdasagportal.hu\/index.php\/wp-json\/wp\/v2\/posts\/96541"}],"collection":[{"href":"https:\/\/gazdasagportal.hu\/index.php\/wp-json\/wp\/v2\/posts"}],"about":[{"href":"https:\/\/gazdasagportal.hu\/index.php\/wp-json\/wp\/v2\/types\/post"}],"author":[{"embeddable":true,"href":"https:\/\/gazdasagportal.hu\/index.php\/wp-json\/wp\/v2\/users\/1"}],"replies":[{"embeddable":true,"href":"https:\/\/gazdasagportal.hu\/index.php\/wp-json\/wp\/v2\/comments?post=96541"}],"version-history":[{"count":1,"href":"https:\/\/gazdasagportal.hu\/index.php\/wp-json\/wp\/v2\/posts\/96541\/revisions"}],"predecessor-version":[{"id":96542,"href":"https:\/\/gazdasagportal.hu\/index.php\/wp-json\/wp\/v2\/posts\/96541\/revisions\/96542"}],"wp:attachment":[{"href":"https:\/\/gazdasagportal.hu\/index.php\/wp-json\/wp\/v2\/media?parent=96541"}],"wp:term":[{"taxonomy":"category","embeddable":true,"href":"https:\/\/gazdasagportal.hu\/index.php\/wp-json\/wp\/v2\/categories?post=96541"},{"taxonomy":"post_tag","embeddable":true,"href":"https:\/\/gazdasagportal.hu\/index.php\/wp-json\/wp\/v2\/tags?post=96541"}],"curies":[{"name":"wp","href":"https:\/\/api.w.org\/{rel}","templated":true}]}}