{"id":96539,"date":"2017-08-13T12:40:12","date_gmt":"2017-08-13T10:40:12","guid":{"rendered":"http:\/\/gazdasagportal.hu\/?p=96539"},"modified":"2017-08-13T08:52:36","modified_gmt":"2017-08-13T06:52:36","slug":"brexit-kozos-cikkben-vetett-vitajanak-a-penzugy-es-a-kulkereskedelmi-miniszter","status":"publish","type":"post","link":"https:\/\/gazdasagportal.hu\/index.php\/brexit-kozos-cikkben-vetett-vitajanak-a-penzugy-es-a-kulkereskedelmi-miniszter\/","title":{"rendered":"Brexit &#8211; K\u00f6z\u00f6s cikkben vetett vit\u00e1j\u00e1nak a p\u00e9nz\u00fcgy- \u00e9s a k\u00fclkereskedelmi miniszter"},"content":{"rendered":"<p><strong>Fontos vit\u00e1nak vetett v\u00e9get a p\u00e9nz\u00fcgy- \u00e9s a k\u00fclkereskedelmi miniszter a brit eur\u00f3pai uni\u00f3s tags\u00e1g megsz\u0171n\u00e9s\u00e9vel kapcsolatban. Philip Hammond \u00e9s Liam Fox egy vas\u00e1rnap megjelent k\u00f6z\u00f6s cikk\u00e9ben egyet\u00e9rtett abban, hogy sz\u00fcks\u00e9g van \u00e1tmeneti id\u0151szakra a kil\u00e9p\u00e9si felt\u00e9telek \u00e9letbe l\u00e9p\u00e9s\u00e9re, de ez nem jelentheti a Brexit elker\u00fcl\u00e9s\u00e9t.<\/strong><!--more--><\/p>\n<div class=\"ads-in-post1\"><div id=\"gazdasagportal.hu_fullbanner_wideboard\"><\/div>\r\n<\/div>\n<p>    A The Sunday Telegraph c\u00edm\u0171 vas\u00e1rnapi lapban megjelent \u00edr\u00e1sukban \u00fagy fogalmaztak, az orsz\u00e1g \u00e9rdekei azt dikt\u00e1lj\u00e1k, hogy legyen \u00e1tmeneti id\u0151szak, ez azonban nem tarthat korl\u00e1tlan ideig \u00e9s nem szolg\u00e1lhat arra, hogy az Egyes\u00fclt Kir\u00e1lys\u00e1g az Eur\u00f3pai Uni\u00f3 tagja maradjon. A k\u00e9t politikus kiemelte, hogy az \u00e1tmeneti peri\u00f3dus r\u00e9v\u00e9n cs\u00f6kkenteni lehet a bizonytalans\u00e1gokat az \u00fczleti szf\u00e9r\u00e1ban.<br \/>\n    A k\u00e9t politikus egyet\u00e9rt abban, hogy az \u00e1tmeneti id\u0151szakban Nagy-Britannia m\u00e1r nem lesz az Eur\u00f3pai Uni\u00f3ban, kivonul annak egys\u00e9ges bels\u0151 piac\u00e1r\u00f3l \u00e9s a v\u00e1muni\u00f3b\u00f3l is. A szigetorsz\u00e1g tags\u00e1ga v\u00e1rhat\u00f3an 2019 m\u00e1rcius\u00e1ban sz\u0171nik meg.<br \/>\n    Meger\u0151s\u00edtett\u00e9k viszont azt is, hogy a bev\u00e1ndorl\u00e1s szigor\u00edt\u00e1sa &#8211; amely az egyik kulcsfontoss\u00e1g\u00fa oka volt annak, hogy a britek t\u00f6bbs\u00e9ge az Eur\u00f3pai Uni\u00f3 elhagy\u00e1s\u00e1ra szavazott a 2016-os referendumon &#8211; nem jelenti azt, hogy nem \u00e9rkeznek majd munkav\u00e1llal\u00f3k az EU-b\u00f3l.<br \/>\n    Kiemelt\u00e9k annak jelent\u0151s\u00e9g\u00e9t, hogy a hat\u00e1rellen\u0151rz\u00e9snek z\u00f6kken\u0151mentesen kell m\u0171k\u00f6dnie az \u00e1tmeneti id\u0151szak alatt. &#8222;Az interneten v\u00e1s\u00e1rolt \u00e1ruknak \u00e1t kell jutniuk a hat\u00e1ron, a v\u00e1llalkoz\u00e1soknak el kell l\u00e1tniuk az EU-ban l\u00e9v\u0151 \u00fcgyfeleiket&#8221; &#8211; mutattak r\u00e1, hozz\u00e1t\u00e9ve, hogy a brit c\u00e9geknek tov\u00e1bbra is hozz\u00e1 kell f\u00e9rni\u00fck a tehets\u00e9ges munkav\u00e1llal\u00f3khoz, k\u00f6zt\u00fck az Eur\u00f3pai Uni\u00f3b\u00f3l \u00e9rkez\u0151kh\u00f6z.<br \/>\n    A p\u00e9nz\u00fcgy- \u00e9s a k\u00fclkereskedelmi miniszter hangs\u00falyozta, a korm\u00e1ny minden\u00e1ron el akarja ker\u00fclni a &#8222;cliff edge&#8221; Brexitet. A &#8222;sziklafal pereme&#8221; kifejez\u00e9s a kiv\u00e1l\u00e1snak azt v\u00e1ltozat\u00e1t jel\u00f6li, amelynek alapj\u00e1n az Egyes\u00fclt Kir\u00e1lys\u00e1g eur\u00f3pai uni\u00f3s tags\u00e1ga a kil\u00e9p\u00e9si felt\u00e9telek fokozatos \u00e9letbe l\u00e9p\u00e9s\u00e9re szolg\u00e1l\u00f3 \u00e1tmeneti id\u0151szak n\u00e9lk\u00fcl sz\u0171nne meg, s\u0151t ak\u00e1r \u00fagy, hogy nem sz\u00fcletik meg\u00e1llapod\u00e1s az EU-val.<br \/>\n    Az \u00e1tmeneti id\u0151szak ut\u00e1n tart\u00f3s, szerz\u0151d\u00e9seken alapul\u00f3 kapcsolatokat akarnak az Egyes\u00fclt Kir\u00e1lys\u00e1g \u00e9s az Eur\u00f3pai Uni\u00f3 k\u00f6z\u00f6tt &#8211; \u00edrt\u00e1k, hozz\u00e1t\u00e9ve, hogy a biztons\u00e1gpolitika \u00e9s a kereskedelem ter\u00fclet\u00e9n is fontosnak tartj\u00e1k a lehet\u0151 legszorosabb egy\u00fcttm\u0171k\u00f6d\u00e9st.<br \/>\n    Philip Hammond \u00e9s Liam Fox eddig ellent\u00e9tes v\u00e9lem\u00e9nyen volt a kil\u00e9p\u00e9ssel kapcsolatos legfontosabb k\u00e9rd\u00e9sekben. El\u0151bbi a z\u00f6kken\u0151mentes \u00e1tmenet \u00e9s a gazdas\u00e1gi kock\u00e1zatok cs\u00f6kkent\u00e9s\u00e9nek jelent\u0151s\u00e9g\u00e9t hangs\u00falyozta, \u00e9s \u00fagy v\u00e9lekedett, &#8222;nem sok minden&#8221; v\u00e1ltozik a tags\u00e1g megsz\u0171n\u00e9s\u00e9nek m\u00e1snapj\u00e1n. Ut\u00f3bbi viszont a Brexitben rejl\u0151 lehet\u0151s\u00e9geket emelte ki, \u00e9s azt hangoztatta, hogy a tags\u00e1ggal egy\u00fctt 2019-ben megsz\u0171nik a szem\u00e9lyek szabad \u00e1raml\u00e1sa is.<br \/>\n    Kettej\u00fck vas\u00e1rnap megjelent k\u00f6z\u00f6s cikk\u00e9ben azonban azt hangs\u00falyozt\u00e1k, a korm\u00e1ny minden tagja azon f\u00e1radozik, hogy a kil\u00e9p\u00e9s z\u00f6kken\u0151mentes legyen: a lehet\u0151 legkev\u00e9sb\u00e9 zavarja meg az emberek \u00e9s a v\u00e1llalkoz\u00e1sok \u00e9let\u00e9t, ne sodorjon vesz\u00e9lybe munkahelyeket \u00e9s ne romoljon az \u00e9letsz\u00ednvonal.<br \/>\n    A p\u00e9nz\u00fcgy- \u00e9s a k\u00fclkereskedelmi miniszter szavai elemz\u0151k szerint arra utalnak, hogy &#8222;t\u0171zsz\u00fcnet&#8221; j\u00f6tt l\u00e9tre a k\u00e9t politikushoz k\u00f6thet\u0151 csoportok k\u00f6z\u00f6tt a korm\u00e1nyon bel\u00fcl. Theresa May kabinetj\u00e9nek Brexit-strat\u00e9gi\u00e1ja ny\u00edlt vita t\u00e1rgya lett az ut\u00e1n, hogy a Konzervat\u00edv P\u00e1rt elvesztette als\u00f3h\u00e1zi t\u00f6bbs\u00e9g\u00e9t a j\u00faniusi el\u0151rehozott v\u00e1laszt\u00e1sokon, \u00e9s csak k\u00fcls\u0151 seg\u00edts\u00e9ggel tud korm\u00e1nyozni.<br \/>\n    A brit korm\u00e1ny v\u00e1rhat\u00f3an a j\u00f6v\u0151 h\u00e9ten a kil\u00e9p\u00e9ssel kapcsolatos t\u00f6bb fontos k\u00e9rd\u00e9sben is r\u00e9szletesen ismerteti \u00e1ll\u00e1spontj\u00e1t.<br \/>\n    K\u00f6zben David Miliband kor\u00e1bbi munk\u00e1sp\u00e1rti k\u00fcl\u00fcgyminiszter az eur\u00f3pai uni\u00f3s tags\u00e1gr\u00f3l sz\u00f3l\u00f3 \u00fajabb n\u00e9pszavaz\u00e1sra sz\u00f3l\u00edtott fel. The Observer c\u00edm\u0171 vas\u00e1rnapi lapban megjelent \u00edr\u00e1s\u00e1ban s\u00fcrgette a korm\u00e1nyp\u00e1rti \u00e9s az ellenz\u00e9ki politikusokat is, hogy fogjanak \u00f6ssze a Brexit &#8222;legrosszabb k\u00f6vetkezm\u00e9nyei&#8221; ellen. \u00dagy v\u00e9lekedett, a tavalyi n\u00e9pszavaz\u00e1s p\u00e9ld\u00e1tlan esete a gazdas\u00e1gi k\u00e1rokoz\u00e1snak. &#8222;Azt mondj\u00e1k, tiszteletben kell tartanunk a referendum eredm\u00e9ny\u00e9t. \u00cdgy van. De a demokr\u00e1cia nem \u00e9rt v\u00e9get 2016. j\u00fanius 23-\u00e1n&#8221; &#8211; utalt a n\u00e9pszavaz\u00e1s napj\u00e1ra. A referendum nem lesz kifog\u00e1s, ha az orsz\u00e1got letasz\u00edtj\u00e1k a sziklafal perem\u00e9r\u0151l &#8211; f\u0171zte hozz\u00e1 a &#8222;cliff edge&#8221; Brexit vesz\u00e9lyeire utalva. (MTI)<\/p>\n","protected":false},"excerpt":{"rendered":"<p>Fontos vit\u00e1nak vetett v\u00e9get a p\u00e9nz\u00fcgy- \u00e9s a k\u00fclkereskedelmi miniszter a brit eur\u00f3pai uni\u00f3s tags\u00e1g megsz\u0171n\u00e9s\u00e9vel kapcsolatban. Philip Hammond \u00e9s Liam Fox egy vas\u00e1rnap megjelent k\u00f6z\u00f6s cikk\u00e9ben egyet\u00e9rtett abban, hogy sz\u00fcks\u00e9g van \u00e1tmeneti id\u0151szakra a kil\u00e9p\u00e9si felt\u00e9telek \u00e9letbe l\u00e9p\u00e9s\u00e9re, de ez nem jelentheti a Brexit elker\u00fcl\u00e9s\u00e9t.<\/p>\n","protected":false},"author":1,"featured_media":0,"comment_status":"closed","ping_status":"open","sticky":false,"template":"","format":"standard","meta":[],"categories":[12],"tags":[],"_links":{"self":[{"href":"https:\/\/gazdasagportal.hu\/index.php\/wp-json\/wp\/v2\/posts\/96539"}],"collection":[{"href":"https:\/\/gazdasagportal.hu\/index.php\/wp-json\/wp\/v2\/posts"}],"about":[{"href":"https:\/\/gazdasagportal.hu\/index.php\/wp-json\/wp\/v2\/types\/post"}],"author":[{"embeddable":true,"href":"https:\/\/gazdasagportal.hu\/index.php\/wp-json\/wp\/v2\/users\/1"}],"replies":[{"embeddable":true,"href":"https:\/\/gazdasagportal.hu\/index.php\/wp-json\/wp\/v2\/comments?post=96539"}],"version-history":[{"count":1,"href":"https:\/\/gazdasagportal.hu\/index.php\/wp-json\/wp\/v2\/posts\/96539\/revisions"}],"predecessor-version":[{"id":96540,"href":"https:\/\/gazdasagportal.hu\/index.php\/wp-json\/wp\/v2\/posts\/96539\/revisions\/96540"}],"wp:attachment":[{"href":"https:\/\/gazdasagportal.hu\/index.php\/wp-json\/wp\/v2\/media?parent=96539"}],"wp:term":[{"taxonomy":"category","embeddable":true,"href":"https:\/\/gazdasagportal.hu\/index.php\/wp-json\/wp\/v2\/categories?post=96539"},{"taxonomy":"post_tag","embeddable":true,"href":"https:\/\/gazdasagportal.hu\/index.php\/wp-json\/wp\/v2\/tags?post=96539"}],"curies":[{"name":"wp","href":"https:\/\/api.w.org\/{rel}","templated":true}]}}