{"id":96474,"date":"2017-08-11T11:21:25","date_gmt":"2017-08-11T09:21:25","guid":{"rendered":"http:\/\/gazdasagportal.hu\/?p=96474"},"modified":"2017-08-10T23:23:31","modified_gmt":"2017-08-10T21:23:31","slug":"ifo-tovabbra-is-jo-a-vilaggazdasagi-hangulat","status":"publish","type":"post","link":"https:\/\/gazdasagportal.hu\/index.php\/ifo-tovabbra-is-jo-a-vilaggazdasagi-hangulat\/","title":{"rendered":"ifo: tov\u00e1bbra is j\u00f3 a vil\u00e1ggazdas\u00e1gi hangulat"},"content":{"rendered":"<p><strong>Tov\u00e1bbra is h\u00e1rom\u00e9ves cs\u00facs k\u00f6zel\u00e9ben \u00e1ll a vil\u00e1ggazdas\u00e1gi hangulat indexe a harmadik negyed\u00e9vben, b\u00e1r a mutat\u00f3 az el\u0151z\u0151 negyed\u00e9vi, 2014 harmadik negyed\u00e9ve \u00f3ta a legmagasabb 13,0 pontr\u00f3l 12,7 pontra cs\u00f6kkent &#8211; \u00e1llap\u00edtja meg a m\u00fcncheni ifo gazdas\u00e1gkutat\u00f3 cs\u00fct\u00f6rt\u00f6k\u00f6n k\u00f6zz\u00e9tett negyed\u00e9ves kiadv\u00e1nya.<\/strong><\/p>\n<p>    A megk\u00e9rdezettek j\u00f3val pozit\u00edvabbnak l\u00e1tj\u00e1k aktu\u00e1lis helyzet\u00fcket, mint kor\u00e1bban, az ezt jelz\u0151 almutat\u00f3 az el\u0151z\u0151 negyed\u00e9vi 4,7 pont ut\u00e1n a harmadik negyed\u00e9vben 12,0 pontot \u00e9rt el. Az almutat\u00f3 2011 m\u00e1sodik negyed\u00e9ve \u00f3ta nem \u00e1llt ilyen magasan.<br \/>\n    A k\u00f6vetkez\u0151 hat h\u00f3napra vonatkoz\u00f3 gazdas\u00e1gi v\u00e1rakoz\u00e1sok ezzel szemben roml\u00e1st mutatnak: a kor\u00e1bbi 21,6 pontr\u00f3l 13,4 pontra esett a v\u00e1rakoz\u00e1sokat t\u00fckr\u00f6z\u0151 mutat\u00f3.<br \/>\n    A gazdas\u00e1gi hangulat f\u0151leg a fejlett gazdas\u00e1gokban, azok k\u00f6z\u00fcl is k\u00fcl\u00f6n\u00f6sen az eur\u00f3\u00f6vezet orsz\u00e1gaiban javult. Jelent\u0151s hangulatroml\u00e1st csak az Egyes\u00fclt Kir\u00e1lys\u00e1gban m\u00e9rtek, ahol 4,7 pontr\u00f3l m\u00ednusz 46,3 pontra cs\u00f6kkent a hangulatindex.<br \/>\n    Az ifo kiadv\u00e1nya szerint vil\u00e1gszerte a kamatok emelked\u00e9se v\u00e1rhat\u00f3 a k\u00f6vetkez\u0151 hat h\u00f3napban, azonban n\u00e9mileg cs\u00f6kkent az el\u0151z\u0151 negyed\u00e9vhez k\u00e9pest azoknak a szak\u00e9rt\u0151knek a sz\u00e1ma, akik a kamatok emelked\u00e9s\u00e9re sz\u00e1m\u00edtanak.<br \/>\n    A m\u00fcncheni ifo gazdas\u00e1gkutat\u00f3 1981 \u00f3ta v\u00e9gez negyed\u00e9ves kutat\u00e1st a vil\u00e1ggazdas\u00e1gi hangulat alakul\u00e1s\u00e1val kapcsolatban, a 2017. j\u00faliusi kutat\u00e1s 121 orsz\u00e1g t\u00f6bb mint 1100 szak\u00e9rt\u0151j\u00e9nek v\u00e1laszait \u00f6sszegezi.(MTI)<\/p>\n","protected":false},"excerpt":{"rendered":"<p>Tov\u00e1bbra is h\u00e1rom\u00e9ves cs\u00facs k\u00f6zel\u00e9ben \u00e1ll a vil\u00e1ggazdas\u00e1gi hangulat indexe a harmadik negyed\u00e9vben, b\u00e1r a mutat\u00f3 az el\u0151z\u0151 negyed\u00e9vi, 2014 harmadik negyed\u00e9ve \u00f3ta a legmagasabb 13,0 pontr\u00f3l 12,7 pontra cs\u00f6kkent &#8211; \u00e1llap\u00edtja meg a m\u00fcncheni ifo gazdas\u00e1gkutat\u00f3 cs\u00fct\u00f6rt\u00f6k\u00f6n k\u00f6zz\u00e9tett negyed\u00e9ves kiadv\u00e1nya. A megk\u00e9rdezettek j\u00f3val pozit\u00edvabbnak l\u00e1tj\u00e1k aktu\u00e1lis helyzet\u00fcket, mint kor\u00e1bban, az ezt jelz\u0151 almutat\u00f3 az &#8230;<\/p>\n","protected":false},"author":1,"featured_media":0,"comment_status":"closed","ping_status":"open","sticky":false,"template":"","format":"standard","meta":[],"categories":[246],"tags":[],"_links":{"self":[{"href":"https:\/\/gazdasagportal.hu\/index.php\/wp-json\/wp\/v2\/posts\/96474"}],"collection":[{"href":"https:\/\/gazdasagportal.hu\/index.php\/wp-json\/wp\/v2\/posts"}],"about":[{"href":"https:\/\/gazdasagportal.hu\/index.php\/wp-json\/wp\/v2\/types\/post"}],"author":[{"embeddable":true,"href":"https:\/\/gazdasagportal.hu\/index.php\/wp-json\/wp\/v2\/users\/1"}],"replies":[{"embeddable":true,"href":"https:\/\/gazdasagportal.hu\/index.php\/wp-json\/wp\/v2\/comments?post=96474"}],"version-history":[{"count":2,"href":"https:\/\/gazdasagportal.hu\/index.php\/wp-json\/wp\/v2\/posts\/96474\/revisions"}],"predecessor-version":[{"id":96477,"href":"https:\/\/gazdasagportal.hu\/index.php\/wp-json\/wp\/v2\/posts\/96474\/revisions\/96477"}],"wp:attachment":[{"href":"https:\/\/gazdasagportal.hu\/index.php\/wp-json\/wp\/v2\/media?parent=96474"}],"wp:term":[{"taxonomy":"category","embeddable":true,"href":"https:\/\/gazdasagportal.hu\/index.php\/wp-json\/wp\/v2\/categories?post=96474"},{"taxonomy":"post_tag","embeddable":true,"href":"https:\/\/gazdasagportal.hu\/index.php\/wp-json\/wp\/v2\/tags?post=96474"}],"curies":[{"name":"wp","href":"https:\/\/api.w.org\/{rel}","templated":true}]}}