{"id":96470,"date":"2017-08-11T10:46:35","date_gmt":"2017-08-11T08:46:35","guid":{"rendered":"http:\/\/gazdasagportal.hu\/?p=96470"},"modified":"2017-08-10T23:19:09","modified_gmt":"2017-08-10T21:19:09","slug":"a-huawei-az-apple-ele-kerulhet-a-harmadik-negyedevben","status":"publish","type":"post","link":"https:\/\/gazdasagportal.hu\/index.php\/a-huawei-az-apple-ele-kerulhet-a-harmadik-negyedevben\/","title":{"rendered":"A Huawei az Apple el\u00e9 ker\u00fclhet a harmadik negyed\u00e9vben"},"content":{"rendered":"<p><strong>Elh\u00f3d\u00edthatja a Huawei az Apple m\u00e1sodik helyez\u00e9s\u00e9t az okostelefon-piaci rangsorban a harmadik negyed\u00e9vben &#8211; \u00edrja a digitimes.com szakmai h\u00edrport\u00e1l. <\/strong><!--more--><\/p>\n<div class=\"ads-in-post1\"><div id=\"gazdasagportal.hu_fullbanner_wideboard\"><\/div>\r\n<\/div>\n<p>    A h\u00edrport\u00e1l a mobiltelefon-gy\u00e1rt\u00f3k tajvani besz\u00e1ll\u00edt\u00f3i csatorn\u00e1inak forgalmi adataiban j\u00e1rtas forr\u00e1sokra hivatkozva azt \u00edrja,  a Huawei pr\u00e9mium kateg\u00f3ri\u00e1s \u00e9s t\u00f6megcikk k\u00e9sz\u00fcl\u00e9kei piaci siker\u00e9nek k\u00f6sz\u00f6nhet\u0151en a harmadik negyed\u00e9vben val\u00f3sz\u00edn\u0171leg ki\u00fcti a m\u00e1sodik helyr\u0151l az Apple-t a piaci rangsorban.<br \/>\n    Az idei m\u00e1sodik negyed\u00e9vben az amerikai IDC piackutat\u00f3 c\u00e9g kimutat\u00e1sa szerint a Huawei piaci r\u00e9szesed\u00e9se 11,3 sz\u00e1zal\u00e9kos volt 38,5 milli\u00f3 okostelefon elad\u00e1s\u00e1val, ami 2,5 milli\u00f3s lemarad\u00e1s az Apple 41,0 milli\u00f3s \u00e9rt\u00e9kes\u00edt\u00e9se m\u00f6g\u00f6tt. Az Apple a m\u00e1sodik negyed\u00e9vben 12,0 sz\u00e1zal\u00e9kos r\u00e9szesed\u00e9ssel volt a m\u00e1sodik a piaci rangsorban.<br \/>\n    K\u00edn\u00e1ban a Huawei a m\u00e1sodik negyed\u00e9vben 22,6 sz\u00e1zal\u00e9kkal 23,5 milli\u00f3ra n\u00f6velte az elad\u00e1sait, mik\u00f6zben az Apple elad\u00e1sai 7,6 sz\u00e1zal\u00e9kkal nyolc milli\u00f3ra cs\u00f6kkentek. A Huawei a m\u00e1sodik negyed\u00e9vben K\u00edn\u00e1ban 21 sz\u00e1zal\u00e9kos, az Apple 7,1 sz\u00e1zal\u00e9kos r\u00e9szesed\u00e9ssel rendelkezett az okostelefon piacon.<br \/>\n    A Huawei az \u00e9v els\u0151 fel\u00e9ben 45 sz\u00e1zal\u00e9kkal n\u00f6velte elad\u00e1sait D\u00e9lkelet-\u00c1zsi\u00e1ban, Jap\u00e1nban \u00e9s D\u00e9l-Kore\u00e1ban, Eur\u00f3p\u00e1ban pedig 18 sz\u00e1zal\u00e9kkal. N\u00e9metorsz\u00e1gban, Finnorsz\u00e1gban \u00e9s Lengyelorsz\u00e1gban megdupl\u00e1zta elad\u00e1sait az \u00e9v els\u0151 hat h\u00f3napj\u00e1ban.<br \/>\n    A digitimes.com tajvani forr\u00e1sai szerint a Huawei a harmadik negyed\u00e9vben 40 milli\u00f3 okostelefon elad\u00e1s\u00e1ra sz\u00e1m\u00edthat.<br \/>\n    Az Apple elad\u00e1sai viszont val\u00f3sz\u00edn\u0171leg cs\u00f6kkennek a harmadik negyed\u00e9vben, mivel hagyom\u00e1nyos \u00fcgyf\u00e9lk\u00f6re a negyedik negyed\u00e9vben megjelen\u0151 \u00faj, k\u00f6vetkez\u0151 gener\u00e1ci\u00f3s modellekre v\u00e1rva elhalasztja v\u00e1s\u00e1rl\u00e1sait.<br \/>\n    A Huawei ennek k\u00f6sz\u00f6nhet\u0151en a harmadik negyed\u00e9vben val\u00f3sz\u00edn\u0171leg megszerzi a m\u00e1sodik helyet az okostelefon-gy\u00e1rt\u00f3k piaci rangsor\u00e1ban &#8211; \u00edrja a digitimes.com h\u00edrport\u00e1l.(MTI)<\/p>\n","protected":false},"excerpt":{"rendered":"<p>Elh\u00f3d\u00edthatja a Huawei az Apple m\u00e1sodik helyez\u00e9s\u00e9t az okostelefon-piaci rangsorban a harmadik negyed\u00e9vben &#8211; \u00edrja a digitimes.com szakmai h\u00edrport\u00e1l.<\/p>\n","protected":false},"author":1,"featured_media":0,"comment_status":"closed","ping_status":"open","sticky":false,"template":"","format":"standard","meta":[],"categories":[8,246],"tags":[],"_links":{"self":[{"href":"https:\/\/gazdasagportal.hu\/index.php\/wp-json\/wp\/v2\/posts\/96470"}],"collection":[{"href":"https:\/\/gazdasagportal.hu\/index.php\/wp-json\/wp\/v2\/posts"}],"about":[{"href":"https:\/\/gazdasagportal.hu\/index.php\/wp-json\/wp\/v2\/types\/post"}],"author":[{"embeddable":true,"href":"https:\/\/gazdasagportal.hu\/index.php\/wp-json\/wp\/v2\/users\/1"}],"replies":[{"embeddable":true,"href":"https:\/\/gazdasagportal.hu\/index.php\/wp-json\/wp\/v2\/comments?post=96470"}],"version-history":[{"count":1,"href":"https:\/\/gazdasagportal.hu\/index.php\/wp-json\/wp\/v2\/posts\/96470\/revisions"}],"predecessor-version":[{"id":96473,"href":"https:\/\/gazdasagportal.hu\/index.php\/wp-json\/wp\/v2\/posts\/96470\/revisions\/96473"}],"wp:attachment":[{"href":"https:\/\/gazdasagportal.hu\/index.php\/wp-json\/wp\/v2\/media?parent=96470"}],"wp:term":[{"taxonomy":"category","embeddable":true,"href":"https:\/\/gazdasagportal.hu\/index.php\/wp-json\/wp\/v2\/categories?post=96470"},{"taxonomy":"post_tag","embeddable":true,"href":"https:\/\/gazdasagportal.hu\/index.php\/wp-json\/wp\/v2\/tags?post=96470"}],"curies":[{"name":"wp","href":"https:\/\/api.w.org\/{rel}","templated":true}]}}