{"id":96319,"date":"2017-08-07T17:09:59","date_gmt":"2017-08-07T15:09:59","guid":{"rendered":"http:\/\/gazdasagportal.hu\/?p=96319"},"modified":"2017-08-07T09:11:51","modified_gmt":"2017-08-07T07:11:51","slug":"az-izraeli-kormany-be-akarja-zarni-az-al-dzsazira-helyi-irodajat","status":"publish","type":"post","link":"https:\/\/gazdasagportal.hu\/index.php\/az-izraeli-kormany-be-akarja-zarni-az-al-dzsazira-helyi-irodajat\/","title":{"rendered":"Az izraeli korm\u00e1ny be akarja z\u00e1rni az Al-Dzsaz\u00edra helyi irod\u00e1j\u00e1t"},"content":{"rendered":"<p><strong>Az izraeli korm\u00e1ny be akarja z\u00e1rni a Katarb\u00f3l ir\u00e1ny\u00edtott Al-Dzsaz\u00edra p\u00e1narab h\u00edrt\u00e9v\u00e9 helyi irod\u00e1j\u00e1t &#8211; jelentette az izraeli kettes kereskedelmi t\u00e9v\u00e9csatorna h\u00edrad\u00e1sa vas\u00e1rnap.<\/strong><!--more--><\/p>\n<div class=\"ads-in-post1\"><div id=\"gazdasagportal.hu_fullbanner_wideboard\"><\/div>\r\n<\/div>\n<p>    Aj\u00fab Kara m\u00e9diaminiszter vas\u00e1rnapra \u00f6sszeh\u00edvott sajt\u00f3t\u00e1j\u00e9koztat\u00f3j\u00e1n ismertette az Al-Dzsaz\u00edra izraeli korl\u00e1toz\u00e1s\u00e1nak sz\u00e1nd\u00e9k\u00e1ra vonatkoz\u00f3 sz\u00e1nd\u00e9k\u00e1t. Mint mondta, a t\u00e9v\u00e9t\u00e1rsas\u00e1g helyi irod\u00e1inak a bez\u00e1r\u00e1s\u00e1t, a munkat\u00e1rsak \u00fajs\u00e1g\u00edr\u00f3-igazolv\u00e1ny\u00e1nak a bevon\u00e1s\u00e1t, \u00e9s a m\u0171holdas ad\u00e1sok felsz\u00e1mol\u00e1s\u00e1t tervezi, mert Kara szerint a t\u00e9v\u00e9 &#8222;t\u00e1mogatja a terrort&#8221;.<br \/>\n    Kor\u00e1bban Benj\u00e1min Netanjahu minisztereln\u00f6k \u00e9lesen b\u00edr\u00e1lta az Al-Dzsaz\u00edra helyi munk\u00e1j\u00e1t, \u00e9s ad\u00e1saik els\u00f6t\u00e9t\u00edt\u00e9s\u00e9re sz\u00f3l\u00edtott fel. Kara azt is hangs\u00falyozta, hogy l\u00e9p\u00e9sei egyenes folytat\u00e1s\u00e1t jelentik a r\u00e9gi\u00f3 szunnita orsz\u00e1gaiban kor\u00e1bban megsz\u00fcletett hat\u00e1rozatoknak, amelyek szerint a p\u00e1narab t\u00e9v\u00e9t\u00e1rsas\u00e1g t\u00e1mogatja a terrort \u00e9s a vall\u00e1si sz\u00e9ls\u0151s\u00e9geket.<br \/>\n    &#8222;\u00dagy l\u00e1tom, hogy ezek az orsz\u00e1gok mind int\u00e9zkednek, mik\u00f6zben mi csak \u00e1llunk. Arabul ezt \u00fagy \u00e9rtelmezik, hogy mi is a terror oldal\u00e1n vagyunk, Ir\u00e1n, a Hezbollah \u00e9s a Ham\u00e1sz oldal\u00e1n&#8221; &#8211; jelentette ki Aj\u00fab Kara. A sajt\u00f3t\u00e1j\u00e9koztat\u00f3n nem jel\u00f6lt ki hat\u00e1rid\u0151t az izraeli t\u00f6rv\u00e9nyi h\u00e1tt\u00e9r megv\u00e1ltoztat\u00e1s\u00e1t is megk\u00f6vetel\u0151 l\u00e9p\u00e9sek sz\u00e1m\u00e1ra.<br \/>\n    &#8222;\u00c9n vagyok a korm\u00e1ny egyetlen arab anyanyelv\u0171 tagja (Kara dr\u00faz sz\u00e1rmaz\u00e1s\u00fa), engem nem lehet \u00e1tverni azzal, hogy k\u00fcl\u00f6n-k\u00fcl\u00f6n m\u0171k\u00f6dik egy arab \u00e9s egy angol nyelv\u0171 Al-Dzsaz\u00edra. Felismerem, amikor a tud\u00f3s\u00edt\u00e1s usz\u00edt\u00e1ss\u00e1 v\u00e1lik a szabad v\u00e9lem\u00e9nynyilv\u00e1n\u00edt\u00e1s helyett&#8221; &#8211; emelte ki az izraeli miniszter.<br \/>\n    Egy h\u00e9ttel ezel\u0151tt, m\u00e9g Benj\u00e1min Netanjahu fenyeget\u00e9s\u00e9re v\u00e1laszul az Al-Dzsaz\u00edra illet\u00e9kesei azt hangoztatt\u00e1k, hogy nem hagynak fel a palesztin ter\u00fcleteken zajl\u00f3 esem\u00e9nyek k\u00f6zvet\u00edt\u00e9s\u00e9vel, \u00e9s sz\u00fcks\u00e9g eset\u00e9n a b\u00edr\u00f3s\u00e1ghoz fordulnak.<br \/>\n    Az izraeli minisztereln\u00f6k els\u0151sorban a Mecsetek ter\u00e9n, izraeli nev\u00e9n a Templomhegyen, az al-Aksza mecsetn\u00e9l t\u00f6rt\u00e9n\u0151 esem\u00e9nyekr\u0151l k\u00e9sz\u00fclt tud\u00f3s\u00edt\u00e1saikat b\u00edr\u00e1lta.<br \/>\n    &#8222;Egyfolyt\u00e1ban er\u0151szakra usz\u00edtanak&#8221; &#8211; \u00edrta Facebook bejegyz\u00e9s\u00e9ben akkor a  korm\u00e1nyf\u0151. &#8222;T\u00f6bbsz\u00f6r is k\u00e9rtem m\u00e1r a jeruzs\u00e1lemi irod\u00e1juk bez\u00e1r\u00e1s\u00e1t&#8221; &#8211; tette hozz\u00e1 Netanjahu.<br \/>\n     Jord\u00e1nia \u00e9s Sza\u00fad-Ar\u00e1bia a k\u00f6zelm\u00faltban bez\u00e1rta a t\u00e9v\u00e9t\u00e1rsas\u00e1g helyi irod\u00e1it. Ezen k\u00edv\u00fcl Sza\u00fad-Ar\u00e1bi\u00e1ban, az Egyes\u00fclt Arab Em\u00edrs\u00e9gekben, Egyiptomban \u00e9s Bahrainban is letiltott\u00e1k ad\u00e1sainak k\u00f6zvet\u00edt\u00e9s\u00e9t.(MTI)<\/p>\n","protected":false},"excerpt":{"rendered":"<p>Az izraeli korm\u00e1ny be akarja z\u00e1rni a Katarb\u00f3l ir\u00e1ny\u00edtott Al-Dzsaz\u00edra p\u00e1narab h\u00edrt\u00e9v\u00e9 helyi irod\u00e1j\u00e1t &#8211; jelentette az izraeli kettes kereskedelmi t\u00e9v\u00e9csatorna h\u00edrad\u00e1sa vas\u00e1rnap.<\/p>\n","protected":false},"author":1,"featured_media":0,"comment_status":"closed","ping_status":"open","sticky":false,"template":"","format":"standard","meta":[],"categories":[16],"tags":[],"_links":{"self":[{"href":"https:\/\/gazdasagportal.hu\/index.php\/wp-json\/wp\/v2\/posts\/96319"}],"collection":[{"href":"https:\/\/gazdasagportal.hu\/index.php\/wp-json\/wp\/v2\/posts"}],"about":[{"href":"https:\/\/gazdasagportal.hu\/index.php\/wp-json\/wp\/v2\/types\/post"}],"author":[{"embeddable":true,"href":"https:\/\/gazdasagportal.hu\/index.php\/wp-json\/wp\/v2\/users\/1"}],"replies":[{"embeddable":true,"href":"https:\/\/gazdasagportal.hu\/index.php\/wp-json\/wp\/v2\/comments?post=96319"}],"version-history":[{"count":1,"href":"https:\/\/gazdasagportal.hu\/index.php\/wp-json\/wp\/v2\/posts\/96319\/revisions"}],"predecessor-version":[{"id":96320,"href":"https:\/\/gazdasagportal.hu\/index.php\/wp-json\/wp\/v2\/posts\/96319\/revisions\/96320"}],"wp:attachment":[{"href":"https:\/\/gazdasagportal.hu\/index.php\/wp-json\/wp\/v2\/media?parent=96319"}],"wp:term":[{"taxonomy":"category","embeddable":true,"href":"https:\/\/gazdasagportal.hu\/index.php\/wp-json\/wp\/v2\/categories?post=96319"},{"taxonomy":"post_tag","embeddable":true,"href":"https:\/\/gazdasagportal.hu\/index.php\/wp-json\/wp\/v2\/tags?post=96319"}],"curies":[{"name":"wp","href":"https:\/\/api.w.org\/{rel}","templated":true}]}}