{"id":96315,"date":"2017-08-07T15:43:47","date_gmt":"2017-08-07T13:43:47","guid":{"rendered":"http:\/\/gazdasagportal.hu\/?p=96315"},"modified":"2017-08-07T09:05:26","modified_gmt":"2017-08-07T07:05:26","slug":"spanyol-kulugyminiszter-gibraltar-nem-lesz-feltetele-a-brexit-megallapodasnak","status":"publish","type":"post","link":"https:\/\/gazdasagportal.hu\/index.php\/spanyol-kulugyminiszter-gibraltar-nem-lesz-feltetele-a-brexit-megallapodasnak\/","title":{"rendered":"Spanyol k\u00fcl\u00fcgyminiszter: Gibralt\u00e1r nem lesz felt\u00e9tele a Brexit-meg\u00e1llapod\u00e1snak"},"content":{"rendered":"<p><strong>Spanyolorsz\u00e1g r\u00e9sz\u00e9r\u0151l Gibralt\u00e1r fennhat\u00f3s\u00e1g\u00e1nak visszaszerz\u00e9se nem lesz felt\u00e9tele az Eur\u00f3pai Uni\u00f3 \u00e9s az Egyes\u00fclt Kir\u00e1lys\u00e1g k\u00f6z\u00f6tti meg\u00e1llapod\u00e1snak a Brexitr\u0151l &#8211; mondta Alfonso Dastis, spanyol k\u00fcl\u00fcgyminiszter az ABC c\u00edm\u0171 konzervat\u00edv spanyol napilapban megjelent interj\u00faj\u00e1ban, vas\u00e1rnap.<\/strong><!--more--><\/p>\n<div class=\"ads-in-post1\"><div id=\"gazdasagportal.hu_fullbanner_wideboard\"><\/div>\r\n<\/div>\n<p>    A politikus hangs\u00falyozta: a d\u00e9l-eur\u00f3pai orsz\u00e1g tov\u00e1bbra is k\u00f6z\u00f6s, a ter\u00fclet brit-spanyol fennhat\u00f3s\u00e1got javasol.<br \/>\n    &#8222;Megpr\u00f3b\u00e1ljuk meggy\u0151zni a gibralt\u00e1riakat, hogy ez egy \u00fat, amelyet \u00e9rdemes megvizsg\u00e1lni, \u00e9s amely az \u0151 \u00e9rdek\u00fcket is szolg\u00e1ln\u00e1&#8221; &#8211; fogalmazott, hozz\u00e1t\u00e9ve, hogy a ny\u00e1r ut\u00e1n tervez odautazni.<br \/>\n    Mint mondta, nem akarja vesz\u00e9lyeztetni az Eur\u00f3pai Uni\u00f3 \u00e9s az Egyes\u00fclt Kir\u00e1lys\u00e1g meg\u00e1llapod\u00e1s\u00e1t, sem olyan kezdem\u00e9nyez\u00e9seket tenni, amelyek vesz\u00e9lybe sodorhatj\u00e1k a Gibralt\u00e1ron dolgoz\u00f3k j\u00f6v\u0151j\u00e9t. A Spanyolorsz\u00e1gba \u00e9kelt brit ter\u00fcletre nap mint nap mintegy 10 ezer spanyol j\u00e1r \u00e1t dolgozni.<br \/>\n    A spanyol k\u00fcl\u00fcgyminiszter rem\u00e9ny\u00e9t fejezte ki, hogy id\u0151vel elj\u00f6n Gibralt\u00e1r st\u00e1tusz\u00e1nak megv\u00e1ltoztat\u00e1sa, mert meggy\u0151z\u0151d\u00e9se, hogy az mindenki sz\u00e1m\u00e1ra kedvez\u0151 lenne.<br \/>\n    Spanyolorsz\u00e1g m\u00e1r az EU-tags\u00e1gr\u00f3l rendezett tavalyi brit n\u00e9pszavaz\u00e1s el\u0151tt felvetette, hogy ha a britek t\u00e1voznak az uni\u00f3b\u00f3l, Gibralt\u00e1r ker\u00fclj\u00f6n k\u00f6z\u00f6s brit-spanyol fennhat\u00f3s\u00e1g al\u00e1, mert a ter\u00fclet \u00edgy a kil\u00e9p\u00e9st k\u00f6vet\u0151en is megtarthatn\u00e1 hozz\u00e1f\u00e9r\u00e9s\u00e9t a bels\u0151 uni\u00f3s piachoz. Ezt azonban a britek kezdett\u0151l fogva elutas\u00edtj\u00e1k.<br \/>\n    Jelenleg a Gibralt\u00e1r sorsa feletti ellent\u00e9tes \u00e1ll\u00e1spont sz\u00e1m\u00edt a k\u00e9t orsz\u00e1g kapcsolatait terhel\u0151 legf\u0151bb probl\u00e9m\u00e1nak.<br \/>\n    A 6,5 n\u00e9gyzetkilom\u00e9teres Gibralt\u00e1rr\u00f3l Spanyolorsz\u00e1g 1713-ban, a spanyol \u00f6r\u00f6k\u00f6s\u00f6d\u00e9si h\u00e1bor\u00fat lez\u00e1r\u00f3 Utrechti Szerz\u0151d\u00e9sben mondott le London jav\u00e1ra.(MTI)<\/p>\n","protected":false},"excerpt":{"rendered":"<p>Spanyolorsz\u00e1g r\u00e9sz\u00e9r\u0151l Gibralt\u00e1r fennhat\u00f3s\u00e1g\u00e1nak visszaszerz\u00e9se nem lesz felt\u00e9tele az Eur\u00f3pai Uni\u00f3 \u00e9s az Egyes\u00fclt Kir\u00e1lys\u00e1g k\u00f6z\u00f6tti meg\u00e1llapod\u00e1snak a Brexitr\u0151l &#8211; mondta Alfonso Dastis, spanyol k\u00fcl\u00fcgyminiszter az ABC c\u00edm\u0171 konzervat\u00edv spanyol napilapban megjelent interj\u00faj\u00e1ban, vas\u00e1rnap.<\/p>\n","protected":false},"author":1,"featured_media":0,"comment_status":"closed","ping_status":"open","sticky":false,"template":"","format":"standard","meta":[],"categories":[12],"tags":[],"_links":{"self":[{"href":"https:\/\/gazdasagportal.hu\/index.php\/wp-json\/wp\/v2\/posts\/96315"}],"collection":[{"href":"https:\/\/gazdasagportal.hu\/index.php\/wp-json\/wp\/v2\/posts"}],"about":[{"href":"https:\/\/gazdasagportal.hu\/index.php\/wp-json\/wp\/v2\/types\/post"}],"author":[{"embeddable":true,"href":"https:\/\/gazdasagportal.hu\/index.php\/wp-json\/wp\/v2\/users\/1"}],"replies":[{"embeddable":true,"href":"https:\/\/gazdasagportal.hu\/index.php\/wp-json\/wp\/v2\/comments?post=96315"}],"version-history":[{"count":1,"href":"https:\/\/gazdasagportal.hu\/index.php\/wp-json\/wp\/v2\/posts\/96315\/revisions"}],"predecessor-version":[{"id":96316,"href":"https:\/\/gazdasagportal.hu\/index.php\/wp-json\/wp\/v2\/posts\/96315\/revisions\/96316"}],"wp:attachment":[{"href":"https:\/\/gazdasagportal.hu\/index.php\/wp-json\/wp\/v2\/media?parent=96315"}],"wp:term":[{"taxonomy":"category","embeddable":true,"href":"https:\/\/gazdasagportal.hu\/index.php\/wp-json\/wp\/v2\/categories?post=96315"},{"taxonomy":"post_tag","embeddable":true,"href":"https:\/\/gazdasagportal.hu\/index.php\/wp-json\/wp\/v2\/tags?post=96315"}],"curies":[{"name":"wp","href":"https:\/\/api.w.org\/{rel}","templated":true}]}}