{"id":96025,"date":"2017-07-31T11:37:54","date_gmt":"2017-07-31T09:37:54","guid":{"rendered":"http:\/\/gazdasagportal.hu\/?p=96025"},"modified":"2017-07-31T11:37:54","modified_gmt":"2017-07-31T09:37:54","slug":"lassulo-utemben-de-tovabb-no-a-cegalapitasi-kedv","status":"publish","type":"post","link":"https:\/\/gazdasagportal.hu\/index.php\/lassulo-utemben-de-tovabb-no-a-cegalapitasi-kedv\/","title":{"rendered":"Lassul\u00f3 \u00fctemben, de tov\u00e1bb n\u0151 a c\u00e9galap\u00edt\u00e1si kedv"},"content":{"rendered":"<p><strong>Vajon el\u00e9rkezett egy \u00fajabb pozit\u00edv trend ideje? A tavalyi \u00e9v els\u0151 fel\u00e9ben 6 sz\u00e1zal\u00e9kkal n\u00f6vekedett az \u00faj c\u00e9gek sz\u00e1ma a b\u00e1zisid\u0151szakhoz m\u00e9rten, \u00e9s ez a gyarapod\u00e1s \u2013 b\u00e1r j\u00f3val alacsonyabb m\u00e9rt\u00e9kben, de \u2013 tov\u00e1bb folytat\u00f3dott 2017-ben is. A c\u00e9gmegsz\u0171n\u00e9sek sz\u00e1ma m\u00e9g mindig j\u00f3val magasabb, mint az indul\u00f3 v\u00e1llalkoz\u00e1sok\u00e9, \u00e1m ez a v\u00e1ls\u00e1g ut\u00e1ni piactiszt\u00edt\u00f3 mechanizmus elengedhetetlen k\u00f6vetkezm\u00e9nye. <\/strong><!--more--><\/p>\n<div class=\"ads-in-post1\"><div id=\"gazdasagportal.hu_fullbanner_wideboard\"><\/div>\r\n<\/div>\n<p><strong>\u00a0<\/strong><\/p>\n<p>A v\u00e1rakoz\u00e1soknak megfelel\u0151en alakultak a c\u00e9gsz\u00e1mok 2017 els\u0151 fel\u00e9ben. A m\u0171k\u00f6d\u0151 c\u00e9gek sz\u00e1ma fokozatosan lassul\u00f3 \u00fctemben cs\u00f6kken, hiszen az indul\u00f3 nemfizet\u00e9si elj\u00e1r\u00e1sok cs\u00f6kken\u00e9s\u00e9nek hat\u00e1sa is k\u00e9sleltetve jelenik meg a c\u00e9gsz\u00e1mok alakul\u00e1s\u00e1ban. Mindek\u00f6zben egyre t\u00f6bb \u00faj c\u00e9get alap\u00edtanak Magyarorsz\u00e1gon, \u00e9s b\u00e1r az alap\u00edt\u00e1sok a tavalyi \u00e9v azonos id\u0151szak\u00e1hoz m\u00e9rten csak nagyon minim\u00e1lisan, 147-tel n\u00f6vekedtek, ha abb\u00f3l indulunk ki, hogy a 2016 el\u0151tti \u00e9vekben folyamatos cs\u00f6kken\u00e9s volt tapasztalhat\u00f3, m\u00e1r ezt is pozit\u00edvan \u00e9rtelmezhetj\u00fck. Ugyanakkor ez a m\u00e9rt\u00e9k elt\u00f6rp\u00fcl a 2011-ben m\u00e9rt rekordsz\u00e1m\u00fa\u2013 \u00e9ves szinten k\u00f6zel 50 ezres \u00faj c\u00e9g alakul\u00e1shoz k\u00e9pest \u2013 de tudjuk. hogy az akkori t\u00falzott megugr\u00e1s m\u00f6g\u00f6tt eg\u00e9szs\u00e9gtelen makrogazdas\u00e1gi k\u00f6rnyezet \u00e1llt.<\/p>\n<p>&nbsp;<\/p><div id=\"gazda-2831052181\" class=\"gazda-tartalomban gazda-entity-placement\"><script async src=\"https:\/\/pagead2.googlesyndication.com\/pagead\/js\/adsbygoogle.js\"><\/script>\r\n<ins class=\"adsbygoogle\"\r\n     style=\"display:block\"\r\n     data-ad-format=\"fluid\"\r\n     data-ad-layout-key=\"-6t+ed+2i-1n-4w\"\r\n     data-ad-client=\"ca-pub-1959107119989764\"\r\n     data-ad-slot=\"4008251320\"><\/ins>\r\n<script>\r\n     (adsbygoogle = window.adsbygoogle || []).push({});\r\n<\/script><\/div>\n<p>Ha csak az els\u0151 f\u00e9l\u00e9vi c\u00e9galap\u00edt\u00e1sokat n\u00e9zz\u00fck, 2014 \u00e9s 2015 k\u00f6z\u00f6tt tapasztalhattunk egy igen jelent\u0151s \u2013 h\u00fasz sz\u00e1zal\u00e9k feletti \u2013 m\u00e9rs\u00e9kl\u0151d\u00e9st, melyet pozit\u00edv fordulat k\u00f6vetett. Ennek els\u0151 l\u00e9p\u00e9sek\u00e9nt 5,85 sz\u00e1zal\u00e9kot n\u00f6vekedtek a c\u00e9galap\u00edt\u00e1sok 2016-ra vonatkoz\u00f3an, a t\u00e1rgyid\u0151szakban pedig tov\u00e1bbi 1,1 sz\u00e1zal\u00e9kos emelked\u00e9s t\u00f6rt\u00e9nt a v\u00e1llalkoz\u00e1sok sz\u00e1m\u00e1ban. K\u00fcl\u00f6n kiemelend\u0151, hogy a c\u00e9galap\u00edt\u00e1si kedv azon korm\u00e1nyzati int\u00e9zked\u00e9s mellett sem esett vissza, hogy a haz\u00e1nkban legn\u00e9pszer\u0171bb c\u00e9gforma (Korl\u00e1tolt Felel\u0151ss\u00e9g\u0171 T\u00e1rsas\u00e1g) t\u00f6rzst\u0151ke k\u00f6vetelm\u00e9nye n\u00e9h\u00e1ny \u00e9ve megemel\u00e9sre ker\u00fclt. Egy er\u0151sebb t\u0151kek\u00f6rnyezetben m\u0171k\u00f6d\u0151 v\u00e1llalati szf\u00e9ra, \u00e9s a nagyobb tulajdonosi felel\u0151ss\u00e9gv\u00e1llal\u00e1s v\u00e9lhet\u0151en pozit\u00edv hat\u00e1ssal lesz mind a m\u0171k\u00f6d\u00e9si, mind a megb\u00edzhat\u00f3s\u00e1gi mind pedig a fizet\u00e9si fegyelemre.<\/p>\n<p>&nbsp;<\/p>\n<p>A m\u0171k\u00f6d\u0151 c\u00e9gek sz\u00e1m\u00e1nak cs\u00f6kken\u00e9se ellen\u00e9re, m\u00e9g mindig t\u00f6bb, mint 516 ezer m\u0171k\u00f6d\u0151 v\u00e1llalkoz\u00e1st tartottak nyilv\u00e1n Magyarorsz\u00e1gon az els\u0151 f\u00e9l\u00e9v v\u00e9g\u00e9n. A 2013-as \u2013 nem felt\u00e9tlen pozit\u00edv \u2013 rekord\u00e9rt\u00e9k \u00f3ta t\u00f6bb, mint negyvenezerrel esett vissza a v\u00e1llalkoz\u00e1sok sz\u00e1ma, de m\u00e9g \u00edgy is b\u0151ven meghaladja a 2008 el\u0151tti id\u0151szak 480 ezer k\u00f6r\u00fcli \u00e9rt\u00e9k\u00e9t; igaz, a tisztul\u00e1si folyamat m\u00e1r a v\u00e9ge fel\u00e9 k\u00f6zeledik, \u00e9s id\u0151vel elt\u0171nnek a v\u00e1ls\u00e1g gener\u00e1lta \u201el\u00e1tszatv\u00e1llalkoz\u00e1sok\u201d, valamint er\u0151s\u00f6d\u00e9snek indulhat a piac. Ezt t\u00e1masztja al\u00e1, hogy a felsz\u00e1mol\u00e1sok sz\u00e1ma 29,64 sz\u00e1zal\u00e9kkal m\u00edg a k\u00e9nyszert\u00f6rl\u00e9sek\u00e9 t\u00f6bb mint 2 000 darabbal cs\u00f6kkent az elm\u00falt \u00e9v azonos id\u0151szak\u00e1hoz k\u00e9pest a szigorod\u00f3 szab\u00e1lyoz\u00e1si k\u00f6rnyezet mellett is.<\/p>\n<p>&nbsp;<\/p>\n<p>Az \u00e1gazatok k\u00f6r\u00fclbel\u00fcl negyed\u00e9n\u00e9l tapasztalhattunk n\u00f6vekv\u0151 c\u00e9gsz\u00e1mokat az egy \u00e9vvel kor\u00e1bbi adatokhoz k\u00e9pest, \u00e1m ez legt\u00f6bbsz\u00f6r csak n\u00e9h\u00e1ny sz\u00e1zal\u00e9kos n\u00f6veked\u00e9s form\u00e1j\u00e1ban mutatkozott meg. Kiv\u00e9telt k\u00e9pez ez al\u00f3l a kommun\u00e1lis tev\u00e9kenys\u00e9g (villamosenergia, g\u00e1z, g\u0151zell\u00e1t\u00e1s, l\u00e9gkondicion\u00e1l\u00e1s, v\u00edz, szennyv\u00edz, hullad\u00e9k) szektora, amelynek alacsony r\u00e9szar\u00e1nya miatt &#8211; kimutat\u00e1sunkban az Egy\u00e9b kateg\u00f3ri\u00e1ban szerepel \u2013 16 sz\u00e1zal\u00e9k feletti n\u00f6veked\u00e9se m\u00e1r eml\u00edt\u00e9sre m\u00e9lt\u00f3. 2017. j\u00falius 1-j\u00e9n m\u00e1r 3\u00a0737 ilyen tev\u00e9kenys\u00e9g\u0171 c\u00e9g m\u0171k\u00f6d\u00f6tt az orsz\u00e1gban, tov\u00e1bb\u00e1 csaknem minden negyedik \u00faj v\u00e1llalkoz\u00e1s ezen a ter\u00fcleten alakult. Sz\u00e1mszer\u0171en a legnagyobb cs\u00f6kken\u00e9s a nagykereskedelmi c\u00e9gekn\u00e9l volt tapasztalhat\u00f3, ahol 1\u00a0106 c\u00e9ggel kevesebb m\u0171k\u00f6dik jelenleg, mint egy \u00e9vvel kor\u00e1bban. Ez a v\u00e1ltoz\u00e1s azonban nem befoly\u00e1solta az \u00f6sszes m\u0171k\u00f6d\u0151 c\u00e9gsz\u00e1mon bel\u00fcli r\u00e9szar\u00e1nyukat, \u00e9s tov\u00e1bbra is 8 sz\u00e1zal\u00e9kos jelenl\u00e9t\u00fck van a piacon. A legnagyobb ar\u00e1ny\u00fa c\u00e9gsz\u00e1m cs\u00f6kken\u00e9s a nagykereskedelem mellett a textil- \u00e9s pap\u00edripar ter\u00fclet\u00e9t jellemezte, ahol 3,1 \u00e9s 4 sz\u00e1zal\u00e9kot romlottak a c\u00e9gsz\u00e1mok.<\/p>\n<p>&nbsp;<\/p>\n<p>&nbsp;<\/p>\n<p>A kor\u00e1bbi \u00e9vekhez hasonl\u00f3an az idei els\u0151 f\u00e9l\u00e9v v\u00e9g\u00e9n is a legt\u00f6bb t\u00e1rsas\u00e1g a szakmai, tudom\u00e1nyos \u00e9s m\u0171szaki, a kiskereskedelmi illetve az \u00e9p\u00edt\u0151ipari szektorban m\u0171k\u00f6d\u00f6tt, rendre 17, 11 \u00e9s 9 sz\u00e1zal\u00e9kos jelenl\u00e9tekkel. Nagy \u00e1trendez\u0151d\u00e9s teh\u00e1t az ipar\u00e1gi megoszl\u00e1sok viszonylat\u00e1ban nem volt tapasztalhat\u00f3, hiszen nem t\u00f6rt\u00e9nt makr\u00f3szint\u0171 piacdeform\u00e1l\u00f3 esem\u00e9ny. Mind\u00f6ssze az ingatlanszektor n\u00f6vekedett egy sz\u00e1zal\u00e9kpontot, valamint ugyanekkora m\u00e9rt\u00e9k\u0171, de ellent\u00e9tes ir\u00e1ny\u00fa v\u00e1ltoz\u00e1s t\u00f6rt\u00e9nt az adminisztrat\u00edv \u00e9s szolg\u00e1ltat\u00e1st t\u00e1mogat\u00f3 tev\u00e9kenys\u00e9gek piac\u00e1n.<\/p>\n<p>Darabsz\u00e1mukat tekintve a legt\u00f6bb c\u00e9gmegsz\u0171n\u00e9s a nagykereskedelmet, a szakmai, tudom\u00e1nyos m\u0171szaki tev\u00e9kenys\u00e9get, a kiskereskedelmet, valamint az \u00e9p\u00edt\u0151ipart s\u00fajtotta, ezekben az \u00e1gazatokban k\u00e9tezer felett volt a megsz\u0171nt c\u00e9gek sz\u00e1ma az els\u0151 f\u00e9l\u00e9vben.<\/p>\n<p>&nbsp;<\/p>\n<p>H\u00e1rom megye \u2013 Somogy, N\u00f3gr\u00e1d \u00e9s Csongr\u00e1d \u2013 kiv\u00e9tel\u00e9vel mindenhol cs\u00f6kkent a m\u0171k\u00f6d\u0151 t\u00e1rsas\u00e1gok sz\u00e1ma az elm\u00falt 12 h\u00f3napban. Ism\u00e9t kiemelend\u0151 k\u00f6z\u00fcl\u00fck N\u00f3gr\u00e1d megye, ahol k\u00e9t \u00e9vvel ezel\u0151tt m\u00e9g a m\u00e1sodik legnagyobb ar\u00e1ny\u00fa c\u00e9gsz\u00e1m cs\u00f6kken\u00e9st m\u00e9rt\u00e9k \u2013 4 sz\u00e1zal\u00e9k feletti \u00e9rt\u00e9kkel \u2013, tavaly mind\u00f6ssze 0,3 sz\u00e1zal\u00e9kos volt a roml\u00e1s, most pedig m\u00e1r pozit\u00edv ir\u00e1nyba 0,32 sz\u00e1zal\u00e9kos a v\u00e1ltoz\u00e1s. Vas megy\u00e9ben nem t\u00f6rt\u00e9nt l\u00e9nyegi m\u00f3dosul\u00e1s a c\u00e9gsz\u00e1mok kumul\u00e1lt \u00e9rt\u00e9k\u00e9ben, valamint az orsz\u00e1gos \u00e1tlagn\u00e1l kisebb m\u00e9rt\u00e9kben cs\u00f6kkentek az adatok Budapesten, Veszpr\u00e9m, Pest, Baranya \u00e9s Gy\u0151r-Moson-Sopron megy\u00e9kben. A legnagyobb cs\u00f6kken\u00e9s id\u00e9n is Kom\u00e1rom-Esztergom megy\u00e9t \u00e9rintette, b\u00e1r j\u00f3val kisebb m\u00e9rt\u00e9kben, mint egy \u00e9vvel kor\u00e1bban, mikor m\u00e9g 3,81 sz\u00e1zal\u00e9kot cs\u00f6kkent a c\u00e9gek sz\u00e1ma a Tatab\u00e1nya sz\u00e9khely\u0171 megy\u00e9ben 2015-h\u00f6z k\u00e9pest.<\/p>\n<p>&nbsp;<\/p>\n<p><strong>M\u0171k\u00f6d\u0151 v\u00e1llalkoz\u00e1sok sz\u00e1m\u00e1nak alakul\u00e1sa megy\u00e9nk\u00e9nt<\/strong><\/p>\n<ol start=\"2017\">\n<li><strong> j\u00fal. 1. \u00e9s 2016. j\u00fal. 1. k\u00f6z\u00f6tt<\/strong><\/li>\n<\/ol>\n<table width=\"763\">\n<tbody>\n<tr>\n<td width=\"357\"><strong>MEGYE<\/strong><\/td>\n<td width=\"203\"><strong>M\u0170K\u00d6D\u0150 V\u00c1LLALKOZ\u00c1SOK SZ\u00c1MA 2017.07.01<\/strong><\/td>\n<td width=\"203\"><strong>C\u00c9GSZ\u00c1M V\u00c1LTOZ\u00c1S 2016.07.01-2017.07.01<\/strong><\/td>\n<\/tr>\n<tr>\n<td width=\"357\">Kom\u00e1rom-Esztergom megye<\/td>\n<td width=\"203\">12 438<\/td>\n<td width=\"203\">-2,90%<\/td>\n<\/tr>\n<tr>\n<td width=\"357\">B\u00e9k\u00e9s megye<\/td>\n<td width=\"203\">8 522<\/td>\n<td width=\"203\">-1,53%<\/td>\n<\/tr>\n<tr>\n<td width=\"357\">J\u00e1sz-Nagykun-Szolnok megye<\/td>\n<td width=\"203\">9 598<\/td>\n<td width=\"203\">-1,45%<\/td>\n<\/tr>\n<tr>\n<td width=\"357\">Borsod-Aba\u00faj-Zempl\u00e9n megye<\/td>\n<td width=\"203\">18 874<\/td>\n<td width=\"203\">-1,29%<\/td>\n<\/tr>\n<tr>\n<td width=\"357\">Tolna megye<\/td>\n<td width=\"203\">6 993<\/td>\n<td width=\"203\">-1,16%<\/td>\n<\/tr>\n<tr>\n<td width=\"357\">Heves megye<\/td>\n<td width=\"203\">9 393<\/td>\n<td width=\"203\">-1,11%<\/td>\n<\/tr>\n<tr>\n<td width=\"357\">Fej\u00e9r megye<\/td>\n<td width=\"203\">15 995<\/td>\n<td width=\"203\">-1,08%<\/td>\n<\/tr>\n<tr>\n<td width=\"357\">Szabolcs-Szatm\u00e1r-Bereg megye<\/td>\n<td width=\"203\">14 834<\/td>\n<td width=\"203\">-1,05%<\/td>\n<\/tr>\n<tr>\n<td width=\"357\">Zala megye<\/td>\n<td width=\"203\">10 128<\/td>\n<td width=\"203\">-1,02%<\/td>\n<\/tr>\n<tr>\n<td width=\"357\">B\u00e1cs-Kiskun megye<\/td>\n<td width=\"203\">20 049<\/td>\n<td width=\"203\">-0,94%<\/td>\n<\/tr>\n<tr>\n<td width=\"357\">Hajd\u00fa-Bihar megye<\/td>\n<td width=\"203\">19 001<\/td>\n<td width=\"203\">-0,83%<\/td>\n<\/tr>\n<tr>\n<td width=\"357\">F\u0151v\u00e1ros<\/td>\n<td width=\"203\">206 337<\/td>\n<td width=\"203\">-0,76%<\/td>\n<\/tr>\n<tr>\n<td width=\"357\">Veszpr\u00e9m megye<\/td>\n<td width=\"203\">12 277<\/td>\n<td width=\"203\">-0,61%<\/td>\n<\/tr>\n<tr>\n<td width=\"357\">Pest megye<\/td>\n<td width=\"203\">79 024<\/td>\n<td width=\"203\">-0,57%<\/td>\n<\/tr>\n<tr>\n<td width=\"357\">Baranya megye<\/td>\n<td width=\"203\">15 637<\/td>\n<td width=\"203\">-0,51%<\/td>\n<\/tr>\n<tr>\n<td width=\"357\">Gy\u0151r-Moson-Sopron megye<\/td>\n<td width=\"203\">18 981<\/td>\n<td width=\"203\">-0,49%<\/td>\n<\/tr>\n<tr>\n<td width=\"357\">Vas megye<\/td>\n<td width=\"203\">8 716<\/td>\n<td width=\"203\">-0,16%<\/td>\n<\/tr>\n<tr>\n<td width=\"357\">Somogy megye<\/td>\n<td width=\"203\">9 943<\/td>\n<td width=\"203\">0,18%<\/td>\n<\/tr>\n<tr>\n<td width=\"357\">N\u00f3gr\u00e1d\u00a0 megye<\/td>\n<td width=\"203\">4 356<\/td>\n<td width=\"203\">0,32%<\/td>\n<\/tr>\n<tr>\n<td width=\"357\">Csongr\u00e1d megye<\/td>\n<td width=\"203\">15 762<\/td>\n<td width=\"203\">0,70%<\/td>\n<\/tr>\n<\/tbody>\n<\/table>\n<p>&nbsp;<\/p>\n<p>&nbsp;<\/p>\n<p><strong>A<\/strong> <strong>Bisnode Csoportr\u00f3l <\/strong><\/p>\n<p>&nbsp;<\/p>\n<p>A Bisnode online marketing, kock\u00e1zatkezel\u00e9si \u00e9s \u00fczleti inform\u00e1ci\u00f3s megold\u00e1sok sz\u00e9les palett\u00e1j\u00e1t k\u00edn\u00e1lja, mely lehet\u0151v\u00e9 teszi az okos d\u00f6nt\u00e9seket. A Bisnode d\u00f6nt\u00e9shozatali megold\u00e1sai seg\u00edtenek az adatok elemz\u00e9s\u00e9ben, a c\u00e9lcsoport meghat\u00e1roz\u00e1sban, a kock\u00e1zati \u00e9rt\u00e9kel\u00e9sben, \u00e9s a partnerkapcsolatok menedzsel\u00e9s\u00e9ben. Az 1989-ben alap\u00edtott Bisnode-nak 18 eur\u00f3pai orsz\u00e1gban, t\u00f6bb mint 2100 alkalmazottja van. A Bisnode Csoport a Dun &amp; Bradstreet glob\u00e1lis h\u00e1l\u00f3zat\u00e1nak partnere, \u00edgy gyakorlatilag a vil\u00e1g \u00f6sszes orsz\u00e1g\u00e1b\u00f3l szolg\u00e1ltat d\u00f6nt\u00e9st\u00e1mogat\u00f3 megold\u00e1sokat.<\/p>\n<p>&nbsp;<\/p>\n<p>A c\u00e9gcsoport bizony\u00edtottan m\u0171k\u00f6d\u0151, el\u0151rejelz\u0151 c\u00e9gmin\u0151s\u00edt\u00e9se el\u0151seg\u00edti a c\u00e9gek biztons\u00e1gos \u00fczletmenet\u00e9t, stabil n\u00f6veked\u00e9s\u00e9t, ugyanis ma m\u00e1r minden \u00fczleti d\u00f6nt\u00e9s alapja egy a partnerek megb\u00edzhat\u00f3s\u00e1g\u00e1t el\u0151rejelz\u0151 kock\u00e1zatoss\u00e1gi mutat\u00f3sz\u00e1m, mely seg\u00edts\u00e9g\u00e9vel t\u00f6bbek k\u00f6z\u00f6tt m\u00e9rlegelhet\u0151 a sz\u00e1ll\u00edt\u00f3 kock\u00e1zata, meghat\u00e1rozhat\u00f3 az ut\u00f3lagos fizet\u00e9s enged\u00e9lyez\u00e9se, valamint m\u00e1r a kapcsolatfelv\u00e9tel el\u0151tt biztos\u00edthat\u00f3, hogy csak a megfelel\u0151 partnerekre ford\u00edts\u00e1k a c\u00e9gek energi\u00e1jukat \u00e9s er\u0151forr\u00e1saikat.<\/p>\n<p>&nbsp;<\/p>\n<p>A Bisnode Csoport \u00e9vek \u00f3ta m\u0171k\u00f6d\u0151 PartnerPayment (fizet\u00e9si tapasztalat) programj\u00e1b\u00f3l egyed\u00fcl\u00e1ll\u00f3 m\u00f3don \u00e9rtes\u00fclhetnek a v\u00e1llalkoz\u00e1sok partnereik sz\u00e1mlafizet\u00e9si szok\u00e1sair\u00f3l. Megtudhatj\u00e1k, hogy az adott c\u00e9g \u00e1ltal\u00e1ban mekkora hat\u00e1rid\u0151vel \u00e9s milyen k\u00e9s\u00e9ssel egyenl\u00edti ki tartoz\u00e1sait, ami hasznos \u00e9s gyakorlatilag felbecs\u00fclhetetlen inform\u00e1ci\u00f3 egy okos d\u00f6nt\u00e9s meghozatal\u00e1ban.<\/p>\n<p>&nbsp;<\/p>\n<p><strong><a href=\"http:\/\/www.bisnode.hu\" target=\"_blank\" rel=\"noopener noreferrer\">www.bisnode.hu<\/a><\/strong><\/p>\n<p><strong>\u00a0<\/strong><\/p>\n<p>&nbsp;<\/p>\n<p>&nbsp;<\/p>\n","protected":false},"excerpt":{"rendered":"<p>Vajon el\u00e9rkezett egy \u00fajabb pozit\u00edv trend ideje? A tavalyi \u00e9v els\u0151 fel\u00e9ben 6 sz\u00e1zal\u00e9kkal n\u00f6vekedett az \u00faj c\u00e9gek sz\u00e1ma a b\u00e1zisid\u0151szakhoz m\u00e9rten, \u00e9s ez a gyarapod\u00e1s \u2013 b\u00e1r j\u00f3val alacsonyabb m\u00e9rt\u00e9kben, de \u2013 tov\u00e1bb folytat\u00f3dott 2017-ben is. A c\u00e9gmegsz\u0171n\u00e9sek sz\u00e1ma m\u00e9g mindig j\u00f3val magasabb, mint az indul\u00f3 v\u00e1llalkoz\u00e1sok\u00e9, \u00e1m ez a v\u00e1ls\u00e1g ut\u00e1ni piactiszt\u00edt\u00f3 mechanizmus &#8230;<\/p>\n","protected":false},"author":1,"featured_media":0,"comment_status":"closed","ping_status":"open","sticky":false,"template":"","format":"standard","meta":[],"categories":[19],"tags":[],"_links":{"self":[{"href":"https:\/\/gazdasagportal.hu\/index.php\/wp-json\/wp\/v2\/posts\/96025"}],"collection":[{"href":"https:\/\/gazdasagportal.hu\/index.php\/wp-json\/wp\/v2\/posts"}],"about":[{"href":"https:\/\/gazdasagportal.hu\/index.php\/wp-json\/wp\/v2\/types\/post"}],"author":[{"embeddable":true,"href":"https:\/\/gazdasagportal.hu\/index.php\/wp-json\/wp\/v2\/users\/1"}],"replies":[{"embeddable":true,"href":"https:\/\/gazdasagportal.hu\/index.php\/wp-json\/wp\/v2\/comments?post=96025"}],"version-history":[{"count":1,"href":"https:\/\/gazdasagportal.hu\/index.php\/wp-json\/wp\/v2\/posts\/96025\/revisions"}],"predecessor-version":[{"id":96026,"href":"https:\/\/gazdasagportal.hu\/index.php\/wp-json\/wp\/v2\/posts\/96025\/revisions\/96026"}],"wp:attachment":[{"href":"https:\/\/gazdasagportal.hu\/index.php\/wp-json\/wp\/v2\/media?parent=96025"}],"wp:term":[{"taxonomy":"category","embeddable":true,"href":"https:\/\/gazdasagportal.hu\/index.php\/wp-json\/wp\/v2\/categories?post=96025"},{"taxonomy":"post_tag","embeddable":true,"href":"https:\/\/gazdasagportal.hu\/index.php\/wp-json\/wp\/v2\/tags?post=96025"}],"curies":[{"name":"wp","href":"https:\/\/api.w.org\/{rel}","templated":true}]}}