{"id":95881,"date":"2017-07-27T16:15:19","date_gmt":"2017-07-27T14:15:19","guid":{"rendered":"http:\/\/gazdasagportal.hu\/?p=95881"},"modified":"2017-07-27T16:15:19","modified_gmt":"2017-07-27T14:15:19","slug":"megujul-a-tatabanyai-interspar","status":"publish","type":"post","link":"https:\/\/gazdasagportal.hu\/index.php\/megujul-a-tatabanyai-interspar\/","title":{"rendered":"Meg\u00fajul a tatab\u00e1nyai INTERSPAR"},"content":{"rendered":"<p><strong>T\u00f6bb mint 2,5 milli\u00e1rd forintb\u00f3l moderniz\u00e1lja a SPAR Magyarorsz\u00e1g a tatab\u00e1nyai INTERSPAR \u00e1ruh\u00e1zat. A 2000-ben megnyitott hipermarket az \u00e1talak\u00edt\u00e1s alatt z\u00e1rva tart, a v\u00e1s\u00e1rl\u00f3k v\u00e1rhat\u00f3an december elej\u00e9n vehetik ism\u00e9t birtoka a k\u00edv\u00fcl-bel\u00fcl megsz\u00e9p\u00fclt, b\u0151v\u00fcl\u0151 szolg\u00e1ltat\u00e1sokkal \u00fajranyit\u00f3 \u00e1ruh\u00e1zat. <\/strong><!--more--><\/p>\n<div class=\"ads-in-post1\"><div id=\"gazdasagportal.hu_fullbanner_wideboard\"><\/div>\r\n<\/div>\n<p>\u201eA SPAR az idei \u00e9vben t\u00f6bb mint 23 milli\u00e1rd forintot ford\u00edt fejleszt\u00e9sekre. Ebb\u0151l \u00faj \u00e1ruh\u00e1zak nyit\u00e1sa mellett a megl\u00e9v\u0151k korszer\u0171s\u00edt\u00e9s\u00e9re is lehet\u0151s\u00e9g ny\u00edlik. Tatab\u00e1nya \u00e9s t\u00e9rs\u00e9ge jelent\u0151s v\u00e1s\u00e1rl\u00f3er\u0151vel rendelkezik, \u00e9s a 2000-ben \u00e1tadott INTERSPAR \u00e1ruh\u00e1z v\u00e1s\u00e1rl\u00f3k\u00f6z\u00f6ns\u00e9ge folyamatosan n\u00f6vekszik. Sz\u00e1mukra a legmagasabb sz\u00ednvonal\u00fa, modern szolg\u00e1ltat\u00e1sokat k\u00edn\u00e1l\u00f3 k\u00f6rnyezetet szeretn\u00e9nk megteremteni, ez\u00e9rt d\u00f6nt\u00f6tt\u00fcnk a hipermarket teljes k\u00f6r\u0171 fel\u00faj\u00edt\u00e1sa mellett. A j\u00falius eleje \u00f3ta tart\u00f3 beruh\u00e1z\u00e1s meghaladja a 2,5 milli\u00e1rd forintot, \u00e9s a jelenlegi 78 f\u0151s munkav\u00e1llal\u00f3i l\u00e9tsz\u00e1m is b\u0151v\u00fclni fog\u201d \u2013 ismertette Maczelka M\u00e1rk, a SPAR kommunik\u00e1ci\u00f3s vezet\u0151je.<\/p>\n<p>A beruh\u00e1z\u00e1s sor\u00e1n \u00e1talakul az \u00e9p\u00fclet f\u0151homlokzata \u00e9s bels\u0151 tere is teljesen meg\u00fajul. Ez\u00e1ltal egy j\u00f3l \u00e1tl\u00e1that\u00f3, modern k\u00f6rnyezetben, k\u00f6zel n\u00e9gyezer n\u00e9gyzetm\u00e9teren v\u00e1logathatnak majd a v\u00e1s\u00e1rl\u00f3k a hipermarket t\u00f6bb mint 20 ezer term\u00e9ke k\u00f6z\u00f6tt. Az \u00faj szolg\u00e1ltat\u00e1sok k\u00f6z\u00f6tt igazi k\u00fcl\u00f6nlegess\u00e9gnek \u00edg\u00e9rkezik a SPAR toGo \u00e9tterem, ahol frissen k\u00e9sz\u00fclt meleg \u00e9teleket, pizz\u00e1kat, grill\u00e9teleket, s\u00fclteket, z\u00f6lds\u00e9geket, sajtokat, szendvicseket, sal\u00e1t\u00e1kat, \u00e9s \u00fcd\u00edt\u0151ket v\u00e1s\u00e1rolhatnak az \u00e1ruh\u00e1zba bet\u00e9r\u0151k.<\/p><div id=\"gazda-3215686873\" class=\"gazda-tartalomban gazda-entity-placement\"><script async src=\"https:\/\/pagead2.googlesyndication.com\/pagead\/js\/adsbygoogle.js\"><\/script>\r\n<ins class=\"adsbygoogle\"\r\n     style=\"display:block\"\r\n     data-ad-format=\"fluid\"\r\n     data-ad-layout-key=\"-6t+ed+2i-1n-4w\"\r\n     data-ad-client=\"ca-pub-1959107119989764\"\r\n     data-ad-slot=\"4008251320\"><\/ins>\r\n<script>\r\n     (adsbygoogle = window.adsbygoogle || []).push({});\r\n<\/script><\/div>\n<p>Az \u00e9p\u00fclet a kor\u00e1bbiakhoz k\u00e9pest j\u00f3val energiatakar\u00e9kosabb lesz: a bels\u0151 tereket kis fogyaszt\u00e1s\u00fa LED l\u00e1mp\u00e1k vil\u00e1g\u00edtj\u00e1k meg, a szakemberek k\u00f6rnyezetbar\u00e1t, sz\u00e9n-dioxidos h\u0171t\u0151k\u00f6zeggel m\u0171k\u00f6d\u0151 kereskedelmi h\u0171t\u00e9st szerelnek be. A v\u00e1s\u00e1rl\u00f3kat mozg\u00f3j\u00e1rd\u00e1k sz\u00e1ll\u00edtj\u00e1k majd a parkol\u00f3 szintr\u0151l a shopter\u00fclethez. A megval\u00f3sul\u00f3 fejleszt\u00e9ssel az aktu\u00e1lis vev\u0151i ig\u00e9nyeket szem el\u0151tt tart\u00f3, innovat\u00edv k\u00f6rnyezetet alak\u00edtanak ki, ahol a v\u00e1s\u00e1rl\u00e1s val\u00f3di \u00e9lm\u00e9nyt ny\u00fajt majd.<\/p>\n<p>A fel\u00faj\u00edt\u00e1s alatt a hipermarket z\u00e1rva tart. Az \u00e1ruh\u00e1z 2017. december elej\u00e9t\u0151l v\u00e1rja \u00fajra v\u00e1s\u00e1rl\u00f3it a kor\u00e1bban megszokott nyitva tart\u00e1si rend szerint.<\/p>\n","protected":false},"excerpt":{"rendered":"<p>T\u00f6bb mint 2,5 milli\u00e1rd forintb\u00f3l moderniz\u00e1lja a SPAR Magyarorsz\u00e1g a tatab\u00e1nyai INTERSPAR \u00e1ruh\u00e1zat. A 2000-ben megnyitott hipermarket az \u00e1talak\u00edt\u00e1s alatt z\u00e1rva tart, a v\u00e1s\u00e1rl\u00f3k v\u00e1rhat\u00f3an december elej\u00e9n vehetik ism\u00e9t birtoka a k\u00edv\u00fcl-bel\u00fcl megsz\u00e9p\u00fclt, b\u0151v\u00fcl\u0151 szolg\u00e1ltat\u00e1sokkal \u00fajranyit\u00f3 \u00e1ruh\u00e1zat.<\/p>\n","protected":false},"author":1,"featured_media":0,"comment_status":"closed","ping_status":"open","sticky":false,"template":"","format":"standard","meta":[],"categories":[19],"tags":[],"_links":{"self":[{"href":"https:\/\/gazdasagportal.hu\/index.php\/wp-json\/wp\/v2\/posts\/95881"}],"collection":[{"href":"https:\/\/gazdasagportal.hu\/index.php\/wp-json\/wp\/v2\/posts"}],"about":[{"href":"https:\/\/gazdasagportal.hu\/index.php\/wp-json\/wp\/v2\/types\/post"}],"author":[{"embeddable":true,"href":"https:\/\/gazdasagportal.hu\/index.php\/wp-json\/wp\/v2\/users\/1"}],"replies":[{"embeddable":true,"href":"https:\/\/gazdasagportal.hu\/index.php\/wp-json\/wp\/v2\/comments?post=95881"}],"version-history":[{"count":1,"href":"https:\/\/gazdasagportal.hu\/index.php\/wp-json\/wp\/v2\/posts\/95881\/revisions"}],"predecessor-version":[{"id":95882,"href":"https:\/\/gazdasagportal.hu\/index.php\/wp-json\/wp\/v2\/posts\/95881\/revisions\/95882"}],"wp:attachment":[{"href":"https:\/\/gazdasagportal.hu\/index.php\/wp-json\/wp\/v2\/media?parent=95881"}],"wp:term":[{"taxonomy":"category","embeddable":true,"href":"https:\/\/gazdasagportal.hu\/index.php\/wp-json\/wp\/v2\/categories?post=95881"},{"taxonomy":"post_tag","embeddable":true,"href":"https:\/\/gazdasagportal.hu\/index.php\/wp-json\/wp\/v2\/tags?post=95881"}],"curies":[{"name":"wp","href":"https:\/\/api.w.org\/{rel}","templated":true}]}}