{"id":95877,"date":"2017-07-27T15:30:07","date_gmt":"2017-07-27T13:30:07","guid":{"rendered":"http:\/\/gazdasagportal.hu\/?p=95877"},"modified":"2017-07-27T15:30:07","modified_gmt":"2017-07-27T13:30:07","slug":"ismet-melegszik-az-ido-az-utolso-juliusi-hetvegen","status":"publish","type":"post","link":"https:\/\/gazdasagportal.hu\/index.php\/ismet-melegszik-az-ido-az-utolso-juliusi-hetvegen\/","title":{"rendered":"Ism\u00e9t melegszik az id\u0151 az utols\u00f3 j\u00faliusi h\u00e9tv\u00e9g\u00e9n"},"content":{"rendered":"<p><strong>Fokozatosan melegszik a leveg\u0151 a k\u00f6vetkez\u0151 napokban: egyre t\u00f6bbfel\u00e9 v\u00e1rhat\u00f3k 30 Celsius-fok k\u00f6r\u00fcli maximumok. Emellett ism\u00e9t egyre t\u00f6bb lesz a naps\u00fct\u00e9s is, de helyenk\u00e9nt z\u00e1porok, ak\u00e1r zivatarok is lehetnek &#8211; der\u00fcl ki az Orsz\u00e1gos Meteorol\u00f3giai Szolg\u00e1lat cs\u00fct\u00f6rt\u00f6k\u00f6n az MTI-hez eljuttatott orsz\u00e1gos, k\u00f6z\u00e9pt\u00e1v\u00fa el\u0151rejelz\u00e9s\u00e9b\u0151l.<\/strong><!--more--><\/p>\n<div class=\"ads-in-post1\"><div id=\"gazdasagportal.hu_fullbanner_wideboard\"><\/div>\r\n<\/div>\n<p>    P\u00e9nteken orsz\u00e1gszerte t\u00f6bb\u00f3r\u00e1s naps\u00fct\u00e9s val\u00f3sz\u00edn\u0171, emellett els\u0151sorban az \u00e9szaki megy\u00e9kben (\u00c9szak-Dun\u00e1nt\u00falon, az \u00c9szaki-k\u00f6z\u00e9phegys\u00e9gben) helyenk\u00e9nt z\u00e1por, n\u00e9hol zivatar is kialakulhat. Ink\u00e1bb csak \u00e9szakon er\u0151s\u00f6dhet meg \u00e1tmenetileg a sz\u00e9l. A legalacsonyabb h\u0151m\u00e9rs\u00e9klet 12-17, a legmagasabb h\u0151m\u00e9rs\u00e9klet 25-30 k\u00f6z\u00f6tt v\u00e1rhat\u00f3.<br \/>\n    Szombaton sok naps\u00fct\u00e9s v\u00e1rhat\u00f3, csapad\u00e9k nem val\u00f3sz\u00edn\u0171. A leghidegebb \u00f3r\u00e1kban 13-18 fok lehet. Napk\u00f6zben 26-31 fokig melegszik a leveg\u0151.<br \/>\n    Vas\u00e1rnap a t\u00f6bb\u00f3r\u00e1s naps\u00fct\u00e9s mellett er\u0151teljesebb lesz a gomolyfelh\u0151-k\u00e9pz\u0151d\u00e9s, amelyb\u0151l elsz\u00f3rtan &#8211; f\u0151k\u00e9nt nyugaton \u00e9s \u00e9szakon &#8211; z\u00e1por, zivatar is kialakulhat. A zivatarokat \u00e1tmenetileg viharos sz\u00e9ll\u00f6k\u00e9sek is k\u00eds\u00e9rhetik, de zivatarokt\u00f3l f\u00fcggetlen\u00fcl is meger\u0151s\u00f6dik az \u00c9szak-Dun\u00e1nt\u00falon a d\u00e9lkeleti sz\u00e9l. A minimumh\u0151m\u00e9rs\u00e9klet 15-20 fok k\u00f6z\u00f6tt val\u00f3sz\u00edn\u0171. A nappali maximumok v\u00e1rhat\u00f3an 29-34 fok k\u00f6z\u00f6tt alakulnak &#8211; olvashat\u00f3 az el\u0151rejelz\u00e9sben.(MTI)<\/p>\n","protected":false},"excerpt":{"rendered":"<p>Fokozatosan melegszik a leveg\u0151 a k\u00f6vetkez\u0151 napokban: egyre t\u00f6bbfel\u00e9 v\u00e1rhat\u00f3k 30 Celsius-fok k\u00f6r\u00fcli maximumok. Emellett ism\u00e9t egyre t\u00f6bb lesz a naps\u00fct\u00e9s is, de helyenk\u00e9nt z\u00e1porok, ak\u00e1r zivatarok is lehetnek &#8211; der\u00fcl ki az Orsz\u00e1gos Meteorol\u00f3giai Szolg\u00e1lat cs\u00fct\u00f6rt\u00f6k\u00f6n az MTI-hez eljuttatott orsz\u00e1gos, k\u00f6z\u00e9pt\u00e1v\u00fa el\u0151rejelz\u00e9s\u00e9b\u0151l.<\/p>\n","protected":false},"author":1,"featured_media":0,"comment_status":"closed","ping_status":"open","sticky":false,"template":"","format":"standard","meta":[],"categories":[4],"tags":[],"_links":{"self":[{"href":"https:\/\/gazdasagportal.hu\/index.php\/wp-json\/wp\/v2\/posts\/95877"}],"collection":[{"href":"https:\/\/gazdasagportal.hu\/index.php\/wp-json\/wp\/v2\/posts"}],"about":[{"href":"https:\/\/gazdasagportal.hu\/index.php\/wp-json\/wp\/v2\/types\/post"}],"author":[{"embeddable":true,"href":"https:\/\/gazdasagportal.hu\/index.php\/wp-json\/wp\/v2\/users\/1"}],"replies":[{"embeddable":true,"href":"https:\/\/gazdasagportal.hu\/index.php\/wp-json\/wp\/v2\/comments?post=95877"}],"version-history":[{"count":1,"href":"https:\/\/gazdasagportal.hu\/index.php\/wp-json\/wp\/v2\/posts\/95877\/revisions"}],"predecessor-version":[{"id":95878,"href":"https:\/\/gazdasagportal.hu\/index.php\/wp-json\/wp\/v2\/posts\/95877\/revisions\/95878"}],"wp:attachment":[{"href":"https:\/\/gazdasagportal.hu\/index.php\/wp-json\/wp\/v2\/media?parent=95877"}],"wp:term":[{"taxonomy":"category","embeddable":true,"href":"https:\/\/gazdasagportal.hu\/index.php\/wp-json\/wp\/v2\/categories?post=95877"},{"taxonomy":"post_tag","embeddable":true,"href":"https:\/\/gazdasagportal.hu\/index.php\/wp-json\/wp\/v2\/tags?post=95877"}],"curies":[{"name":"wp","href":"https:\/\/api.w.org\/{rel}","templated":true}]}}