{"id":95767,"date":"2017-07-25T11:52:32","date_gmt":"2017-07-25T09:52:32","guid":{"rendered":"http:\/\/gazdasagportal.hu\/?p=95767"},"modified":"2017-07-25T11:52:32","modified_gmt":"2017-07-25T09:52:32","slug":"cnn-feltehetoleg-az-orosz-kormanytol-kaptak-fegyvereket-a-talibok-afganisztanban","status":"publish","type":"post","link":"https:\/\/gazdasagportal.hu\/index.php\/cnn-feltehetoleg-az-orosz-kormanytol-kaptak-fegyvereket-a-talibok-afganisztanban\/","title":{"rendered":"CNN: feltehet\u0151leg az orosz korm\u00e1nyt\u00f3l kaptak fegyvereket a t\u00e1libok Afganiszt\u00e1nban"},"content":{"rendered":"<p><strong>Az afganiszt\u00e1ni t\u00e1libok az eddigi fegyvereikn\u00e9l jobbakat kaphattak Afganiszt\u00e1nban, feltehet\u0151leg az orosz korm\u00e1nyt\u00f3l &#8211; jelentette h\u00e9tf\u0151n a CNN amerikai h\u00edrt\u00e9v\u00e9 a birtok\u00e1ba jutott k\u00e9t videofelv\u00e9telre alapozva.<\/strong><!--more--><\/p>\n<div class=\"ads-in-post1\"><div id=\"gazdasagportal.hu_fullbanner_wideboard\"><\/div>\r\n<\/div>\n<p>    A vide\u00f3k tov\u00e1bb er\u0151s\u00edtik az afg\u00e1n \u00e9s az amerikai tisztvisel\u0151ik azon v\u00e1djait, miszerint Moszkva l\u00e1tja el fegyverekkel l\u00e1zad\u00f3kat a h\u00e1bor\u00fa s\u00fajtotta orsz\u00e1gban.<br \/>\n    Amerikai t\u00e1bornokok id\u00e9n \u00e1prilisban \u00e1lltak el\u0151 azzal a felt\u00e9telez\u00e9ssel, hogy az orosz korm\u00e1ny keresi a m\u00f3dj\u00e1t az afg\u00e1n felkel\u0151k felfegyverz\u00e9s\u00e9nek, de ezen \u00e1ll\u00edt\u00e1sokat a harct\u00e9ren k\u00e9sz\u00fclt felv\u00e9telekb\u0151l nehezen lehetett al\u00e1t\u00e1masztani.<br \/>\n    A CNN \u00e1ltal megszerzett legut\u00f3bbi felv\u00e9teleken olyan mesterl\u00f6v\u00e9szpusk\u00e1t, Kalasnyikov g\u00e9pkarab\u00e9ly-v\u00e1ltozatokat \u00e9s neh\u00e9zg\u00e9ppusk\u00e1kat lehet l\u00e1tni, amelyeken fegyverszak\u00e9rt\u0151k szerint elt\u00fcntett\u00e9k az azonos\u00edt\u00f3jeleket. K\u00e9t k\u00fcl\u00f6nb\u00f6z\u0151 t\u00e1lib csoportnak &#8211; az egyiknek az orsz\u00e1g \u00e9szaki, a m\u00e1siknak a nyugati r\u00e9sz\u00e9n &#8211; van olyan fegyvere, amely orosz korm\u00e1nyzati forr\u00e1sb\u00f3l juthatott hozz\u00e1juk &#8211; k\u00f6z\u00f6lte a t\u00e9v\u00e9.<br \/>\n    Egy szakad\u00e1r t\u00e1lib csoport Her\u00e1t v\u00e1ros k\u00f6rny\u00e9k\u00e9n azt \u00e1ll\u00edtotta, hogy a fegyvereket egy riv\u00e1lis, jelent\u0151sebb t\u00e1lib csoport legy\u0151z\u00e9s\u00e9vel szerezte meg. Ez ut\u00f3bbi csoport a fegyvereket Oroszorsz\u00e1gb\u00f3l kapta Ir\u00e1non kereszt\u00fcl, hogy az Iszl\u00e1m \u00c1llam dzsihadista szervezet ellen harcoljon vel\u00fck. Egy m\u00e1sik csoport azzal \u00e1llt el\u0151, hogy a fegyverek ingyen ker\u00fcltek birtokukba a t\u00e1dzsik hat\u00e1ron \u00e1t, \u00e9s &#8222;az oroszokt\u00f3l&#8221; sz\u00e1rmaznak.<br \/>\n    A CNN elismeri, hogy a vide\u00f3k nem bizony\u00edtj\u00e1k k\u00e9ts\u00e9gbevonhatatlanul a sz\u00f3ban forg\u00f3 fegyverek ilyen viszonylat\u00fa \u00e1raml\u00e1s\u00e1t, r\u00e1ad\u00e1sul Moszkva hat\u00e1rozottan tagadja, hogy r\u00e9sze volna benne. Mindazon\u00e1ltal afg\u00e1n \u00e9s amerikai tiszts\u00e9gvisel\u0151ket nagyon aggasztj\u00e1k Moszkva felt\u00e9telezett afganiszt\u00e1ni sz\u00e1nd\u00e9kai &#8211; tette hozz\u00e1 a t\u00e9v\u00e9.<br \/>\n    Szedik Szediki, az afg\u00e1n korm\u00e1ny sz\u00f3viv\u0151je kijelentette: az oroszok azt mondt\u00e1k, kapcsolatot tartanak fenn a t\u00e1libokkal, \u00e9s nagyon sok jelent\u00e9s sz\u00f3l arr\u00f3l, hogy \u0151k l\u00e1tj\u00e1k el fegyverekkel a t\u00e1libokat. &#8222;Titkosszolg\u00e1lataink ez\u00e9rt azon vannak, hogy kider\u00edts\u00e9k, milyen szint\u0171 ez a t\u00e1mogat\u00e1s&#8221; &#8211; tette hozz\u00e1.<br \/>\n    Egy m\u00e1sik afg\u00e1n tiszts\u00e9gvisel\u0151 arr\u00f3l sz\u00e1molt be, hogy Kabulban bizonyosak az oroszok \u00e9s a t\u00e1libok k\u00f6zti fegyverkereskedelem fel\u0151l.<br \/>\n    Az orosz k\u00fcl\u00fcgyminiszt\u00e9rium elz\u00e1rk\u00f3zott att\u00f3l, hogy komment\u00e1lja a CNN k\u00f6vetkeztet\u00e9seit. Kor\u00e1bban azonban a t\u00e1libok felfegyverz\u00e9s\u00e9r\u0151l sz\u00f3l\u00f3 h\u00edreket &#8222;teljesen hamisaknak&#8221; min\u0151s\u00edtett\u00e9k, ezek szerint\u00fck csak azt a c\u00e9lt szolg\u00e1lj\u00e1k, hogy elfedj\u00e9k az Egyes\u00fclt \u00c1llamok kudarc\u00e1t Afganiszt\u00e1nban. Moszkva csup\u00e1n a b\u00e9ket\u00e1rgyal\u00e1sok el\u0151remozd\u00edt\u00e1sa miatt t\u00e1rgyal a t\u00e1libokkal &#8211; \u00e1ll\u00edtott\u00e1k.<br \/>\n    Fegyverszak\u00e9rt\u0151k tanulm\u00e1nyozt\u00e1k a vide\u00f3kon l\u00e1that\u00f3 fegyvereket, \u00e9s azt mondt\u00e1k, nehezen lehet \u0151ket k\u00f6zvetlen\u00fcl az orosz \u00e1llamhoz kapcsolni. Nem k\u00fcl\u00f6n\u00f6sen korszer\u0171ek vagy ritk\u00e1k, n\u00e9melyek k\u00ednai gy\u00e1rtm\u00e1ny\u00faak, amelyek az interneten is beszerezhet\u0151k. Meg\u00e1llap\u00edtott\u00e1k ugyanakkor, hogy nincs rajtuk a gy\u00e1rt\u00f3i azonos\u00edt\u00e1s, ott, ahol szokott lenni &#8211; k\u00f6z\u00f6lte a CNN.(MTI)<\/p>\n","protected":false},"excerpt":{"rendered":"<p>Az afganiszt\u00e1ni t\u00e1libok az eddigi fegyvereikn\u00e9l jobbakat kaphattak Afganiszt\u00e1nban, feltehet\u0151leg az orosz korm\u00e1nyt\u00f3l &#8211; jelentette h\u00e9tf\u0151n a CNN amerikai h\u00edrt\u00e9v\u00e9 a birtok\u00e1ba jutott k\u00e9t videofelv\u00e9telre alapozva.<\/p>\n","protected":false},"author":1,"featured_media":0,"comment_status":"closed","ping_status":"open","sticky":false,"template":"","format":"standard","meta":[],"categories":[12,246],"tags":[],"_links":{"self":[{"href":"https:\/\/gazdasagportal.hu\/index.php\/wp-json\/wp\/v2\/posts\/95767"}],"collection":[{"href":"https:\/\/gazdasagportal.hu\/index.php\/wp-json\/wp\/v2\/posts"}],"about":[{"href":"https:\/\/gazdasagportal.hu\/index.php\/wp-json\/wp\/v2\/types\/post"}],"author":[{"embeddable":true,"href":"https:\/\/gazdasagportal.hu\/index.php\/wp-json\/wp\/v2\/users\/1"}],"replies":[{"embeddable":true,"href":"https:\/\/gazdasagportal.hu\/index.php\/wp-json\/wp\/v2\/comments?post=95767"}],"version-history":[{"count":1,"href":"https:\/\/gazdasagportal.hu\/index.php\/wp-json\/wp\/v2\/posts\/95767\/revisions"}],"predecessor-version":[{"id":95769,"href":"https:\/\/gazdasagportal.hu\/index.php\/wp-json\/wp\/v2\/posts\/95767\/revisions\/95769"}],"wp:attachment":[{"href":"https:\/\/gazdasagportal.hu\/index.php\/wp-json\/wp\/v2\/media?parent=95767"}],"wp:term":[{"taxonomy":"category","embeddable":true,"href":"https:\/\/gazdasagportal.hu\/index.php\/wp-json\/wp\/v2\/categories?post=95767"},{"taxonomy":"post_tag","embeddable":true,"href":"https:\/\/gazdasagportal.hu\/index.php\/wp-json\/wp\/v2\/tags?post=95767"}],"curies":[{"name":"wp","href":"https:\/\/api.w.org\/{rel}","templated":true}]}}