{"id":95683,"date":"2017-07-23T04:47:13","date_gmt":"2017-07-23T02:47:13","guid":{"rendered":"http:\/\/gazdasagportal.hu\/?p=95683"},"modified":"2017-07-22T21:18:37","modified_gmt":"2017-07-22T19:18:37","slug":"hoseg-vasarnap-orszagszerte-lehetnek-intenziv-esozesek","status":"publish","type":"post","link":"https:\/\/gazdasagportal.hu\/index.php\/hoseg-vasarnap-orszagszerte-lehetnek-intenziv-esozesek\/","title":{"rendered":"H\u0151s\u00e9g &#8211; Vas\u00e1rnap orsz\u00e1gszerte lehetnek intenz\u00edv es\u0151z\u00e9sek"},"content":{"rendered":"<p><strong>A h\u0151s\u00e9g mellett vas\u00e1rnap orsz\u00e1gszerte lehet intenz\u00edv es\u0151z\u00e9s.<\/strong><!--more--><\/p>\n<div class=\"ads-in-post1\"><div id=\"gazdasagportal.hu_fullbanner_wideboard\"><\/div>\r\n<\/div>\n<p>    Az Orsz\u00e1gos Meteorol\u00f3giai Szolg\u00e1lat szombaton az MTI-hez eljuttatott vesz\u00e9lyjelz\u00e9s\u00e9ben azt \u00edrta: vas\u00e1rnap d\u00e9lel\u0151tt \u00e9szaknyugaton, valamint az \u00e9szaki, \u00e9szakkeleti orsz\u00e1gr\u00e9szben v\u00e1rhat\u00f3 nagyobb es\u00e9llyel zivatar. A d\u00e9li megy\u00e9kben kisebb a csapad\u00e9k val\u00f3sz\u00edn\u0171s\u00e9ge.<br \/>\n    A felh\u0151szakad\u00e1s vesz\u00e9lye miatt Baranya, Csongr\u00e1d \u00e9s B\u00e9k\u00e9s megye kiv\u00e9tel\u00e9vel az eg\u00e9sz orsz\u00e1gra els\u0151fok\u00fa figyelmeztet\u00e9st adtak ki vas\u00e1rnapra.<br \/>\n    Emellett Budapestre \u00e9s Pest, tov\u00e1bb\u00e1 Borsod-Aba\u00faj-Zempl\u00e9n, Fej\u00e9r, Gy\u0151r-Moson-Sopron, Heves, Kom\u00e1rom-Esztergom, N\u00f3gr\u00e1d, Vas, Veszpr\u00e9m \u00e9s Zala megy\u00e9re a heves zivatar miatt is els\u0151fok\u00fa figyelmeztet\u00e9st adtak ki.<br \/>\n    Ezzel egy\u00fctt m\u00e9g nem enyh\u00fcl a h\u0151s\u00e9g. A legalacsonyabb h\u0151m\u00e9rs\u00e9klet 16-22, a legmagasabb h\u0151m\u00e9rs\u00e9klet 30-36 fok k\u00f6z\u00f6tt v\u00e1rhat\u00f3.<br \/>\n    Kiemelt\u00e9k: az orsz\u00e1g nagyobbik, d\u00e9lkeleti fel\u00e9n 25, 26 fok k\u00f6r\u00fcli, f\u0151k\u00e9nt a Tisz\u00e1nt\u00falon \u00e9s a D\u00e9l-Alf\u00f6ld\u00f6n 27 fok feletti k\u00f6z\u00e9ph\u0151m\u00e9rs\u00e9klet v\u00e1rhat\u00f3. A tart\u00f3s h\u0151s\u00e9g vesz\u00e9lye miatt B\u00e1cs-Kiskun, B\u00e9k\u00e9s, Csongr\u00e1d, Hajd\u00fa-Bihar \u00e9s J\u00e1sz-Nagykun-Szolnok megy\u00e9re m\u00e1sodfok\u00fa, Budapestre \u00e9s Pest, valamint Baranya, Borsod-Aba\u00faj-Zempl\u00e9n, Fej\u00e9r, Heves, Kom\u00e1rom-Esztergom, Somogy, Szabolcs-Szatm\u00e1r-Bereg, Tolna, Veszpr\u00e9m \u00e9s Zala megy\u00e9re els\u0151fok\u00fa figyelmeztet\u00e9st adott ki vas\u00e1rnapra a meteorol\u00f3giai szolg\u00e1lat.(MTI)<\/p>\n","protected":false},"excerpt":{"rendered":"<p>A h\u0151s\u00e9g mellett vas\u00e1rnap orsz\u00e1gszerte lehet intenz\u00edv es\u0151z\u00e9s.<\/p>\n","protected":false},"author":1,"featured_media":0,"comment_status":"closed","ping_status":"open","sticky":false,"template":"","format":"standard","meta":[],"categories":[4],"tags":[],"_links":{"self":[{"href":"https:\/\/gazdasagportal.hu\/index.php\/wp-json\/wp\/v2\/posts\/95683"}],"collection":[{"href":"https:\/\/gazdasagportal.hu\/index.php\/wp-json\/wp\/v2\/posts"}],"about":[{"href":"https:\/\/gazdasagportal.hu\/index.php\/wp-json\/wp\/v2\/types\/post"}],"author":[{"embeddable":true,"href":"https:\/\/gazdasagportal.hu\/index.php\/wp-json\/wp\/v2\/users\/1"}],"replies":[{"embeddable":true,"href":"https:\/\/gazdasagportal.hu\/index.php\/wp-json\/wp\/v2\/comments?post=95683"}],"version-history":[{"count":1,"href":"https:\/\/gazdasagportal.hu\/index.php\/wp-json\/wp\/v2\/posts\/95683\/revisions"}],"predecessor-version":[{"id":95684,"href":"https:\/\/gazdasagportal.hu\/index.php\/wp-json\/wp\/v2\/posts\/95683\/revisions\/95684"}],"wp:attachment":[{"href":"https:\/\/gazdasagportal.hu\/index.php\/wp-json\/wp\/v2\/media?parent=95683"}],"wp:term":[{"taxonomy":"category","embeddable":true,"href":"https:\/\/gazdasagportal.hu\/index.php\/wp-json\/wp\/v2\/categories?post=95683"},{"taxonomy":"post_tag","embeddable":true,"href":"https:\/\/gazdasagportal.hu\/index.php\/wp-json\/wp\/v2\/tags?post=95683"}],"curies":[{"name":"wp","href":"https:\/\/api.w.org\/{rel}","templated":true}]}}