{"id":95681,"date":"2017-07-23T08:13:52","date_gmt":"2017-07-23T06:13:52","guid":{"rendered":"http:\/\/gazdasagportal.hu\/?p=95681"},"modified":"2017-07-22T21:14:53","modified_gmt":"2017-07-22T19:14:53","slug":"szakerto-aszad-nelkul-elkepzelhetetlen-a-rendezes-sziriaban","status":"publish","type":"post","link":"https:\/\/gazdasagportal.hu\/index.php\/szakerto-aszad-nelkul-elkepzelhetetlen-a-rendezes-sziriaban\/","title":{"rendered":"Szak\u00e9rt\u0151: Aszad n\u00e9lk\u00fcl elk\u00e9pzelhetetlen a rendez\u00e9s Sz\u00edri\u00e1ban"},"content":{"rendered":"<p><strong>A Honv\u00e9d Vez\u00e9rkar Tudom\u00e1nyos Kutat\u00f3hely\u00e9nek vezet\u0151je szerint jelenleg nem k\u00e9pzelhet\u0151 el rendez\u00e9s Sz\u00edri\u00e1ban Bass\u00e1r el-Aszad sz\u00edr eln\u00f6k n\u00e9lk\u00fcl, az amerikaiaknak is tudom\u00e1sul kell venni\u00fck, hogy nem tudj\u00e1k elmozd\u00edtani, mert m\u00f6g\u00f6tte \u00e1ll Oroszorsz\u00e1g, Ir\u00e1n \u00e9s a Hezbollah.<\/strong><!--more--><\/p>\n<div class=\"ads-in-post1\"><div id=\"gazdasagportal.hu_fullbanner_wideboard\"><\/div>\r\n<\/div>\n<p>    Beseny\u0151 J\u00e1nos az M1 aktu\u00e1lis csatorn\u00e1n szombaton azt mondta, nem jelenthet\u0151 ki, hogy Bass\u00e1r el-Aszad &#8222;meg\u00faszta&#8221;, de n\u00e9lk\u00fcle nem k\u00e9pzelhet\u0151 el rendez\u00e9s a t\u00e9rs\u00e9gben, mert az oroszok nem hagyn\u00e1k veszni azt az &#8222;id\u0151t, energi\u00e1t, p\u00e9nzt&#8221;, amelyet befektettek az Aszad-csal\u00e1dba t\u00f6bb mint \u00f6tven \u00e9ve, a tengeri kik\u00f6t\u0151t, a repteret \u00e9s a helyi \u00e9rdekelts\u00e9geket.<br \/>\n    Azt mondta, hogy b\u00e1r felmer\u00fclt Sz\u00edria h\u00e1rom r\u00e9szre oszt\u00e1sa, ez leker\u00fclt a napirendr\u0151l, jelenleg arr\u00f3l van sz\u00f3, hogy k\u00f6zvet\u00edt\u00e9ssel megpr\u00f3b\u00e1lj\u00e1k az ellenz\u00e9ket az eln\u00f6kkel egy asztalhoz \u00fcltetni, \u00faj alkotm\u00e1nyt l\u00e9trehozni, esetleg v\u00e1laszt\u00e1sokat ki\u00edrni.<br \/>\n    Beseny\u0151 J\u00e1nos szerint a kurdok korl\u00e1tozott auton\u00f3mi\u00e1t el\u00e9rhetnek, de a f\u00fcggetlens\u00e9ghez &#8222;t\u00f6bb kell, mint ami jelenleg rendelkez\u00e9s\u00fckre \u00e1ll&#8221;.(MTI)<\/p>\n","protected":false},"excerpt":{"rendered":"<p>A Honv\u00e9d Vez\u00e9rkar Tudom\u00e1nyos Kutat\u00f3hely\u00e9nek vezet\u0151je szerint jelenleg nem k\u00e9pzelhet\u0151 el rendez\u00e9s Sz\u00edri\u00e1ban Bass\u00e1r el-Aszad sz\u00edr eln\u00f6k n\u00e9lk\u00fcl, az amerikaiaknak is tudom\u00e1sul kell venni\u00fck, hogy nem tudj\u00e1k elmozd\u00edtani, mert m\u00f6g\u00f6tte \u00e1ll Oroszorsz\u00e1g, Ir\u00e1n \u00e9s a Hezbollah.<\/p>\n","protected":false},"author":1,"featured_media":0,"comment_status":"closed","ping_status":"open","sticky":false,"template":"","format":"standard","meta":[],"categories":[16],"tags":[],"_links":{"self":[{"href":"https:\/\/gazdasagportal.hu\/index.php\/wp-json\/wp\/v2\/posts\/95681"}],"collection":[{"href":"https:\/\/gazdasagportal.hu\/index.php\/wp-json\/wp\/v2\/posts"}],"about":[{"href":"https:\/\/gazdasagportal.hu\/index.php\/wp-json\/wp\/v2\/types\/post"}],"author":[{"embeddable":true,"href":"https:\/\/gazdasagportal.hu\/index.php\/wp-json\/wp\/v2\/users\/1"}],"replies":[{"embeddable":true,"href":"https:\/\/gazdasagportal.hu\/index.php\/wp-json\/wp\/v2\/comments?post=95681"}],"version-history":[{"count":1,"href":"https:\/\/gazdasagportal.hu\/index.php\/wp-json\/wp\/v2\/posts\/95681\/revisions"}],"predecessor-version":[{"id":95682,"href":"https:\/\/gazdasagportal.hu\/index.php\/wp-json\/wp\/v2\/posts\/95681\/revisions\/95682"}],"wp:attachment":[{"href":"https:\/\/gazdasagportal.hu\/index.php\/wp-json\/wp\/v2\/media?parent=95681"}],"wp:term":[{"taxonomy":"category","embeddable":true,"href":"https:\/\/gazdasagportal.hu\/index.php\/wp-json\/wp\/v2\/categories?post=95681"},{"taxonomy":"post_tag","embeddable":true,"href":"https:\/\/gazdasagportal.hu\/index.php\/wp-json\/wp\/v2\/tags?post=95681"}],"curies":[{"name":"wp","href":"https:\/\/api.w.org\/{rel}","templated":true}]}}