{"id":95679,"date":"2017-07-22T19:19:11","date_gmt":"2017-07-22T17:19:11","guid":{"rendered":"http:\/\/gazdasagportal.hu\/?p=95679"},"modified":"2017-07-22T19:19:11","modified_gmt":"2017-07-22T17:19:11","slug":"orban-a-jovo-evi-valasztas-tetje-hogy-vegre-tudjak-e-hajtani-a-soros-tervet-le-tudjak-e-bontani-a-keritest","status":"publish","type":"post","link":"https:\/\/gazdasagportal.hu\/index.php\/orban-a-jovo-evi-valasztas-tetje-hogy-vegre-tudjak-e-hajtani-a-soros-tervet-le-tudjak-e-bontani-a-keritest\/","title":{"rendered":"Orb\u00e1n: a j\u00f6v\u0151 \u00e9vi v\u00e1laszt\u00e1s t\u00e9tje, hogy v\u00e9gre tudj\u00e1k-e hajtani a Soros-tervet, le tudj\u00e1k-e bontani a ker\u00edt\u00e9st"},"content":{"rendered":"<p><strong>A magyarorsz\u00e1gi v\u00e1laszt\u00e1soknak most eur\u00f3pai t\u00e9tje is van: ennek kimenetel\u00e9t\u0151l f\u00fcgg, hogy v\u00e9gre tudj\u00e1k-e hajtani a Soros-tervet, le tudj\u00e1k-e bontani a ker\u00edt\u00e9st &#8211; hangs\u00falyozta Orb\u00e1n Viktor szombaton Tusn\u00e1df\u00fcrd\u0151n, a 28. B\u00e1lv\u00e1nyosi Ny\u00e1ri Szabadegyetem \u00e9s Di\u00e1kt\u00e1bor z\u00e1r\u00f3napj\u00e1n tartott el\u0151ad\u00e1s\u00e1ban.<\/strong><!--more--><\/p>\n<div class=\"ads-in-post1\"><div id=\"gazdasagportal.hu_fullbanner_wideboard\"><\/div>\r\n<\/div>\n<p>    A minisztereln\u00f6k a nagysz\u00ednpad el\u0151tt \u00f6sszegy\u0171lt hallgat\u00f3s\u00e1g\u00e1t arra b\u00edztatta, hogy ne csak a p\u00e1lya sz\u00e9l\u00e9r\u0151l szurkoljon, hanem regisztr\u00e1ljon \u00e9s voksoljon, mert a hat\u00e1ron t\u00fali magyar k\u00f6z\u00f6ss\u00e9gek megmarad\u00e1s\u00e1nak legfontosabb el\u0151felt\u00e9tele az er\u0151s anyaorsz\u00e1g, ez\u00e9rt is fontos, hogy ne az orsz\u00e1got gyeng\u00edt\u0151 p\u00e1rtok ker\u00fcljenek hatalomra.<br \/>\n    Orb\u00e1n Viktor az elm\u00falt egy \u00e9v legjelent\u0151sebb esem\u00e9nyek\u00e9nt \u00e9rt\u00e9kelte a visegr\u00e1di n\u00e9gyek (V4) meger\u0151s\u00f6d\u00e9s\u00e9t. \u00dagy fogalmazott: Vars\u00f3, Pr\u00e1ga, Pozsony \u00e9s Budapest egy hangon besz\u00e9l. Nagy dolog, hogy a &#8222;lelkes lengyelek, a mindig megfontolt csehek, a j\u00f3zan szlov\u00e1kok \u00e9s a romantikus magyarok&#8221; k\u00e9pesek egy nyelven besz\u00e9lni &#8211; v\u00e9lekedett.<br \/>\n    Az elm\u00falt \u00e9v v\u00e1ltoz\u00e1sainak m\u00e9rt\u00e9k\u00e9t azzal illusztr\u00e1lta, hogy m\u00edg Barack Obama volt amerikai eln\u00f6k 2009-ben els\u0151 k\u00fclf\u00f6ldi besz\u00e9d\u00e9t Kair\u00f3ban tartotta, Donald Trump mosatni amerikai eln\u00f6k Vars\u00f3t kereste fel, ahol azt mondta: &#8222;harcoljunk, mint a lengyelek, csal\u00e1d\u00e9rt, szabads\u00e1g\u00e9rt, orsz\u00e1g\u00e9rt \u00e9s Isten\u00e9rt&#8221;.<br \/>\n    Trump sz\u00ednre l\u00e9p\u00e9s\u00e9vel a glob\u00e1lisnak nevezett nemezetek feletti elit \u00e9s a hazafias nemzeti vezet\u0151k k\u00f6z\u00f6tti k\u00fczdelem v\u00e1lt \u00e9rz\u00e9kelhet\u0151v\u00e9, amelyben Magyarorsz\u00e1g a j\u00f3 oldalon, a hazafiak oldal\u00e1n \u00e1ll &#8211; tette hozz\u00e1.<br \/>\n    Egy hazafias korm\u00e1nyz\u00e1s c\u00e9lja csak a nemzet \u00e9s orsz\u00e1g meger\u0151s\u00edt\u00e9se lehet &#8211; jelentette ki, majd t\u00f6bb mint t\u00edz pontban fogalmazta meg egy er\u0151s \u00e1llam ism\u00e9rveit.<br \/>\n    Ezek k\u00f6z\u00f6tt eml\u00edtette, hogy legyen gazdas\u00e1gi n\u00f6veked\u00e9s, az orsz\u00e1g ne hitelb\u0151l \u00e9ljen, legyenek t\u00f6bbs\u00e9gi nemzeti tulajdonban a strat\u00e9giai \u00e1gazatok, \u00e9s mindenki dolgozhasson, aki dolgozni akar. Megjegyezte: Magyarorsz\u00e1g m\u00e1r k\u00f6r\u00fclbel\u00fcl ezer milli\u00e1rd forintot k\u00f6lt\u00f6tt a kor\u00e1bban oktalanul privatiz\u00e1lt strat\u00e9giai c\u00e9gek visszav\u00e1s\u00e1rl\u00e1s\u00e1ra \u00e9s m\u00edg 2010-ben 3,6 milli\u00f3 ember dolgozott \u00e9s 1,8 milli\u00f3 ad\u00f3zott, ma m\u00e1r 4,4 milli\u00f3 dolgozik \u00e9s ugyanennyi fizet ad\u00f3t.<br \/>\n    Kifejtette, hogy egy er\u0151s orsz\u00e1g eset\u00e9ben nem lehet besz\u00e9lni demogr\u00e1fiai hanyatl\u00e1sr\u00f3l, mert csak azok az orsz\u00e1gok maradnak fenn, amelyek biol\u00f3giailag k\u00e9pesek magukat fenntartani. Ahhoz, hogy Magyarorsz\u00e1g ilyen orsz\u00e1gg\u00e1 v\u00e1ljon, csal\u00e1donk\u00e9nt \u00e1tlagosan 2,1 gyerekre lenne sz\u00fcks\u00e9g.<br \/>\n    Az \u00e1llam ezt csak azzal seg\u00edtheti el\u0151, hogy csal\u00e1dbar\u00e1t k\u00f6rnyezetet teremt &#8211; magyar\u00e1zta. Magyarorsz\u00e1g a csal\u00e1dt\u00e1mogat\u00e1sra ford\u00edtott p\u00e9nzt a multikt\u00f3l veszi el: k\u00fcl\u00f6nb\u00f6z\u0151 k\u00fcl\u00f6nad\u00f3k form\u00e1j\u00e1ban &#8211; mutatott r\u00e1, ismertetve? a bankszektort\u00f3l 272, a biztos\u00edt\u00f3kt\u00f3l 31, az energiaszektort\u00f3l 120, a telekommunik\u00e1ci\u00f3s ipart\u00f3l 55 milli\u00e1rd forintnyi k\u00fcl\u00f6nad\u00f3t hajt be \u00e9vente a korm\u00e1ny. &#8222;A nagy profitok egy r\u00e9sz\u00e9t elvessz\u00fck, annak \u00e9rdek\u00e9ben, hogy odaadjuk azoknak, akik dolgoznak \u00e9s k\u00f6zben gyermeket nevelnek, \u00e9s \u00edgy gondoskodnak a nemzet j\u00f6v\u0151j\u00e9r\u0151l&#8221; &#8211; magyar\u00e1zta.<br \/>\n    Orb\u00e1n Viktor az er\u0151s \u00e1llam felt\u00e9telei k\u00f6z\u00f6tt eml\u00edtette a k\u00f6zbiztons\u00e1got, amely mag\u00e1ba foglalja a hat\u00e1rv\u00e9delmet \u00e9s a terrork\u00eds\u00e9rletek elh\u00e1r\u00edt\u00e1s\u00e1t. Fontosnak nevezte, a kultur\u00e1lis identit\u00e1s megtart\u00e1s\u00e1t, a j\u00f6v\u0151 magyars\u00e1g\u00e1nak egy k\u00f6z\u00f6ss\u00e9gbe val\u00f3 szervez\u00e9s\u00e9t.<br \/>\n    Magyarorsz\u00e1g csak akkor lehet er\u0151s, hogy &#8222;ha a vil\u00e1g b\u00e1rmely sark\u00e1ban r\u00e1l\u00e9pnek egy magyar l\u00e1b\u00e1ra, az\u00e9rt mert magyar, akkor Budapesten egy v\u00f6r\u00f6s l\u00e1mp\u00e1nak ki kell gyulladnia&#8221; &#8211; szeml\u00e9ltette Orb\u00e1n Viktor.<br \/>\n    Hangs\u00falyozta: a modern \u00e1llam felt\u00e9tele az is, hogy k\u00e9pes legyen vend\u00e9g\u00fcl l\u00e1tni a vil\u00e1g nagy rendezv\u00e9nyeit, Budapest \u00e9pp most bizony\u00edtja be mag\u00e1nak \u00e9s a vil\u00e1gnak, hogy nincs olyan rendezv\u00e9ny a foci vb-n k\u00edv\u00fcl, amit ne tudna vend\u00e9g\u00fcl l\u00e1tni.<br \/>\n    A minisztereln\u00f6k dimenzi\u00f3v\u00e1lt\u00e1st, ugr\u00e1sszer\u0171 fejl\u0151d\u00e9st l\u00e1t sz\u00fcks\u00e9gesnek a demogr\u00e1fiai k\u00e9rd\u00e9sben, a nemzetszervez\u00e9s &#8211; a K\u00e1rp\u00e1t-medencei magyars\u00e1g gazdas\u00e1gi erej\u00e9nek n\u00f6vel\u00e9se &#8211; \u00e9s a modern technol\u00f3gi\u00e1k gazdas\u00e1gi hasznos\u00edt\u00e1sa ter\u00e9n.<br \/>\n    A minisztereln\u00f6k Eur\u00f3pa j\u00f6v\u0151j\u00e9vel kapcsolatban kifejtette: a k\u00f6vetkez\u0151 \u00e9vtizedek vez\u00e9rk\u00e9rd\u00e9se az, hogy az Eur\u00f3paiak\u00e9 marad-e Eur\u00f3pa, ezen bel\u00fcl Magyarorsz\u00e1g a magyarok orsz\u00e1ga lesz-e.<br \/>\n    A magyar korm\u00e1ny \u00e1ltal megrendelt nemzetk\u00f6zi kutat\u00e1s eredm\u00e9nyeit ismertetve elmondta: az uni\u00f3s polg\u00e1rok 64 sz\u00e1zal\u00e9ka szerint a migr\u00e1ci\u00f3 n\u00f6veli a b\u0171n\u00f6z\u00e9st, 79 sz\u00e1zal\u00e9kuk szerint megv\u00e1ltoztatja a kult\u00far\u00e1t. Az eur\u00f3paiak 81 sz\u00e1zal\u00e9ka a bev\u00e1ndorl\u00e1st s\u00falyos k\u00e9rd\u00e9snek tekintik, amelynek megold\u00e1s\u00e1t 36 sz\u00e1zal\u00e9k Br\u00fcsszelt\u0151l, 51 sz\u00e1zal\u00e9ka a nemzet\u00e1llamokt\u00f3l v\u00e1rja. A magyarok 25 sz\u00e1zal\u00e9ka adna t\u00f6bb hatalmat Br\u00fcsszelnek, 61 sz\u00e1zal\u00e9ka viszont \u00fagy v\u00e9li, hogy azokb\u00f3l a jogos\u00edtv\u00e1nyokb\u00f3l is vissza k\u00e9ne venni, amelyeket megkapott.<br \/>\n    A korm\u00e1nyf\u0151 szerint a gazdas\u00e1gi probl\u00e9m\u00e1k megold\u00e1s\u00e1ra a migr\u00e1ci\u00f3 nem v\u00e1lasz, a munkaer\u0151hi\u00e1ny migr\u00e1nsokkal val\u00f3 p\u00f3tl\u00e1sa olyan, mint amikor a haj\u00f3t\u00f6r\u00f6tt tengervizet iszik. &#8222;Az is v\u00edz, de tov\u00e1bb n\u00f6veli a bajt&#8221; &#8211; mondta. Hangs\u00falyozta, hogy a migr\u00e1nsok kult\u00far\u00e1ja \u00e9lesen szemben \u00e1ll az eur\u00f3pai kult\u00far\u00e1val. P\u00e9ldak\u00e9nt hozta fel, hogy m\u00edg az eur\u00f3pai kult\u00fara k\u00edv\u00e1natosnak tartja, hogy a f\u00e9rfiak \u00e9s a n\u0151k egyenrang\u00faak legyenek, az iszl\u00e1m kult\u00far\u00e1ban a n\u0151 al\u00e1rendelt a f\u00e9rfinak.<br \/>\n    A minisztereln\u00f6k arr\u00f3l is besz\u00e9lt, hogy a muszlim k\u00f6z\u00f6ss\u00e9gek a saj\u00e1t kult\u00far\u00e1jukat er\u0151sebbnek tekintik, mint a kereszt\u00e9ny kult\u00far\u00e1t. Az er\u0151sebb ez\u00e9rt soha nem fogja a gyeng\u00e9bbet mag\u00e1\u00e9v\u00e1 tenni. Az \u00e1tnevel\u00e9s \u00e9s az erre \u00e9p\u00fcl\u0151 integr\u00e1ci\u00f3 ez\u00e9rt nem lehet sikeres &#8211; v\u00e9lekedett Orb\u00e1n Viktor.<br \/>\n    &#8222;Sohasem lehet\u00fcnk szolid\u00e1risak olyan eszm\u00e9kkel, emberekkel \u00e9s n\u00e9pcsoportokkal, amelyek \u00e9ppen azt a c\u00e9lt t\u0171zik ki, hogy megv\u00e1ltoztass\u00e1k az eur\u00f3pai kult\u00far\u00e1t (&#8230;) Az eur\u00f3pai l\u00e9tez\u00e9s \u00e9s kult\u00fara c\u00e9ljaival ellent\u00e9tes csoportokkal \u00e9s eszm\u00e9kkel nem szabad szolid\u00e1risnak lenni, mert annak a v\u00e9geredm\u00e9nye az \u00f6sszeoml\u00e1s&#8221; &#8211; jelentette ki Orb\u00e1n Viktor.<\/p>\n<p>A Magyarorsz\u00e1got a szolidarit\u00e1s hi\u00e1ny\u00e1val v\u00e1dol\u00f3 n\u00e9met politikusoknak \u00fczenve a korm\u00e1nyf\u0151 lesz\u00f6gezte: Magyarorsz\u00e1g megv\u00e9dte saj\u00e1t mag\u00e1t, \u00e9s Eur\u00f3p\u00e1t is a migr\u00e1ns-inv\u00e1zi\u00f3val szemben, ami t\u00f6bb mint 260 milli\u00e1rd forintj\u00e1ba ker\u00fclt. &#8222;Az uni\u00f3 addig ne besz\u00e9ljen szolidarit\u00e1sr\u00f3l, am\u00edg a 250 milli\u00e1rd forintot, amivel nek\u00fcnk tartozik Eur\u00f3pa megv\u00e9d\u00e9s\u00e9\u00e9rt, nem fizette ki&#8221; &#8211; hangoztatta.<br \/>\n    R\u00e1mutatott: az emberek v\u00e9lem\u00e9ny\u00e9vel szemben Br\u00fcsszelben kialakult egy sz\u00f6vets\u00e9g, amelyben a br\u00fcsszeli b\u00fcrokr\u00e1cia elitje \u00e9s a Soros-birodalom vesz r\u00e9szt.<br \/>\n    Hozz\u00e1tette: l\u00e9tezik egy Soros-terv, ami n\u00e9gy pontb\u00f3l \u00e1ll, eszerint \u00e9vente be kell hozni egymilli\u00f3 migr\u00e1nst az uni\u00f3ba, mindenkinek kell adni 4,5 milli\u00f3 forint \u00e9rt\u00e9k\u0171 eur\u00f3t, a bev\u00e1ndorl\u00f3kat sz\u00e9t kell osztani az uni\u00f3 orsz\u00e1gai k\u00f6z\u00f6tt \u00e9s fel kell \u00e1ll\u00edtani egy eur\u00f3pai bev\u00e1ndorl\u00e1si \u00fcgyn\u00f6ks\u00e9get, amely elvenn\u00e9 a d\u00f6nt\u00e9si jogokat a migr\u00e1nsokat \u00e9rint\u0151 \u00fcgyekben a nemzet\u00e1llamokt\u00f3l.<br \/>\n    A minisztereln\u00f6k \u00fagy fogalmazott: ahhoz, hogy Eur\u00f3pa \u00e9lni tudjon, \u00e9s az eur\u00f3paiak\u00e9 maradjon, vissza kell nyernie szuverenit\u00e1s\u00e1t a Soros-birodalommal szemben \u00e9s ezut\u00e1n meg kell reform\u00e1lni az uni\u00f3t.<br \/>\n    &#8222;Eur\u00f3pa reformja nem kezd\u0151dhet m\u00e1ssal, mint azzal, hogy a migr\u00e1nsokat meg\u00e1ll\u00edtjuk \u00e9s a bev\u00e1ndorl\u00e1snak v\u00e9get vet\u00fcnk \u00e9s nemzeti hat\u00e1sk\u00f6rben \u00fajra mindenki megv\u00e9di a hat\u00e1rait. Ha ezen is t\u00falvagyunk, akkor k\u00f6z\u00f6s programmal vissza kell sz\u00e1ll\u00edtani a t\u00f6rv\u00e9nytelen\u00fcl Eur\u00f3p\u00e1ba \u00e9rkezett migr\u00e1nsokat valahova az Eur\u00f3pai Uni\u00f3 ter\u00fclet\u00e9n k\u00edv\u00fclre&#8221; &#8211; hangs\u00falyozta.<br \/>\n    Orb\u00e1n Viktor ki\u00e1llt amellett, hogy Szerbi\u00e1t min\u00e9l el\u0151bb fel kell venni az uni\u00f3 \u00e1llamai k\u00f6z\u00e9. Hangs\u00falyozta: t\u00f6rt\u00e9nelmi szerz\u0151d\u00e9sre van sz\u00fcks\u00e9g T\u00f6r\u00f6korsz\u00e1ggal \u00e9s Oroszorsz\u00e1ggal.<br \/>\n    Orb\u00e1n Viktor \u00fagy v\u00e9lekedett: Eur\u00f3p\u00e1ban a kereszt\u00e9nydemokrata p\u00e1rtok &#8222;elkereszt\u00e9nytelenedtek&#8221;, a liber\u00e1lis m\u00e9dia \u00e9s \u00e9rtelmis\u00e9g elv\u00e1r\u00e1sait teljes\u00edtik, a baloldali politika is elvesztette talaj\u00e1t.<br \/>\n    &#8222;Most k\u00e9sz\u00edtik Eur\u00f3p\u00e1t el\u0151 arra, hogy \u00e1tadja a ter\u00fclet\u00e9t egy \u00faj, kevert muszlimiz\u00e1lt Eur\u00f3p\u00e1nak&#8221; &#8211; \u00e1llap\u00edtotta \u00f6sszegz\u00e9sk\u00e9ppen a minisztereln\u00f6k. Ahhoz, hogy a ter\u00fclet &#8222;\u00e1tadhat\u00f3&#8221; legyen, jelenleg Eur\u00f3pa kereszt\u00e9nytelen\u00edt\u00e9se folytat\u00f3dik, a nemzeti identit\u00e1sok helyett a csoportidentit\u00e1soknak adnak els\u0151bbs\u00e9get \u00e9s a politikai korm\u00e1nyz\u00e1st a b\u00fcrokr\u00e1cia uralm\u00e1ra akarj\u00e1k lecser\u00e9lni &#8211; r\u00e9szletezte.<br \/>\n    Ez\u00e9rt lehet k\u00fcl\u00f6nleges a j\u00f6v\u0151 \u00e9vi magyarorsz\u00e1gi v\u00e1laszt\u00e1s is, hiszen Magyarorsz\u00e1g volt az, amely a V4-ek seg\u00edts\u00e9g\u00e9vel meg\u00e1ll\u00edtotta az Eur\u00f3p\u00e1ba \u00f6z\u00f6nl\u0151 migr\u00e1ns-inv\u00e1zi\u00f3t &#8211; jelezte.<br \/>\n    Orb\u00e1n Viktor megism\u00e9telte: am\u00edg \u0151 Magyarorsz\u00e1g minisztereln\u00f6ke, addig a ker\u00edt\u00e9s a hely\u00e9n marad \u00e9s hat\u00e1rokat meg fogja v\u00e9deni, ugyanakkor r\u00e1mutatott, az ellenz\u00e9k ny\u00edltan hirdeti, hogy hatalomra ker\u00fcl\u00e9se eset\u00e9n a ker\u00edt\u00e9st lebontja, egyet\u00e9rt a migr\u00e1nsok beenged\u00e9s\u00e9vel \u00e9s k\u00f6telez\u0151 sz\u00e9toszt\u00e1s\u00e1val, \u00e9s k\u00e9szen \u00e1ll arra, hogy Eur\u00f3p\u00e1t \u00e1tadja egy \u00faj, kevert \u00f6sszet\u00e9tel\u0171 j\u00f6v\u0151 sz\u00e1m\u00e1ra.<br \/>\n    A v\u00e1laszt\u00e1sok m\u00e1sik t\u00e9tj\u00e9t az az ellent\u00e9t adja, hogy az ellenz\u00e9k t\u00f6bb hatalmat adna Br\u00fcsszelnek, m\u00edg a Fidesz-KDNP sz\u00f6vets\u00e9g a &#8222;lopakodva, t\u00f6rv\u00e9nytelen\u00fcl elcsalt hat\u00e1sk\u00f6r\u00f6k&#8221; visszav\u00e9tel\u00e9re t\u00f6rekszik &#8211; mondta. A br\u00fcsszeli b\u00fcrokrat\u00e1k \u00e9s Soros Gy\u00f6rgy is abban \u00e9rdekeltek, hogy gyeng\u00edts\u00e9k K\u00f6z\u00e9p-Eur\u00f3p\u00e1t, amelyben akad\u00e1lyt l\u00e1tnak a Soros-terv v\u00e9grehajt\u00e1s\u00e1hoz. Vannak olyan er\u0151k Eur\u00f3p\u00e1ban, amelyek az\u00e9rt akarnak \u00faj korm\u00e1nyt Magyarorsz\u00e1g \u00e9l\u00e9n, mert ezzel tudn\u00e1k gyeng\u00edteni a V4-ket &#8211; jelezte.<br \/>\n    Orb\u00e1n Viktor kit\u00e9rt arra is: Magyarorsz\u00e1g Trianon \u00f3ta nem \u00e1llt olyan k\u00f6zel ahhoz, hogy \u00fajra er\u0151s \u00e9s vir\u00e1gz\u00f3 orsz\u00e1g legyen, de ha \u00fajra a glob\u00e1lis \u00e9rdekeket kiszolg\u00e1l\u00f3 korm\u00e1nya lesz, akkor ezt a t\u00f6rt\u00e9nelmi es\u00e9lyt megint \u00e9vtizedekre elvesz\u00edthetik a magyarok.<br \/>\n    A minisztereln\u00f6k el\u0151ad\u00e1sa elej\u00e9n felid\u00e9zte: 27 \u00e9ve m\u00e9g mindenki evidenci\u00e1nak tartotta, hogy mindenben hasonulni, igazodni kell az akkor megny\u00edl\u00f3 nyugati vil\u00e1ghoz \u00e9s csak kevesen gondolt\u00e1k azt, hogy a &#8222;vasf\u00fcgg\u00f6ny\u00f6n inneni&#8221; szabads\u00e1gharcosoknak is lehet mondanival\u00f3nk a Nyugat sz\u00e1mra. &#8222;27 \u00e9ve itt Kelet-Eur\u00f3p\u00e1ban abban hitt\u00fcnk, hogy Eur\u00f3pa a j\u00f6v\u0151nk. Most azt \u00e9rezz\u00fck, hogy mi vagyunk Eur\u00f3pa j\u00f6v\u0151je&#8221; &#8211; z\u00e1rta tusv\u00e1nyosi el\u0151ad\u00e1s\u00e1t Orb\u00e1n Viktor.<\/p><div id=\"gazda-1418220545\" class=\"gazda-tartalomban gazda-entity-placement\"><script async src=\"https:\/\/pagead2.googlesyndication.com\/pagead\/js\/adsbygoogle.js\"><\/script>\r\n<ins class=\"adsbygoogle\"\r\n     style=\"display:block\"\r\n     data-ad-format=\"fluid\"\r\n     data-ad-layout-key=\"-6t+ed+2i-1n-4w\"\r\n     data-ad-client=\"ca-pub-1959107119989764\"\r\n     data-ad-slot=\"4008251320\"><\/ins>\r\n<script>\r\n     (adsbygoogle = window.adsbygoogle || []).push({});\r\n<\/script><\/div>\n","protected":false},"excerpt":{"rendered":"<p>A magyarorsz\u00e1gi v\u00e1laszt\u00e1soknak most eur\u00f3pai t\u00e9tje is van: ennek kimenetel\u00e9t\u0151l f\u00fcgg, hogy v\u00e9gre tudj\u00e1k-e hajtani a Soros-tervet, le tudj\u00e1k-e bontani a ker\u00edt\u00e9st &#8211; hangs\u00falyozta Orb\u00e1n Viktor szombaton Tusn\u00e1df\u00fcrd\u0151n, a 28. B\u00e1lv\u00e1nyosi Ny\u00e1ri Szabadegyetem \u00e9s Di\u00e1kt\u00e1bor z\u00e1r\u00f3napj\u00e1n tartott el\u0151ad\u00e1s\u00e1ban.<\/p>\n","protected":false},"author":1,"featured_media":0,"comment_status":"closed","ping_status":"open","sticky":false,"template":"","format":"standard","meta":[],"categories":[4,18],"tags":[],"_links":{"self":[{"href":"https:\/\/gazdasagportal.hu\/index.php\/wp-json\/wp\/v2\/posts\/95679"}],"collection":[{"href":"https:\/\/gazdasagportal.hu\/index.php\/wp-json\/wp\/v2\/posts"}],"about":[{"href":"https:\/\/gazdasagportal.hu\/index.php\/wp-json\/wp\/v2\/types\/post"}],"author":[{"embeddable":true,"href":"https:\/\/gazdasagportal.hu\/index.php\/wp-json\/wp\/v2\/users\/1"}],"replies":[{"embeddable":true,"href":"https:\/\/gazdasagportal.hu\/index.php\/wp-json\/wp\/v2\/comments?post=95679"}],"version-history":[{"count":1,"href":"https:\/\/gazdasagportal.hu\/index.php\/wp-json\/wp\/v2\/posts\/95679\/revisions"}],"predecessor-version":[{"id":95680,"href":"https:\/\/gazdasagportal.hu\/index.php\/wp-json\/wp\/v2\/posts\/95679\/revisions\/95680"}],"wp:attachment":[{"href":"https:\/\/gazdasagportal.hu\/index.php\/wp-json\/wp\/v2\/media?parent=95679"}],"wp:term":[{"taxonomy":"category","embeddable":true,"href":"https:\/\/gazdasagportal.hu\/index.php\/wp-json\/wp\/v2\/categories?post=95679"},{"taxonomy":"post_tag","embeddable":true,"href":"https:\/\/gazdasagportal.hu\/index.php\/wp-json\/wp\/v2\/tags?post=95679"}],"curies":[{"name":"wp","href":"https:\/\/api.w.org\/{rel}","templated":true}]}}