{"id":95667,"date":"2017-07-22T11:58:04","date_gmt":"2017-07-22T09:58:04","guid":{"rendered":"http:\/\/gazdasagportal.hu\/?p=95667"},"modified":"2017-07-21T21:58:53","modified_gmt":"2017-07-21T19:58:53","slug":"a-digi-megvasarolja-az-invitel-lakossagi-uzletagat","status":"publish","type":"post","link":"https:\/\/gazdasagportal.hu\/index.php\/a-digi-megvasarolja-az-invitel-lakossagi-uzletagat\/","title":{"rendered":"A Digi megv\u00e1s\u00e1rolja az Invitel lakoss\u00e1gi \u00fczlet\u00e1g\u00e1t"},"content":{"rendered":"<p><strong>A Digi T\u00e1vk\u00f6zl\u00e9si Zrt. megv\u00e1s\u00e1rolja az Invitel csoport lakoss\u00e1gi \u00e9s kisv\u00e1llalati \u00fczlet\u00e1g\u00e1t, az Invitel T\u00e1vk\u00f6zl\u00e9si Zrt.-t &#8211; k\u00f6z\u00f6lte az Invitel p\u00e9nteken.<\/strong><!--more--><\/p>\n<div class=\"ads-in-post1\"><div id=\"gazdasagportal.hu_fullbanner_wideboard\"><\/div>\r\n<\/div>\n<p>    A k\u00f6zlem\u00e9ny szerint az Invitel csoport, a tov\u00e1bbiakban Invitech Solutions a j\u00f6v\u0151ben az \u00fczleti IT \u00e9s telco (telekommunik\u00e1ci\u00f3s c\u00e9g) infrastrukt\u00fara piac\u00e1ra f\u00f3kusz\u00e1l.<br \/>\n    A felek mintegy 43 milli\u00e1rd forintos v\u00e9tel\u00e1rban \u00e1llapodtak meg. A tranzakci\u00f3 kulcseleme egy hossz\u00fa t\u00e1v\u00fa egy\u00fcttm\u0171k\u00f6d\u00e9si meg\u00e1llapod\u00e1s, amely szerint az Invitech Solutions h\u00e1l\u00f3zati \u00e9s IT szolg\u00e1ltat\u00e1sokat ny\u00fajt a Digi sz\u00e1m\u00e1ra, minimum \u00e9ves 2,8 milli\u00e1rd forint \u00e9rt\u00e9kben, legal\u00e1bb t\u00edz \u00e9vig. Az Invitech Solutions hasonl\u00f3 id\u0151tartam alatt szint\u00e9n h\u00e1l\u00f3zati szolg\u00e1ltat\u00e1sokat ig\u00e9nyel a Digi csoportt\u00f3l, \u00e9ves szinten \u00e1tlagosan 500 milli\u00f3 forint \u00e9rt\u00e9kben &#8211; \u00e1ll a k\u00f6zlem\u00e9nyben.<br \/>\n    Az Invitel Zrt. \u00e9ves \u00e1rbev\u00e9tele 26 milli\u00e1rd forint, EBITDA-ja (ad\u00f3z\u00e1s \u00e9s \u00e9rt\u00e9kcs\u00f6kkent\u00e9si le\u00edr\u00e1s el\u0151tti eredm\u00e9nye) 7 milli\u00e1rd forint.<br \/>\n    A tranzakci\u00f3 a sz\u00fcks\u00e9ges versenyhat\u00f3s\u00e1gi hozz\u00e1j\u00e1rul\u00e1sok megszerz\u00e9s\u00e9t k\u00f6vet\u0151en z\u00e1rul, v\u00e1rhat\u00f3an a j\u00f6v\u0151 \u00e9v els\u0151 negyed\u00e9v\u00e9ben.<br \/>\n    A Nemzeti M\u00e9dia- \u00e9s H\u00edrk\u00f6zl\u00e9si Hat\u00f3s\u00e1g honlapj\u00e1n tal\u00e1lhat\u00f3 kutat\u00e1s adatai szerint id\u00e9n m\u00e1jusban a vezet\u00e9kestelefon-piacon a Digi 11,9, az Invitel pedig 12,3 sz\u00e1zal\u00e9kos piaci r\u00e9szesed\u00e9ssel rendelkezett, m\u00edg a vezet\u00e9kes internet-el\u0151fizet\u00e9sekn\u00e9l a Diginek 16,0, az Invitelnek 9,1 sz\u00e1zal\u00e9kos r\u00e9szesed\u00e9se volt. A telev\u00edzi\u00f3m\u0171sor-terjeszt\u00e9si piacon a Digi\u00e9 volt az el\u0151fizet\u00e9sek a 25,4, az Invitel\u00e9 pedig 4,8 sz\u00e1zal\u00e9ka.<br \/>\n    Az Invitel csoport tulajdonosa a China-CEE Alap az \u00fcgyletb\u0151l sz\u00e1rmaz\u00f3 p\u00e9nz\u00f6sszeget az Invitech Solutions fejleszt\u00e9s\u00e9re ford\u00edtja, elk\u00f6telezett a magyar piac ir\u00e1nt. Az alap az id\u00e9n vette meg a csoportot, amelynek \u00e9rt\u00e9k\u00e9t 63 milli\u00e1rd forintban hat\u00e1rozt\u00e1k meg. A csoport \u00e9ves konszolid\u00e1lt \u00e1rbev\u00e9tele mintegy 45 milli\u00e1rd forint, EBITDA-ja 14 milli\u00e1rd forint. A c\u00e9gcsoportn\u00e1l mintegy 1200-an dolgoznak &#8211; k\u00f6z\u00f6lt\u00e9k az \u00fcgylet bejelent\u00e9sekor.<br \/>\n    David Blunck, az Invitel Csoport vez\u00e9rigazgat\u00f3ja azt emelte ki, hogy az elm\u00falt \u00e9vekben majdnem h\u00e1romszoros\u00e1ra b\u0151v\u00edtett\u00e9k h\u00e1l\u00f3zatukon a szupergyors internettel el\u00e9rt h\u00e1ztart\u00e1sok ar\u00e1ny\u00e1t \u00e9s folyamatosan n\u00f6velt\u00e9k t\u00e9v\u00e9piaci r\u00e9szesed\u00e9s\u00fcket.<br \/>\n    David Blunck \u00e9s Javorniczky \u00c1ron, a csoport operat\u00edv vezet\u0151je az Invitech Solutions jelenlegi, mintegy 24 milli\u00e1rd forintos \u00e1rbev\u00e9tel\u00e9nek megdupl\u00e1z\u00e1s\u00e1t tervezi &#8211; \u00e1ll a k\u00f6zlem\u00e9nyben, amely szerint az IT kompetenci\u00e1k sz\u00e9les\u00edt\u00e9s\u00e9t, illetve az orsz\u00e1gos optikai h\u00e1l\u00f3zat b\u0151v\u00edt\u00e9s\u00e9t saj\u00e1t fejleszt\u00e9sekkel \u00e9s akviz\u00edci\u00f3kon kereszt\u00fcl k\u00edv\u00e1nj\u00e1k el\u00e9rni.<br \/>\n    &#8222;Nagyon \u00f6r\u00fcl\u00fcnk annak, hogy az Invitel megv\u00e1s\u00e1rl\u00e1s\u00e1val tov\u00e1bb n\u00f6vekedhet\u00fcnk Magyarorsz\u00e1gon. Ez a strat\u00e9giai befektet\u00e9s lehet\u0151v\u00e9 teszi sz\u00e1munkra, hogy jelent\u0151sen kiterjessz\u00fck szolg\u00e1ltat\u00e1si ter\u00fclet\u00fcnket&#8221; &#8211; id\u00e9zte a k\u00f6zlem\u00e9ny Serghei Bulgacot, a Digi Csoport (Digi Communications N.V.) vez\u00e9rigazgat\u00f3j\u00e1t.<br \/>\n    A Hollandi\u00e1ban bejegyzett, a bukaresti t\u0151zsd\u00e9re bevezetett Digi Communications az anyav\u00e1llalata egyebek mellett a rom\u00e1niai RCS \u00e9s RDS-nek, valamint a Digi Magyarorsz\u00e1gnak, a rom\u00e1n \u00e9s a magyar t\u00e1vk\u00f6zl\u00e9si piac meghat\u00e1roz\u00f3 szerepl\u0151inek. Az anyav\u00e1llalat t\u00f6bbs\u00e9gi tulajdonosa a nagyv\u00e1radi Tesz\u00e1ri Zolt\u00e1n \u00fczletember.<br \/>\n    Tavaly 11,8 milli\u00f3 eur\u00f3ra n\u0151tt a Digi Communications ad\u00f3z\u00e1s ut\u00e1ni nyeres\u00e9ge az el\u0151z\u0151 \u00e9vi 4 milli\u00f3 eur\u00f3hoz k\u00e9pest, ugyanakkor a c\u00e9g hossz\u00fa t\u00e1v\u00fa ad\u00f3ss\u00e1g\u00e1llom\u00e1nya is 13,7 sz\u00e1zal\u00e9kkal, 746,4 milli\u00f3 eur\u00f3ra emelkedett.<br \/>\n    A magyar le\u00e1nyc\u00e9g \u00e9ves bev\u00e9tele tavaly mintegy 4,2 milli\u00e1rd forint volt az el\u0151z\u0151 \u00e9v 3,5 milli\u00e1rdos bev\u00e9tel\u00e9t k\u00f6vet\u0151en. Ad\u00f3zott eredm\u00e9nye 2016-ban 2,4 milli\u00f3 forint volt.<br \/>\n(MTI)<\/p>\n","protected":false},"excerpt":{"rendered":"<p>A Digi T\u00e1vk\u00f6zl\u00e9si Zrt. megv\u00e1s\u00e1rolja az Invitel csoport lakoss\u00e1gi \u00e9s kisv\u00e1llalati \u00fczlet\u00e1g\u00e1t, az Invitel T\u00e1vk\u00f6zl\u00e9si Zrt.-t &#8211; k\u00f6z\u00f6lte az Invitel p\u00e9nteken.<\/p>\n","protected":false},"author":1,"featured_media":0,"comment_status":"closed","ping_status":"open","sticky":false,"template":"","format":"standard","meta":[],"categories":[19],"tags":[],"_links":{"self":[{"href":"https:\/\/gazdasagportal.hu\/index.php\/wp-json\/wp\/v2\/posts\/95667"}],"collection":[{"href":"https:\/\/gazdasagportal.hu\/index.php\/wp-json\/wp\/v2\/posts"}],"about":[{"href":"https:\/\/gazdasagportal.hu\/index.php\/wp-json\/wp\/v2\/types\/post"}],"author":[{"embeddable":true,"href":"https:\/\/gazdasagportal.hu\/index.php\/wp-json\/wp\/v2\/users\/1"}],"replies":[{"embeddable":true,"href":"https:\/\/gazdasagportal.hu\/index.php\/wp-json\/wp\/v2\/comments?post=95667"}],"version-history":[{"count":1,"href":"https:\/\/gazdasagportal.hu\/index.php\/wp-json\/wp\/v2\/posts\/95667\/revisions"}],"predecessor-version":[{"id":95668,"href":"https:\/\/gazdasagportal.hu\/index.php\/wp-json\/wp\/v2\/posts\/95667\/revisions\/95668"}],"wp:attachment":[{"href":"https:\/\/gazdasagportal.hu\/index.php\/wp-json\/wp\/v2\/media?parent=95667"}],"wp:term":[{"taxonomy":"category","embeddable":true,"href":"https:\/\/gazdasagportal.hu\/index.php\/wp-json\/wp\/v2\/categories?post=95667"},{"taxonomy":"post_tag","embeddable":true,"href":"https:\/\/gazdasagportal.hu\/index.php\/wp-json\/wp\/v2\/tags?post=95667"}],"curies":[{"name":"wp","href":"https:\/\/api.w.org\/{rel}","templated":true}]}}